{"id":3444,"date":"2023-11-30T14:02:47","date_gmt":"2023-11-30T13:02:47","guid":{"rendered":"https:\/\/pasaenmendoza.com\/?p=3444"},"modified":"2023-11-30T14:02:48","modified_gmt":"2023-11-30T13:02:48","slug":"el-evento-de-marketing-digital-y-redes-mas-importante-llega-a-mendoza","status":"publish","type":"post","link":"https:\/\/pasaenmendoza.com\/?p=3444","title":{"rendered":"El evento de marketing digital y redes m\u00e1s importante llega a Mendoza"},"content":{"rendered":"\n<p>El 5 de diciembre se realiza una nueva edici\u00f3n del &#8220;Social Media Day&#8221; enfocada en uno de los temas m\u00e1s relevantes de los \u00faltimos tiempos para el universo de los medios de comunicaci\u00f3n, las redes sociales y que es transversal a cualquier actividad.<\/p>\n\n\n\n<p>El evento que desde hace a\u00f1os aborda tem\u00e1ticas vinculadas tendencias digitales, en esta oportunidad se centrar\u00e1 de Inteligencia Artificial y su impacto en las estrategias de marketing, nuevas plataformas y el poder del streaming, las oportunidades vinculadas al social commerce y tendencias digitales en medios, entre otros temas.<\/p>\n\n\n\n<p>As\u00ed, el Social Media Day se ha posicionado como el evento de tendencias e innovaci\u00f3n en medios sociales m\u00e1s federal de la Argentina, con ediciones en Buenos Aires y las ciudades m\u00e1s importantes del mapa nacional.<\/p>\n\n\n\n<p>Se trata de uno de los encuentros de referencia en la industria digital y se ha llevado a cabo en las ciudades de Buenos Aires, C\u00f3rdoba, Rosario, Paran\u00e1, Salta, Jujuy, Madryn, Corrientes, Mar del Plata, Comodoro Rivadavia, Neuqu\u00e9n, Bah\u00eda Blanca, Salta, Jujuy, Corrientes y de manera virtual para todo el pa\u00eds, convocando a miles de personas y a las mejores marcas para abordar las tendencias digitales.<\/p>\n\n\n\n<p>En esta ocasi\u00f3n contar\u00e1 con la participaci\u00f3n de destacados oradores, como: Mar\u00eda Sol Beldi, CEO Latam en DigitalProserver; Julieta Lopez, Head of Brand en Naranja X; Mar\u00eda Natalia Ruiz Roque, Content Team Lead en Naranja X; Camila Baxter, Account Manager en Google; Ignacio Dufour, Senio Sales Manager Southern Cone en Comscore; Federico Faraz, Fashion influencer | Architect | QA Manual | Full Stack Developer; Rodrigo Acevedo, Business Development | CFO | Fintech; Gabriela Sabio, Directora M\u00e9dico Asistencial de Fundaci\u00f3n CONIN; Victor Chirillo, CEO en BUPPA, especialista en marketing estrat\u00e9gico, entre otros.<\/p>\n\n\n\n<p>Tambi\u00e9n ser\u00e1n parte Rosana Conte Ceschi, Directora de Marketing Mendoza Post, docente universitaria, periodista; Leonardo Rearte, Prosecretario de Redacci\u00f3n en Diario Los Andes; Juan Quibar, Director Grupo Am\u00e9rica; Jennifer Saade, Directora, Editora, Periodista en VisionTres.com; Flor Dibattista, Creadora de Flor de Bodegas en Flor de Bodegas.<\/p>\n\n\n\n<p>Cronograma completo<\/p>\n\n\n\n<p>09:00 hs &#8211; Acreditaci\u00f3n<\/p>\n\n\n\n<p>09:50 hs &#8211; Bienvenida a cargo de Adriana Bustamante, Diego Piscitelli y Esteban Costamangna<\/p>\n\n\n\n<p>10:00 hs &#8211; &#8220;Descubriendo Insights y formatos eficaces en las redes sociales de Argentina&#8221; Ignacio Dufour &#8211; Comscore<\/p>\n\n\n\n<p>10:20 hs &#8211; &#8220;El impacto de la inteligencia artificial (IA) en la generaci\u00f3n del contenido&#8221; Mar\u00eda Sol Beldi &#8211; Digitalproserver<\/p>\n\n\n\n<p>10:40 hs &#8211; &#8220;El rol de marca en estrategia Social Media&#8221; Mar\u00eda Natalia Ruiz Roque y Julieta Lopez &#8211; NaranjaX<\/p>\n\n\n\n<p>11:00 hs &#8211; Panel de Tendencias Digitales en Medios &#8211; Leonardo Rearte, Juan Quibar y Rosana Conte Ceschi<\/p>\n\n\n\n<p>11:30 hs &#8211; &#8220;Inteligencia artificial: creando la cara del hambre junto a Conin&#8221; &#8211; Gabriela Sabio y Victor Chirillo<\/p>\n\n\n\n<p>11:50 hs &#8211; &#8220;M\u00e1s all\u00e1 del click: Estrategias multicanal para potenciar las Inversiones&#8221; &#8211; Rodrigo Acevedo &#8211; Ohana<\/p>\n\n\n\n<p>12:10 hs &#8211; &#8220;Tendencias y creatividades en YouTube Shorts&#8221; Camila Baxter &#8211; Google<\/p>\n\n\n\n<p>12:30 hs &#8211; Panel de Creadores de contenidos , herramientas, desaf\u00edos y oportunidades del ecosistema local &#8211; Jennifer Saade, Mat\u00edas Valencia y Federico Faraz. Modera Rosana Conte Ceschi<\/p>\n\n\n\n<p>13:00 hs &#8211; Cierre<\/p>\n\n\n\n<p>Inscripciones y beneficios<\/p>\n\n\n\n<p>Destinado a todo p\u00fablico en conocer las tendencias digitales del momento, contar\u00e1 con Becas para estudiantes del 50 %, para adquirir el c\u00f3digo de descuento deber\u00e1n enviar comprobante de alumno regular a contacto@smday.com.ar.<\/p>\n\n\n\n<p>M\u00e1s info e inscripci\u00f3n:\u00a0https:\/\/smday.com.ar\/mendoza\/<\/p>\n\n\n\n<p><strong>Fuente: www.mendozapost.com<\/strong><\/p>\n","protected":false},"excerpt":{"rendered":"<p>El 5 de diciembre se realiza una nueva edici\u00f3n del &#8220;Social Media Day&#8221; enfocada en uno de los temas m\u00e1s relevantes de los \u00faltimos tiempos para el universo de los medios de comunicaci\u00f3n, las redes sociales y que es transversal a cualquier actividad. El evento que desde hace a\u00f1os aborda tem\u00e1ticas vinculadas tendencias digitales, en [&hellip;]<\/p>\n","protected":false},"author":2,"featured_media":3447,"comment_status":"open","ping_status":"open","sticky":false,"template":"","format":"standard","meta":[],"categories":[58],"tags":[],"_links":{"self":[{"href":"https:\/\/pasaenmendoza.com\/index.php?rest_route=\/wp\/v2\/posts\/3444"}],"collection":[{"href":"https:\/\/pasaenmendoza.com\/index.php?rest_route=\/wp\/v2\/posts"}],"about":[{"href":"https:\/\/pasaenmendoza.com\/index.php?rest_route=\/wp\/v2\/types\/post"}],"author":[{"embeddable":true,"href":"https:\/\/pasaenmendoza.com\/index.php?rest_route=\/wp\/v2\/users\/2"}],"replies":[{"embeddable":true,"href":"https:\/\/pasaenmendoza.com\/index.php?rest_route=%2Fwp%2Fv2%2Fcomments&post=3444"}],"version-history":[{"count":1,"href":"https:\/\/pasaenmendoza.com\/index.php?rest_route=\/wp\/v2\/posts\/3444\/revisions"}],"predecessor-version":[{"id":3448,"href":"https:\/\/pasaenmendoza.com\/index.php?rest_route=\/wp\/v2\/posts\/3444\/revisions\/3448"}],"wp:featuredmedia":[{"embeddable":true,"href":"https:\/\/pasaenmendoza.com\/index.php?rest_route=\/wp\/v2\/media\/3447"}],"wp:attachment":[{"href":"https:\/\/pasaenmendoza.com\/index.php?rest_route=%2Fwp%2Fv2%2Fmedia&parent=3444"}],"wp:term":[{"taxonomy":"category","embeddable":true,"href":"https:\/\/pasaenmendoza.com\/index.php?rest_route=%2Fwp%2Fv2%2Fcategories&post=3444"},{"taxonomy":"post_tag","embeddable":true,"href":"https:\/\/pasaenmendoza.com\/index.php?rest_route=%2Fwp%2Fv2%2Ftags&post=3444"}],"curies":[{"name":"wp","href":"https:\/\/api.w.org\/{rel}","templated":true}]}}