{"id":3452,"date":"2023-11-30T14:18:06","date_gmt":"2023-11-30T13:18:06","guid":{"rendered":"https:\/\/pasaenmendoza.com\/?p=3452"},"modified":"2023-11-30T14:18:07","modified_gmt":"2023-11-30T13:18:07","slug":"imputaron-tentativa-de-femicidio-al-hombre-que-habria-prendido-fuego-a-su-pareja","status":"publish","type":"post","link":"https:\/\/pasaenmendoza.com\/?p=3452","title":{"rendered":"Imputaron tentativa de femicidio al hombre que habr\u00eda prendido fuego a su pareja"},"content":{"rendered":"\n<p><strong>Javier Correa<\/strong>, el hombre de 27 a\u00f1os que se entreg\u00f3 ante las autoridades por estar sospechado de prender fuego a su pareja durante la madrugada del lunes en&nbsp;<strong>San Rafael<\/strong>,<mark>&nbsp;fue imputado este mi\u00e9rcoles por femicidio en grado de tentativa.<\/mark>&nbsp;As\u00ed lo defini\u00f3 el fiscal de la causa,&nbsp;<strong>Iv\u00e1n \u00c1balos<\/strong>, quien inici\u00f3 los primeros trabajos como un caso de violencia de g\u00e9nero.<\/p>\n\n\n\n<p>La mujer fue trasladada el mismo d\u00eda del hecho en un helic\u00f3ptero sanitario de la Polic\u00eda al&nbsp;<strong>Hospital Lagomaggiore<\/strong>&nbsp;y qued\u00f3 internada con pron\u00f3stico reservado. Un informe m\u00e9dico revel\u00f3 que presenta casi el 50% de su cuerpo quemado.&nbsp;<\/p>\n\n\n\n<p><mark>El se\u00f1alado agresor se entreg\u00f3 en una dependencia de la localidad<strong>\u00a0Las Paredes<\/strong>\u00a0horas despu\u00e9s de que comenzara a ser buscado por la polic\u00eda.<\/mark><\/p>\n\n\n\n<p>Con el avance del an\u00e1lisis de las pruebas, tanto documentales como testimoniales, el representante del Ministerio P\u00fablico formaliz\u00f3 la acusaci\u00f3n por<strong>\u00a0homicidio agravado por el v\u00ednculo en grado de tentativa<\/strong>, siempre en el contexto de violencia de g\u00e9nero, delito que no es excarcelable porque prev\u00e9 hasta 15 a\u00f1os de c\u00e1rcel. Luego del acto procesal, se orden\u00f3 que pase al penal.<\/p>\n\n\n\n<p><strong>El brutal episodio\u00a0ocurrido en San Rafael<\/strong><\/p>\n\n\n\n<p>Todo ocurri\u00f3 en una vivienda ubicada por&nbsp;<strong>Callej\u00f3n Los \u00c1ngeles<\/strong>&nbsp;y&nbsp;<strong>Mu\u00f1oz<\/strong>, en el Sur provincial. La v\u00edctima mand\u00f3 a sus hijas a dormir a sus habitaciones y, minutos despu\u00e9s, se despertaron sobresaltadas por los intensos pedidos de ayuda de la mujer.&nbsp;<\/p>\n\n\n\n<p>Al salir del cuarto, vieron a su madre envuelta en llamas en el sector del comedor. Inmediatamente, se comunicaron con la l\u00ednea de emergencias y una ambulancia arrib\u00f3 al domicilio para trasladarla al\u00a0<strong>Hospital Schestakow<\/strong>.<\/p>\n\n\n\n<p>All\u00ed, los m\u00e9dicos diagnosticaron que presentaba quemaduras en casi todo el cuerpo y explicaron que su estado revest\u00eda gravedad.<\/p>\n\n\n\n<p>Ese mismo d\u00eda fue trasladada al Hospital Lagomaggiore. Fuentes m\u00e9dicas informaron que Vanesa se encontraba este mi\u00e9rcoles\u00a0<em>\u201cintubada con respiraci\u00f3n asistida, hemodin\u00e1micamente estable y con quemaduras en torso (t\u00f3rax) y miembros superiores (ambos brazos y parte del cuello) de tipo A y AB\u201d.<\/em><\/p>\n\n\n\n<p><strong>Fuente: www.elsol.com.ar<\/strong><\/p>\n","protected":false},"excerpt":{"rendered":"<p>Javier Correa, el hombre de 27 a\u00f1os que se entreg\u00f3 ante las autoridades por estar sospechado de prender fuego a su pareja durante la madrugada del lunes en&nbsp;San Rafael,&nbsp;fue imputado este mi\u00e9rcoles por femicidio en grado de tentativa.&nbsp;As\u00ed lo defini\u00f3 el fiscal de la causa,&nbsp;Iv\u00e1n \u00c1balos, quien inici\u00f3 los primeros trabajos como un caso de [&hellip;]<\/p>\n","protected":false},"author":2,"featured_media":3453,"comment_status":"open","ping_status":"open","sticky":false,"template":"","format":"standard","meta":[],"categories":[48],"tags":[],"_links":{"self":[{"href":"https:\/\/pasaenmendoza.com\/index.php?rest_route=\/wp\/v2\/posts\/3452"}],"collection":[{"href":"https:\/\/pasaenmendoza.com\/index.php?rest_route=\/wp\/v2\/posts"}],"about":[{"href":"https:\/\/pasaenmendoza.com\/index.php?rest_route=\/wp\/v2\/types\/post"}],"author":[{"embeddable":true,"href":"https:\/\/pasaenmendoza.com\/index.php?rest_route=\/wp\/v2\/users\/2"}],"replies":[{"embeddable":true,"href":"https:\/\/pasaenmendoza.com\/index.php?rest_route=%2Fwp%2Fv2%2Fcomments&post=3452"}],"version-history":[{"count":1,"href":"https:\/\/pasaenmendoza.com\/index.php?rest_route=\/wp\/v2\/posts\/3452\/revisions"}],"predecessor-version":[{"id":3454,"href":"https:\/\/pasaenmendoza.com\/index.php?rest_route=\/wp\/v2\/posts\/3452\/revisions\/3454"}],"wp:featuredmedia":[{"embeddable":true,"href":"https:\/\/pasaenmendoza.com\/index.php?rest_route=\/wp\/v2\/media\/3453"}],"wp:attachment":[{"href":"https:\/\/pasaenmendoza.com\/index.php?rest_route=%2Fwp%2Fv2%2Fmedia&parent=3452"}],"wp:term":[{"taxonomy":"category","embeddable":true,"href":"https:\/\/pasaenmendoza.com\/index.php?rest_route=%2Fwp%2Fv2%2Fcategories&post=3452"},{"taxonomy":"post_tag","embeddable":true,"href":"https:\/\/pasaenmendoza.com\/index.php?rest_route=%2Fwp%2Fv2%2Ftags&post=3452"}],"curies":[{"name":"wp","href":"https:\/\/api.w.org\/{rel}","templated":true}]}}