{"id":3458,"date":"2023-12-01T13:05:33","date_gmt":"2023-12-01T12:05:33","guid":{"rendered":"https:\/\/pasaenmendoza.com\/?p=3458"},"modified":"2023-12-01T13:05:34","modified_gmt":"2023-12-01T12:05:34","slug":"que-les-pidio-javier-milei-a-sus-diputados-por-mendoza-que-van-al-congreso","status":"publish","type":"post","link":"https:\/\/pasaenmendoza.com\/?p=3458","title":{"rendered":"Qu\u00e9 les pidi\u00f3 Javier Milei a sus diputados por Mendoza que van al Congreso"},"content":{"rendered":"\n<p>Lourdes Arrieta, diputada nacional electa de La Libertad Avanza, dialog\u00f3 con MDZ Radio y cont\u00f3 los detalles sobre la reuni\u00f3n que mantuvo Javier Milei con los legisladores de LLA este mi\u00e9rcoles.<\/p>\n\n\n\n<p>El presidente electo,\u00a0<strong>Javier Milei<\/strong>, recibi\u00f3 este mi\u00e9rcoles a los legisladores electos de\u00a0<strong>La Libertad Avanza<\/strong>\u00a0para iniciar conversaciones sobre la agenda parlamentaria de cara a las sesiones extraordinarias\u00a0que convocar\u00e1 a partir del 10 de diciembre, en tanto contin\u00faan las negociaciones por la Presidencia Provisional del Senado y la titularidad de la\u00a0<strong>C\u00e1mara de Diputados<\/strong>. Cada C\u00e1mara tuvo su propia reuni\u00f3n para debatir y planificar los proyectos a realizar durante el primer mes del Gobierno libertario.<\/p>\n\n\n\n<p><strong>Lourdes Arrieta<\/strong>, diputada nacional electa de\u00a0<strong>La Libertad Avanza<\/strong>, explic\u00f3 a\u00a0detalle\u00a0los temas que se trataron en la cumbre de la C\u00e1mara baja junto con el presidente electo. La legisladora mendocina coment\u00f3 que\u00a0&#8220;b\u00e1sicamente se trat\u00f3 el viaje a Estados Unidos, donde aparentemente habr\u00eda un muy buen apoyo desde la presidencia.\u00a0<strong>Javier Milei<\/strong>\u00a0es el primer presidente electo en la historia argentina que es recibido en la Casa Blanca. Despu\u00e9s,\u00a0debatimos los lineamientos que vamos a seguir como el bloque de\u00a0<strong>La Libertad de Avanza<\/strong>\u00a0en la\u00a0<strong>C\u00e1mara de Diputados<\/strong>. Se discuti\u00f3 c\u00f3mo vamos a desempe\u00f1arnos, por sobre todo este diciembre que es un mes\u00a0cr\u00edtico para todos, a trav\u00e9s de\u00a0la crisis econ\u00f3mica en\u00a0la que estamos\u00a0sumergidos. Buscaremos apoyar desde el espacio\u00a0las reformas que plantea\u00a0<strong>Javier Milei<\/strong>\u00a0para este mes de diciembre&#8221;.<\/p>\n\n\n\n<p>La agenda legislativa del presidente electo pretende llevar adelante un programa de reformas estructurales que necesitan la aprobaci\u00f3n del Congreso de la Naci\u00f3n.\u00a0<strong>La Libertad Avanza<\/strong>\u00a0es una fuerza minoritaria en el Congreso, ya que cuenta con 38 representantes en la C\u00e1mara baja y solo 7 en la C\u00e1mara alta. Arrieta coment\u00f3 que &#8220;las conversaciones con otros espacios est\u00e1n, no hay nada definido por el momento, pero creemos que, si todos somos argentinos\u00a0que amamos nuestra patria y amamos a nuestro pr\u00f3jimo, desde los otros espacios van a entender y apoyar la decisi\u00f3n popular y\u00a0el programa\u00a0econ\u00f3mico de\u00a0<strong>Javier Milei<\/strong>&#8220;.<\/p>\n\n\n\n<p>Dentro de las discusiones, aparece la duda sobre\u00a0c\u00f3mo se va a repartir el poder, principalmente de\u00a0la\u00a0<strong>C\u00e1mara de Diputados<\/strong>, respecto a las autoridades de la C\u00e1mara:\u00a0&#8220;En lo personal, a m\u00ed me gustar\u00eda que sea un libertario en nuestro espacio. De todos modos, nosotros apoyamos como\u00a0<strong>La Libertad Avanza<\/strong>\u00a0a todas los consensos que puedan haber en pos de Argentina y lo que tambi\u00e9n pueda considerar\u00a0<strong>Javier Milei<\/strong>. Actualmente se barajan nombres, son negociaciones, consensos, por ahora todo est\u00e1 en suspenso. Desde\u00a0<strong>La Libertad Avanza<\/strong>\u00a0apoyamos\u00a0firmemente\u00a0lo que decidamos en bloque junto a nuestro presidente&#8221;.<\/p>\n\n\n\n<p>Adem\u00e1s, la diputada electa admiti\u00f3 que&nbsp;&#8220;me gustar\u00eda trabajar&nbsp;desde la Comisi\u00f3n de Defensa de Interior y tambi\u00e9n de Econom\u00edas Regionales&#8221;, esto es ya que existe la posibilidad de que cada legislador pueda elegir en&nbsp;qu\u00e9 comisi\u00f3n de la C\u00e1mara quiere desempe\u00f1ar su labor. Y continu\u00f3 explicando el motivo:&nbsp;&#8220;Esto es sobre todo para pugnar por la producci\u00f3n de&nbsp;Mendoza y llevar proyectos que puedan contribuir. Aclaro, no soy economista, pero s\u00ed tengo un equipo preparado, m\u00e1s el equipo de&nbsp;<strong>Javier Milei<\/strong>, los cu\u00e1les me van a ayudar y asesorar&nbsp;sobre todo para&nbsp;tender lazos entre&nbsp;Naci\u00f3n y los productores mendocinos&#8221;.<\/p>\n\n\n\n<p>En el marco de sus declaraciones,&nbsp;<strong>Lourdes Arrieta<\/strong>&nbsp;fue consultada por c\u00f3mo administrar\u00e1 su agenda legislativa de cara a cumplir los trabajos propuestos tanto a nivel nacional, como provincial: &#8220;La idea es ir y venir en lo posible. Por el momento, a los del interior nos cuesta m\u00e1s el tema del alojamiento. Es caro vivir en Buenos Aires, a muchos les resulta inc\u00f3modo. Hay otros diputados que hacen 3.000 kil\u00f3metros para instalarse en Buenos Aires&#8221;.<\/p>\n\n\n\n<p>&#8220;Los primeros meses, sobre todo diciembre, es trabajar por el pr\u00f3jimo, por Argentina, apoyando no solamente las reformas de\u00a0<strong>Javier Milei<\/strong>, sino a todo el bloque. Por el momento no tenemos una agenda para\u00a0Mendoza. Consideramos que nuestro enfoque tiene que ser netamente para apaliarlo y\u00a0terminar definitivamente con\u00a0esta crisis inflacionaria, el desempleo, y muchas otras cosas que est\u00e1n desfasadas y que es menester poder tratarlas&#8221;, cerr\u00f3 la legisladora mendocina.<\/p>\n\n\n\n<p>FUENTE: Mdzonline.<\/p>\n","protected":false},"excerpt":{"rendered":"<p>Lourdes Arrieta, diputada nacional electa de La Libertad Avanza, dialog\u00f3 con MDZ Radio y cont\u00f3 los detalles sobre la reuni\u00f3n que mantuvo Javier Milei con los legisladores de LLA este mi\u00e9rcoles. El presidente electo,\u00a0Javier Milei, recibi\u00f3 este mi\u00e9rcoles a los legisladores electos de\u00a0La Libertad Avanza\u00a0para iniciar conversaciones sobre la agenda parlamentaria de cara a las [&hellip;]<\/p>\n","protected":false},"author":2,"featured_media":3459,"comment_status":"open","ping_status":"open","sticky":true,"template":"","format":"standard","meta":[],"categories":[47],"tags":[],"_links":{"self":[{"href":"https:\/\/pasaenmendoza.com\/index.php?rest_route=\/wp\/v2\/posts\/3458"}],"collection":[{"href":"https:\/\/pasaenmendoza.com\/index.php?rest_route=\/wp\/v2\/posts"}],"about":[{"href":"https:\/\/pasaenmendoza.com\/index.php?rest_route=\/wp\/v2\/types\/post"}],"author":[{"embeddable":true,"href":"https:\/\/pasaenmendoza.com\/index.php?rest_route=\/wp\/v2\/users\/2"}],"replies":[{"embeddable":true,"href":"https:\/\/pasaenmendoza.com\/index.php?rest_route=%2Fwp%2Fv2%2Fcomments&post=3458"}],"version-history":[{"count":1,"href":"https:\/\/pasaenmendoza.com\/index.php?rest_route=\/wp\/v2\/posts\/3458\/revisions"}],"predecessor-version":[{"id":3460,"href":"https:\/\/pasaenmendoza.com\/index.php?rest_route=\/wp\/v2\/posts\/3458\/revisions\/3460"}],"wp:featuredmedia":[{"embeddable":true,"href":"https:\/\/pasaenmendoza.com\/index.php?rest_route=\/wp\/v2\/media\/3459"}],"wp:attachment":[{"href":"https:\/\/pasaenmendoza.com\/index.php?rest_route=%2Fwp%2Fv2%2Fmedia&parent=3458"}],"wp:term":[{"taxonomy":"category","embeddable":true,"href":"https:\/\/pasaenmendoza.com\/index.php?rest_route=%2Fwp%2Fv2%2Fcategories&post=3458"},{"taxonomy":"post_tag","embeddable":true,"href":"https:\/\/pasaenmendoza.com\/index.php?rest_route=%2Fwp%2Fv2%2Ftags&post=3458"}],"curies":[{"name":"wp","href":"https:\/\/api.w.org\/{rel}","templated":true}]}}