{"id":3465,"date":"2023-12-01T13:13:55","date_gmt":"2023-12-01T12:13:55","guid":{"rendered":"https:\/\/pasaenmendoza.com\/?p=3465"},"modified":"2023-12-01T13:13:56","modified_gmt":"2023-12-01T12:13:56","slug":"rodolfo-suarez-le-dio-un-voto-de-confianza-a-la-privatizacion-de-ypf","status":"publish","type":"post","link":"https:\/\/pasaenmendoza.com\/?p=3465","title":{"rendered":"Rodolfo Suarez le dio un voto de confianza a la privatizaci\u00f3n\u00a0de\u00a0YPF"},"content":{"rendered":"\n<p>A ra\u00edz de los dichos del presidente electo, Javier Milei, el mandatario provincial asegur\u00f3 que, m\u00e1s all\u00e1 de si los capitales son privados o no, lo importante es si invierten en la provincia. Avances en la Vaca Muerta mendocina<\/p>\n\n\n\n<p>El gobernador\u00a0<strong>Rodolfo Suarez\u00a0<\/strong>dijo que la\u00a0<strong>privatizaci\u00f3n\u00a0<\/strong>de\u00a0<strong>YPF\u00a0<\/strong>propuesta por\u00a0<strong>Javier Milei<\/strong>\u00a0puede ser positiva para\u00a0<strong>Mendoza<\/strong>. En lo que puede leerse como su respaldo hacia uno de los anuncios m\u00e1s fuertes del libertario post balotaje, el mendocino opin\u00f3 que una eventual nueva administraci\u00f3n de la petrolera \u2013si el Estado efectivamente vende sus activos- podr\u00eda incrementar las tareas de explotaci\u00f3n en la provincia. Habl\u00f3 sobre las \u00faltimas perforaciones que hizo la firma y sobre lo que espera de sus resultados.<\/p>\n\n\n\n<p><strong>\u201cLo que ocurra con YPF va a cambiar a Mendoza<\/strong>, pero el resultado de ese cambio va a depender de la pol\u00edtica que decidan llevar adelante.\u00a0<strong>Si decidieran invertir m\u00e1s en esta provincia, a nosotros nos modifica mucho\u201d,<\/strong>\u00a0asegur\u00f3 el mandatario a\u00a0<strong>Diario UNO\u00a0<\/strong>este jueves. De esa manera dej\u00f3 clara su opini\u00f3n: incluso la privatizaci\u00f3n podr\u00eda ser buena para la actividad local, estim\u00f3.<\/p>\n\n\n\n<p>Sus dichos se insertan en el contexto que&nbsp;<strong>instal\u00f3 el presidente electo&nbsp;<\/strong>d\u00edas atr\u00e1s, cuando afirm\u00f3 que su intenci\u00f3n es vender el organismo, aunque s\u00f3lo despu\u00e9s de \u201c<strong>recomponerlo\u201d<\/strong>.<\/p>\n\n\n\n<p>Milei se refer\u00eda a levantarle el valor a\u00a0<strong>Yacimientos Petrol\u00edferos Fiscales<\/strong>, estatizada en 2012,\u00a0<strong>antes de hacer la operaci\u00f3n<\/strong>; labor de la que se encargar\u00eda, en buena medida, el designado para ser titular y\u00a0<strong>CEO\u00a0<\/strong>en esta nueva etapa:\u00a0<strong>el ingeniero Horacio Mar\u00edn<\/strong>, con 35 a\u00f1os de experiencia en el sector.<\/p>\n\n\n\n<p>Con esos cambios en mente y&nbsp;<strong>pensando c\u00f3mo transformar\u00eda al sector hidrocarbur\u00edfero local&nbsp;<\/strong>ese nuevo panorama, el sancarlino profundiz\u00f3 sus dichos y se refiri\u00f3 a un punto neur\u00e1lgico de esta discusi\u00f3n:&nbsp;<strong>la porci\u00f3n mendocina de Vaca Muerta<\/strong>&nbsp;y las perforaciones en dos puntos de Malarg\u00fce para&nbsp;<strong>exploraci\u00f3n<\/strong>.<\/p>\n\n\n\n<p>\u201cEstamos esperando a que lleguen las m\u00e1quinas para saber qu\u00e9 tenemos ah\u00ed. Cu\u00e1l es su&nbsp;<strong>potencial<\/strong>, en definitiva\u201d, apunt\u00f3 Suarez. Se refer\u00eda a los pozos de&nbsp;<strong>Bardas Norte y CN \u2013 VII&nbsp;<\/strong>que la empresa inici\u00f3 en marzo de este a\u00f1o.<\/p>\n\n\n\n<p>Por \u00faltimo, el mandatario saliente marc\u00f3 tambi\u00e9n que,\u00a0<strong>as\u00ed como hay un escenario en el que la privatizaci\u00f3n de YPF beneficiar\u00eda a los mendocinos,<\/strong>\u00a0tambi\u00e9n hay otros marcos en los que ese supuesto no se dar\u00eda;\u00a0<strong>m\u00e1s bien al contrario:\u00a0<\/strong>\u201cSi los nuevos directivos dicen<strong>\u00a0\u2018invirtamos en Mendoza\u2019,<\/strong>\u00a0va a ser bueno para nosotros. Ahora, si vienen,\u00a0<strong>invierten en Neuqu\u00e9n<\/strong>\u00a0y dejan Mendoza para despu\u00e9s, entonces est\u00e1 claro que\u00a0<strong>no ser\u00e1 positivo,<\/strong>\u00a0ser\u00eda malo\u201d, cerr\u00f3.<\/p>\n\n\n\n<h2 class=\"wp-block-heading\">El futuro de la Vaca Muerta mendocina<\/h2>\n\n\n\n<p>Como marc\u00f3 Suarez,&nbsp;<strong>a la provincia le interesa particularmente conocer el potencial de la lengua norte de Vaca Muerta.<\/strong><\/p>\n\n\n\n<p>Esa porci\u00f3n, bajo el territorio de Malarg\u00fce, es la que posee las dos perforaciones a las que hizo referencia este jueves en su entrevista con&nbsp;<strong>Diario UNO.<\/strong>&nbsp;Son el resultado del convenio que desde Casa de Gobierno cerraron con&nbsp;<strong>YPF en 2021<\/strong>&nbsp;y que no s\u00f3lo deriv\u00f3 en distintos&nbsp;<strong>proyectos<\/strong>, sino que permiti\u00f3 limar diferencias entre ambas partes. Desde Mendoza se hicieron reclamos en torno a temas impositivos y de<strong>&nbsp;c\u00e1lculo de regal\u00edas.<\/strong><\/p>\n\n\n\n<p>Para&nbsp;<strong>YPF,&nbsp;<\/strong>la tarea de exploraci\u00f3n en el sur terminar\u00e1 una de sus fases m\u00e1s importantes este diciembre. Los pozos fueron finalizados a fines de octubre,&nbsp;<strong>con su avance en profundidad, primero,<\/strong>&nbsp;y con las ramificaciones horizontales m\u00e1s tarde.<\/p>\n\n\n\n<p>Debe tenerse en cuenta que el yacimiento, trabajado como una roca gigantesca, contiene adentro al hidrocarburo:<strong>\u00a0lo que hacen esos ductos transversales es \u201cnavegar\u201d\u00a0<\/strong>la roca para extraer ese crudo\u00a0<strong>no convencional.<\/strong><\/p>\n\n\n\n<p>La inversi\u00f3n total para&nbsp;<strong>Bardas Norte y CN \u2013 VII&nbsp;<\/strong>era originalmente de<strong>&nbsp;17 millones de d\u00f3lares,<\/strong>&nbsp;pero la empresa ha asegurado en m\u00e1s de una oportunidad que los costos finalmente terminar\u00e1n siendo mayores que ese monto. Esto se debe a que hay formaciones&nbsp;<strong>m\u00e1s dif\u00edciles de atravesar que otras&nbsp;<\/strong>y esa complejidad alter\u00f3 algunas de las herramientas&nbsp;<strong>que hab\u00eda dispuesto YPF<\/strong>&nbsp;para la tarea, explicaron a este medio.<\/p>\n\n\n\n<p>Con las perforaciones hechas, en este \u00faltimo mes de 2023 est\u00e1 estipulado<strong>&nbsp;que comiencen las fracturas<\/strong>&nbsp;(es a trav\u00e9s de esos fragmentos que el material empieza a fluir y poder ser extra\u00eddo). A partir de ese \u201cset\u201d de rupturas, como se denomina,<strong>&nbsp;comenzar\u00e1 a evaluarse el resultado y se develar\u00e1 el misterio: qu\u00e9 -y cu\u00e1nto- tiene Mendoza para ofrecer en su yacimiento malarg\u00fcino.<\/strong><\/p>\n\n\n\n<p>Aunque YPF no ha hecho p\u00fablicas sus\u00a0<strong>estimaciones<\/strong>, el tama\u00f1o de la inversi\u00f3n hecha permite especular con que los pron\u00f3sticos que manejan son alentadores en cuanto a ese\u00a0<strong>potencial.<\/strong><\/p>\n\n\n\n<p>FUENTE: Diariouno.com.ar <\/p>\n","protected":false},"excerpt":{"rendered":"<p>A ra\u00edz de los dichos del presidente electo, Javier Milei, el mandatario provincial asegur\u00f3 que, m\u00e1s all\u00e1 de si los capitales son privados o no, lo importante es si invierten en la provincia. Avances en la Vaca Muerta mendocina El gobernador\u00a0Rodolfo Suarez\u00a0dijo que la\u00a0privatizaci\u00f3n\u00a0de\u00a0YPF\u00a0propuesta por\u00a0Javier Milei\u00a0puede ser positiva para\u00a0Mendoza. En lo que puede leerse como [&hellip;]<\/p>\n","protected":false},"author":2,"featured_media":3466,"comment_status":"open","ping_status":"open","sticky":true,"template":"","format":"standard","meta":[],"categories":[47],"tags":[],"_links":{"self":[{"href":"https:\/\/pasaenmendoza.com\/index.php?rest_route=\/wp\/v2\/posts\/3465"}],"collection":[{"href":"https:\/\/pasaenmendoza.com\/index.php?rest_route=\/wp\/v2\/posts"}],"about":[{"href":"https:\/\/pasaenmendoza.com\/index.php?rest_route=\/wp\/v2\/types\/post"}],"author":[{"embeddable":true,"href":"https:\/\/pasaenmendoza.com\/index.php?rest_route=\/wp\/v2\/users\/2"}],"replies":[{"embeddable":true,"href":"https:\/\/pasaenmendoza.com\/index.php?rest_route=%2Fwp%2Fv2%2Fcomments&post=3465"}],"version-history":[{"count":1,"href":"https:\/\/pasaenmendoza.com\/index.php?rest_route=\/wp\/v2\/posts\/3465\/revisions"}],"predecessor-version":[{"id":3467,"href":"https:\/\/pasaenmendoza.com\/index.php?rest_route=\/wp\/v2\/posts\/3465\/revisions\/3467"}],"wp:featuredmedia":[{"embeddable":true,"href":"https:\/\/pasaenmendoza.com\/index.php?rest_route=\/wp\/v2\/media\/3466"}],"wp:attachment":[{"href":"https:\/\/pasaenmendoza.com\/index.php?rest_route=%2Fwp%2Fv2%2Fmedia&parent=3465"}],"wp:term":[{"taxonomy":"category","embeddable":true,"href":"https:\/\/pasaenmendoza.com\/index.php?rest_route=%2Fwp%2Fv2%2Fcategories&post=3465"},{"taxonomy":"post_tag","embeddable":true,"href":"https:\/\/pasaenmendoza.com\/index.php?rest_route=%2Fwp%2Fv2%2Ftags&post=3465"}],"curies":[{"name":"wp","href":"https:\/\/api.w.org\/{rel}","templated":true}]}}