{"id":3468,"date":"2023-12-01T13:20:07","date_gmt":"2023-12-01T12:20:07","guid":{"rendered":"https:\/\/pasaenmendoza.com\/?p=3468"},"modified":"2023-12-01T13:20:07","modified_gmt":"2023-12-01T12:20:07","slug":"alerta-amarillo-por-tormentas-y-zonda-en-mendoza","status":"publish","type":"post","link":"https:\/\/pasaenmendoza.com\/?p=3468","title":{"rendered":"Alerta amarillo por tormentas y Zonda en Mendoza"},"content":{"rendered":"\n<p><em>\u201cNubosidad variable con poco cambio de la temperatura y vientos moderados del sudeste\u201d,\u00a0<\/em>es lo que prev\u00e9 la\u00a0<strong>Direcci\u00f3n de Contingencias Clim\u00e1ticas<\/strong>\u00a0para este viernes.\u00a0<mark>La m\u00ednima ser\u00e1 de 19 grados y la m\u00e1xima de 32.<\/mark><\/p>\n\n\n\n<p>Adem\u00e1s, el\u00a0<strong>Servicio Meteorol\u00f3gico Nacional (SMN)\u00a0<\/strong>emiti\u00f3 un\u00a0<mark>alerta amarillo por tormentas y ocasional ca\u00edda de granizo.\u00a0<\/mark>El fen\u00f3meno se registrar\u00e1 durante la ma\u00f1ana y afectar\u00e1 a Las Heras, La Paz, Lavalle, San Mart\u00edn y Santa Rosa.<\/p>\n\n\n\n<p>Pero eso no es todo, sino que nuevamente hay\u00a0<mark>alerta por\u00a0<strong>Zonda<\/strong><\/mark><strong>\u00a0<\/strong>en Malarg\u00fce.<\/p>\n\n\n\n<p>Para el&nbsp;<strong>s\u00e1bado<\/strong>&nbsp;se pronostica \u201ccielo parcialmente nublado y ventoso con descenso de la temperatura, vientos moderados del sudeste. Zonda en Malarg\u00fce\u201d.&nbsp;<mark>La m\u00ednima ser\u00e1 de 15 grados y la m\u00e1xima de 26.<\/mark><\/p>\n\n\n\n<p>En tanto, el\u00a0<strong>domingo<\/strong>\u00a0estar\u00e1 con \u201cTiempo bueno, con poco cambio de la temperatura y vientos leves del sudeste\u201d.\u00a0<mark>La m\u00ednima ser\u00e1 de 13 grados y la m\u00e1xima de 24.<\/mark><\/p>\n\n\n\n<p><strong>La situaci\u00f3n en alta monta\u00f1a<\/strong><\/p>\n\n\n\n<p>El&nbsp;<strong>Sistema Integrado Cristo Redentor<\/strong>&nbsp;se encuentra&nbsp;<mark>habilitado<\/mark>&nbsp;para todo tipo de veh\u00edculos, durante las 24 horas.<\/p>\n\n\n\n<p>El\u00a0<strong>paso Pehuenche<\/strong>\u00a0est\u00e1\u00a0<mark>cerrado<\/mark>, por tiempo indeterminado.<\/p>\n\n\n\n<p><strong>Fuente: www.elsol.com.ar<\/strong><\/p>\n","protected":false},"excerpt":{"rendered":"<p>\u201cNubosidad variable con poco cambio de la temperatura y vientos moderados del sudeste\u201d,\u00a0es lo que prev\u00e9 la\u00a0Direcci\u00f3n de Contingencias Clim\u00e1ticas\u00a0para este viernes.\u00a0La m\u00ednima ser\u00e1 de 19 grados y la m\u00e1xima de 32. Adem\u00e1s, el\u00a0Servicio Meteorol\u00f3gico Nacional (SMN)\u00a0emiti\u00f3 un\u00a0alerta amarillo por tormentas y ocasional ca\u00edda de granizo.\u00a0El fen\u00f3meno se registrar\u00e1 durante la ma\u00f1ana y afectar\u00e1 a [&hellip;]<\/p>\n","protected":false},"author":2,"featured_media":3469,"comment_status":"open","ping_status":"open","sticky":false,"template":"","format":"standard","meta":[],"categories":[46,52],"tags":[],"_links":{"self":[{"href":"https:\/\/pasaenmendoza.com\/index.php?rest_route=\/wp\/v2\/posts\/3468"}],"collection":[{"href":"https:\/\/pasaenmendoza.com\/index.php?rest_route=\/wp\/v2\/posts"}],"about":[{"href":"https:\/\/pasaenmendoza.com\/index.php?rest_route=\/wp\/v2\/types\/post"}],"author":[{"embeddable":true,"href":"https:\/\/pasaenmendoza.com\/index.php?rest_route=\/wp\/v2\/users\/2"}],"replies":[{"embeddable":true,"href":"https:\/\/pasaenmendoza.com\/index.php?rest_route=%2Fwp%2Fv2%2Fcomments&post=3468"}],"version-history":[{"count":1,"href":"https:\/\/pasaenmendoza.com\/index.php?rest_route=\/wp\/v2\/posts\/3468\/revisions"}],"predecessor-version":[{"id":3470,"href":"https:\/\/pasaenmendoza.com\/index.php?rest_route=\/wp\/v2\/posts\/3468\/revisions\/3470"}],"wp:featuredmedia":[{"embeddable":true,"href":"https:\/\/pasaenmendoza.com\/index.php?rest_route=\/wp\/v2\/media\/3469"}],"wp:attachment":[{"href":"https:\/\/pasaenmendoza.com\/index.php?rest_route=%2Fwp%2Fv2%2Fmedia&parent=3468"}],"wp:term":[{"taxonomy":"category","embeddable":true,"href":"https:\/\/pasaenmendoza.com\/index.php?rest_route=%2Fwp%2Fv2%2Fcategories&post=3468"},{"taxonomy":"post_tag","embeddable":true,"href":"https:\/\/pasaenmendoza.com\/index.php?rest_route=%2Fwp%2Fv2%2Ftags&post=3468"}],"curies":[{"name":"wp","href":"https:\/\/api.w.org\/{rel}","templated":true}]}}