{"id":3477,"date":"2023-12-01T13:32:05","date_gmt":"2023-12-01T12:32:05","guid":{"rendered":"https:\/\/pasaenmendoza.com\/?p=3477"},"modified":"2023-12-01T13:32:07","modified_gmt":"2023-12-01T12:32:07","slug":"los-danos-que-dejo-la-tormenta-en-cinco-departamentos-de-mendoza","status":"publish","type":"post","link":"https:\/\/pasaenmendoza.com\/?p=3477","title":{"rendered":"Los da\u00f1os que dej\u00f3 la tormenta en cinco departamentos de Mendoza"},"content":{"rendered":"\n<p>Tras la&nbsp;<strong>tormenta<\/strong>&nbsp;que se registr\u00f3 el jueves por la noche y que afect\u00f3 a gran parte del&nbsp;<strong>Gran Mendoza<\/strong>, las autoridades de&nbsp;<strong>Defensa Civil<\/strong>&nbsp;brindaron informaci\u00f3n sobre los da\u00f1os reportados.<\/p>\n\n\n\n<p>De acuerdo con el relevamiento,<mark>&nbsp;en total se registraron 30 intervenciones, en tanto, el departamento m\u00e1s afectado fue Las Heras, con 17 novedades.<\/mark><\/p>\n\n\n\n<p>Adem\u00e1s,&nbsp;<strong>Edemsa<\/strong>&nbsp;inform\u00f3 que<mark>&nbsp;varias zonas vieron afectados el suministro el\u00e9ctrico por las condiciones clim\u00e1ticas adversas.<\/mark><\/p>\n\n\n\n<p>Hasta este viernes, los operarios trabajan para resolver los desperfectos generados.<\/p>\n\n\n\n<p><strong>Lo que dej\u00f3 la tormenta<\/strong><\/p>\n\n\n\n<p>De acuerdo con el relevamiento realizado por Defensa Civil, hubo 30 intervenciones. Los departamentos m\u00e1s afectados fueron:<\/p>\n\n\n\n<p><strong>Las Heras<\/strong>: 17 novedades<\/p>\n\n\n\n<ul>\n<li>\u00c1rboles y ramas ca\u00eddas: 4<\/li>\n\n\n\n<li>Derrumbe parcial de pared: 1<\/li>\n\n\n\n<li>Postes y\/o cables ca\u00eddos o en cortocircuito: 12<\/li>\n<\/ul>\n\n\n\n<p><strong>Capital:<\/strong>&nbsp;3 intervenciones<\/p>\n\n\n\n<ul>\n<li>\u00c1rboles y ramas ca\u00eddas: 1<\/li>\n\n\n\n<li>Postes y\/o cables ca\u00eddos o en cortocircuito: 2<\/li>\n<\/ul>\n\n\n\n<p><strong>Guaymall\u00e9n:<\/strong>&nbsp;8 intervenciones<\/p>\n\n\n\n<ul>\n<li>Filtraciones de techo: 2<\/li>\n\n\n\n<li>Postes y\/o cables ca\u00eddos o en cortocircuito: 6<\/li>\n<\/ul>\n\n\n\n<p><strong>Maip\u00fa:<\/strong>&nbsp;1 novedad<\/p>\n\n\n\n<ul>\n<li>Postes y\/o cables ca\u00eddos o en cortocircuito: 1<\/li>\n<\/ul>\n\n\n\n<p><strong>Godoy Cruz:<\/strong>&nbsp;1 novedad<\/p>\n\n\n\n<ul>\n<li>Postes y\/o cables ca\u00eddos o en cortocircuito: 1<\/li>\n<\/ul>\n\n\n\n<p><strong>Cortes de luz por la tormenta<\/strong><\/p>\n\n\n\n<p>Desde Edemsa informaron que\u00a0<mark>desde el jueves se trabaja para normalizar el suministro el\u00e9ctrico en las zonas afectadas por la contingencia.<\/mark><\/p>\n\n\n\n<p><strong>Las zonas con mayor cantidad de afectaciones fueron:<\/strong><\/p>\n\n\n\n<ul>\n<li>Guaymall\u00e9n (Belgrano, Villa Nueva, Dorrego, San Jos\u00e9, Rodeo de la Cruz).<\/li>\n\n\n\n<li>Las Heras (Ciudad, El Algarrobal, El Plumerillo, El Resguardo).<\/li>\n\n\n\n<li>Maip\u00fa (Luzuriaga, Guti\u00e9rrez, Coquimbito).<\/li>\n\n\n\n<li>Sectores de San Rafael.<\/li>\n\n\n\n<li>Sectores de Lavalle.<\/li>\n<\/ul>\n\n\n\n<p><strong>Fuente: www.elsol.com.ar<\/strong><\/p>\n","protected":false},"excerpt":{"rendered":"<p>Tras la&nbsp;tormenta&nbsp;que se registr\u00f3 el jueves por la noche y que afect\u00f3 a gran parte del&nbsp;Gran Mendoza, las autoridades de&nbsp;Defensa Civil&nbsp;brindaron informaci\u00f3n sobre los da\u00f1os reportados. De acuerdo con el relevamiento,&nbsp;en total se registraron 30 intervenciones, en tanto, el departamento m\u00e1s afectado fue Las Heras, con 17 novedades. Adem\u00e1s,&nbsp;Edemsa&nbsp;inform\u00f3 que&nbsp;varias zonas vieron afectados el suministro [&hellip;]<\/p>\n","protected":false},"author":2,"featured_media":3478,"comment_status":"open","ping_status":"open","sticky":false,"template":"","format":"standard","meta":[],"categories":[50],"tags":[],"_links":{"self":[{"href":"https:\/\/pasaenmendoza.com\/index.php?rest_route=\/wp\/v2\/posts\/3477"}],"collection":[{"href":"https:\/\/pasaenmendoza.com\/index.php?rest_route=\/wp\/v2\/posts"}],"about":[{"href":"https:\/\/pasaenmendoza.com\/index.php?rest_route=\/wp\/v2\/types\/post"}],"author":[{"embeddable":true,"href":"https:\/\/pasaenmendoza.com\/index.php?rest_route=\/wp\/v2\/users\/2"}],"replies":[{"embeddable":true,"href":"https:\/\/pasaenmendoza.com\/index.php?rest_route=%2Fwp%2Fv2%2Fcomments&post=3477"}],"version-history":[{"count":1,"href":"https:\/\/pasaenmendoza.com\/index.php?rest_route=\/wp\/v2\/posts\/3477\/revisions"}],"predecessor-version":[{"id":3479,"href":"https:\/\/pasaenmendoza.com\/index.php?rest_route=\/wp\/v2\/posts\/3477\/revisions\/3479"}],"wp:featuredmedia":[{"embeddable":true,"href":"https:\/\/pasaenmendoza.com\/index.php?rest_route=\/wp\/v2\/media\/3478"}],"wp:attachment":[{"href":"https:\/\/pasaenmendoza.com\/index.php?rest_route=%2Fwp%2Fv2%2Fmedia&parent=3477"}],"wp:term":[{"taxonomy":"category","embeddable":true,"href":"https:\/\/pasaenmendoza.com\/index.php?rest_route=%2Fwp%2Fv2%2Fcategories&post=3477"},{"taxonomy":"post_tag","embeddable":true,"href":"https:\/\/pasaenmendoza.com\/index.php?rest_route=%2Fwp%2Fv2%2Ftags&post=3477"}],"curies":[{"name":"wp","href":"https:\/\/api.w.org\/{rel}","templated":true}]}}