{"id":3480,"date":"2023-12-01T14:30:24","date_gmt":"2023-12-01T13:30:24","guid":{"rendered":"https:\/\/pasaenmendoza.com\/?p=3480"},"modified":"2023-12-01T14:30:25","modified_gmt":"2023-12-01T13:30:25","slug":"la-asociacion-de-panaderos-de-mendoza-actualizo-el-precio-sugerido-del-kilo-de-pan-a-1-250","status":"publish","type":"post","link":"https:\/\/pasaenmendoza.com\/?p=3480","title":{"rendered":"La asociaci\u00f3n de panaderos de Mendoza actualiz\u00f3 el precio sugerido del kilo de pan a $1.250"},"content":{"rendered":"\n<p>La\u00a0Asociaci\u00f3n de Industriales Panaderos y Afines\u00a0(<strong>AIPA<\/strong>) de Mendoza\u00a0<strong>anunci\u00f3 un aumento del 15% en los precios de los productos panificados desde el 1 de diciembre<\/strong>. En la \u00faltima semana, la harina aument\u00f3 m\u00e1s de un 20%, las margarinas un 40% y la grasa m\u00e1s del 25%.<\/p>\n\n\n\n<p><strong>El kilo de pan pas\u00f3 a costar $1.250<\/strong>,<strong>&nbsp;la docena de tortas $2.200<\/strong>&nbsp;y&nbsp;<strong>la docena de facturas $3.160<\/strong>. Esta es la quinta vez que hay una suba en los \u00faltimos 6 meses.<\/p>\n\n\n\n<p><strong>La bolsa de harina 000 aument\u00f3 $1.000 la semana pasada<\/strong><\/p>\n\n\n\n<p>La semana pasada se busc\u00f3 frenar estos aumentos, pero la bolsa de harina 000 pas\u00f3 a comercializarse a $8.000 debido a la\u00a0<strong>modificaci\u00f3n del d\u00f3lar agro<\/strong>, mil pesos m\u00e1s cara que la semana anterior, seg\u00fan se\u00f1al\u00f3\u00a0<strong>Walter Tirapu<\/strong>, responsable de AIPA.<\/p>\n\n\n\n<p>El panorama es complicado para los comerciantes porque&nbsp;<strong>cada semana se incrementa el precio de los insumos<\/strong>, asegur\u00f3 Tirapu.<\/p>\n\n\n\n<p>Adem\u00e1s, durante la temporada de verano las ventas de los panificados caen y<strong>&nbsp;esta situaci\u00f3n empeora a\u00fan m\u00e1s el panorama<\/strong>. Por otra parte, los molinos est\u00e1n entregando mercader\u00eda de manera acotada o a sus clientes fidelizados.<\/p>\n\n\n\n<p>Este a\u00f1o tanto la grasa como la margarina han sido los productos que m\u00e1s han subido. La<strong>\u00a0grasa aument\u00f3 alrededor del 300%<\/strong>, el 200% en los \u00faltimos cinco o seis meses. El resto de los insumos han ido al nivel de la inflaci\u00f3n, sostuvo el responsable.<\/p>\n\n\n\n<p><strong>Fuente: www.diariouno.com.ar<\/strong><\/p>\n","protected":false},"excerpt":{"rendered":"<p>La\u00a0Asociaci\u00f3n de Industriales Panaderos y Afines\u00a0(AIPA) de Mendoza\u00a0anunci\u00f3 un aumento del 15% en los precios de los productos panificados desde el 1 de diciembre. En la \u00faltima semana, la harina aument\u00f3 m\u00e1s de un 20%, las margarinas un 40% y la grasa m\u00e1s del 25%. El kilo de pan pas\u00f3 a costar $1.250,&nbsp;la docena de [&hellip;]<\/p>\n","protected":false},"author":2,"featured_media":3481,"comment_status":"open","ping_status":"open","sticky":false,"template":"","format":"standard","meta":[],"categories":[75],"tags":[],"_links":{"self":[{"href":"https:\/\/pasaenmendoza.com\/index.php?rest_route=\/wp\/v2\/posts\/3480"}],"collection":[{"href":"https:\/\/pasaenmendoza.com\/index.php?rest_route=\/wp\/v2\/posts"}],"about":[{"href":"https:\/\/pasaenmendoza.com\/index.php?rest_route=\/wp\/v2\/types\/post"}],"author":[{"embeddable":true,"href":"https:\/\/pasaenmendoza.com\/index.php?rest_route=\/wp\/v2\/users\/2"}],"replies":[{"embeddable":true,"href":"https:\/\/pasaenmendoza.com\/index.php?rest_route=%2Fwp%2Fv2%2Fcomments&post=3480"}],"version-history":[{"count":1,"href":"https:\/\/pasaenmendoza.com\/index.php?rest_route=\/wp\/v2\/posts\/3480\/revisions"}],"predecessor-version":[{"id":3482,"href":"https:\/\/pasaenmendoza.com\/index.php?rest_route=\/wp\/v2\/posts\/3480\/revisions\/3482"}],"wp:featuredmedia":[{"embeddable":true,"href":"https:\/\/pasaenmendoza.com\/index.php?rest_route=\/wp\/v2\/media\/3481"}],"wp:attachment":[{"href":"https:\/\/pasaenmendoza.com\/index.php?rest_route=%2Fwp%2Fv2%2Fmedia&parent=3480"}],"wp:term":[{"taxonomy":"category","embeddable":true,"href":"https:\/\/pasaenmendoza.com\/index.php?rest_route=%2Fwp%2Fv2%2Fcategories&post=3480"},{"taxonomy":"post_tag","embeddable":true,"href":"https:\/\/pasaenmendoza.com\/index.php?rest_route=%2Fwp%2Fv2%2Ftags&post=3480"}],"curies":[{"name":"wp","href":"https:\/\/api.w.org\/{rel}","templated":true}]}}