{"id":3483,"date":"2023-12-01T14:39:13","date_gmt":"2023-12-01T13:39:13","guid":{"rendered":"https:\/\/pasaenmendoza.com\/?p=3483"},"modified":"2023-12-01T14:39:13","modified_gmt":"2023-12-01T13:39:13","slug":"productores-de-tunuyan-entraron-en-alerta-por-sintomas-de-enfermedades-infecciosas-en-caballos","status":"publish","type":"post","link":"https:\/\/pasaenmendoza.com\/?p=3483","title":{"rendered":"Productores de Tunuy\u00e1n entraron en alerta por s\u00edntomas de enfermedades infecciosas en caballos"},"content":{"rendered":"\n<p>Productores ganaderos de\u00a0<strong>Tunuy\u00e1n\u00a0<\/strong>encendieron sus alarmas cuando en el municipio se detectaron<strong>\u00a0\u201calgunos casos que podr\u00edan ser compatibles\u201d<\/strong>\u00a0con las enfermedades carbunco, mancha y enterotoxemia. El alerta se prendi\u00f3 principalmente tras una informaci\u00f3n err\u00f3nea que sali\u00f3 del Municipio y en la que se confirmaba la presencia de\u00a0s\u00edntomas compatibles con\u00a0<strong>encefalomielitis equina<\/strong>.<\/p>\n\n\n\n<p>El Servicio Nacional de Sanidad y Calidad Agroalimentaria (Senasa) confirm\u00f3 que&nbsp;<strong>en el pa\u00eds hay casos confirmados&nbsp;<\/strong>de esa enfermedad que afecta a los caballos y que&nbsp;<strong>puede transmitirse a humanos<\/strong>. Entre las provincias con brote est\u00e1n Corrientes y Santa Fe, mientras que se esperan resultados de casos en C\u00f3rdoba y Entre R\u00edos.&nbsp;<strong>Hasta el momento, no los hay en Mendoza.<\/strong><\/p>\n\n\n\n<p>La preocupaci\u00f3n despert\u00f3 en la provincia\u00a0<strong>despu\u00e9s de que la Municipalidad de Tunuy\u00e1n confirmara casos compatibles<\/strong>\u00a0con el llamado virus de los caballos. M\u00e1s tarde,\u00a0<strong>ese comunicado fue rectificado<\/strong>.<\/p>\n\n\n\n<p>Lo que transmitieron ahora desde el municipio del Valle de Uco es la importancia de la&nbsp;<strong>correcta vacunaci\u00f3n de los equinos<\/strong>, siguiendo el calendario anual ganadero establecido por el Senasa.<\/p>\n\n\n\n<h2 class=\"wp-block-heading\">Preocupaci\u00f3n en Tunuy\u00e1n por el virus de los caballos<\/h2>\n\n\n\n<p><strong>Mauricio Gar\u00f3foli<\/strong>, m\u00e9dico veterinario responsable del plan sanitario ganadero vacuno de Tunuy\u00e1n, destac\u00f3 la importancia de cumplir con el calendario de vacunaci\u00f3n para&nbsp;<strong>combatir enfermedades como carbunco, mancha y enterotoxemia<\/strong>. Al tiempo que confirmaron desde la Municipalidad que \u201cya que&nbsp;<strong>se han detectado algunos casos&nbsp;<\/strong>que podr\u00edan ser compatibles con dichas enfermedades\u201d.<\/p>\n\n\n\n<p><strong>Pedro Villalba<\/strong>, director de Producci\u00f3n y Agrobioindustrias de Tunuy\u00e1n, pidi\u00f3 adem\u00e1s a los productores locales que est\u00e9n en alerta con las medidas de prevenci\u00f3n porque \u201cla ganader\u00eda se explota en campos de grandes extensiones, con lo cual&nbsp;<strong>algunos animales no son localizados al momento de la vacunaci\u00f3n y quedan en posible riesgo<\/strong>\u201d.<\/p>\n\n\n\n<p>Respecto de la situaci\u00f3n sanitaria actual, desde Tunuy\u00e1n aseguraron que&nbsp;<strong>no hay casos confirmados de enfermedades en caballos&nbsp;<\/strong>pero que s\u00ed es importante cumplir con las medidas de prevenci\u00f3n.<\/p>\n\n\n\n<p>Sobre la&nbsp;<strong>encefalomielitis equina<\/strong>&nbsp;del oeste, fue el Senasa el que comunic\u00f3 que se detectaron casos positivos de&nbsp;<strong>alphavirus&nbsp;<\/strong>en algunas provincias y fue por eso que recomend\u00f3:<\/p>\n\n\n\n<ul>\n<li><strong>El control de mosquitos<\/strong>. Es fundamental para evitar la diseminaci\u00f3n de la enfermedad y el contagio a los equinos y las personas. Tener en cuenta la aplicaci\u00f3n a los animales y en el ambiente, de productos autorizados por el Senasa.<\/li>\n\n\n\n<li>La&nbsp;<strong>vacunaci\u00f3n de los equinos<\/strong>&nbsp;contra esta enfermedad. Para ello el Senasa est\u00e1 coordinando con las c\u00e1maras de Productos Veterinarios de forma tal de tener disponibilidad y distribuci\u00f3n de la mayor cantidad de vacunas en el menor tiempo posible.<\/li>\n\n\n\n<li><strong>Disminuir al m\u00ednimo posible los movimientos de equinos<\/strong>.<\/li>\n\n\n\n<li><strong>Evitar las concentraciones<\/strong>&nbsp;o eventos que impliquen concentraci\u00f3n de equinos.<\/li>\n\n\n\n<li>Completar el&nbsp;<strong>calendario de vacunaci\u00f3n&nbsp;<\/strong>de los equinos.<\/li>\n\n\n\n<li><strong>Notificar inmediatamente al Senasa<\/strong>&nbsp;ante la presencia de signos nerviosos en equinos.<\/li>\n<\/ul>\n\n\n\n<p>&#8220;Los resultados positivos al momento indican la presencia de encefalomielitis y se contin\u00faan los pasos diagn\u00f3sticos para determinar el tipo de virus (este, oeste o Venezuela).<\/p>\n\n\n\n<p>Esta enfermedad viral\u00a0<strong>se transmite de las aves a los mosquitos, y \u00e9stos a su vez infectan a los equinos y seres humanos<\/strong>. El per\u00edodo de\u00a0<strong>incubaci\u00f3n de la enfermedad<\/strong>\u00a0-es decir el tiempo que pasa desde la infecci\u00f3n hasta que aparecen los signos cl\u00ednicos- es de\u00a0<strong>5 a 14 d\u00edas&#8221;,<\/strong>\u00a0inform\u00f3 el Senasa.<\/p>\n\n\n\n<h2 class=\"wp-block-heading\">Riesgo en humanos<\/h2>\n\n\n\n<p>El Ministerio de Salud, a cargo de\u00a0<strong>Carla Vizzotti<\/strong>, especific\u00f3 que se deber\u00e1 considerar como \u201ccaso sospechoso\u201d a \u201ctoda\u00a0<strong>persona que proceda de zonas con casos confirmados de encefalomielitis\u00a0<\/strong>equina del Oeste o presencia de equinos enfermos o muertos en los \u00faltimos 10 d\u00edas y con\u00a0<strong>fiebre\u00a0<\/strong>de comienzo brusco, acompa\u00f1ado de\u00a0<strong>cefalea\u00a0<\/strong>o mialgias sin afectaci\u00f3n de las v\u00edas a\u00e9reas superiores, sin foco aparente y que presente manifestaciones neurol\u00f3gicas (<strong>v\u00f3mitos, somnolencia, confusi\u00f3n, postraci\u00f3n, temblores<\/strong>) meningitis o encefalitis y sin otra etiolog\u00eda definida\u201d.<\/p>\n\n\n\n<p><strong>Fuente: www.diariouno.com.ar<\/strong><\/p>\n","protected":false},"excerpt":{"rendered":"<p>Productores ganaderos de\u00a0Tunuy\u00e1n\u00a0encendieron sus alarmas cuando en el municipio se detectaron\u00a0\u201calgunos casos que podr\u00edan ser compatibles\u201d\u00a0con las enfermedades carbunco, mancha y enterotoxemia. El alerta se prendi\u00f3 principalmente tras una informaci\u00f3n err\u00f3nea que sali\u00f3 del Municipio y en la que se confirmaba la presencia de\u00a0s\u00edntomas compatibles con\u00a0encefalomielitis equina. El Servicio Nacional de Sanidad y Calidad Agroalimentaria [&hellip;]<\/p>\n","protected":false},"author":2,"featured_media":3484,"comment_status":"open","ping_status":"open","sticky":false,"template":"","format":"standard","meta":[],"categories":[46],"tags":[],"_links":{"self":[{"href":"https:\/\/pasaenmendoza.com\/index.php?rest_route=\/wp\/v2\/posts\/3483"}],"collection":[{"href":"https:\/\/pasaenmendoza.com\/index.php?rest_route=\/wp\/v2\/posts"}],"about":[{"href":"https:\/\/pasaenmendoza.com\/index.php?rest_route=\/wp\/v2\/types\/post"}],"author":[{"embeddable":true,"href":"https:\/\/pasaenmendoza.com\/index.php?rest_route=\/wp\/v2\/users\/2"}],"replies":[{"embeddable":true,"href":"https:\/\/pasaenmendoza.com\/index.php?rest_route=%2Fwp%2Fv2%2Fcomments&post=3483"}],"version-history":[{"count":1,"href":"https:\/\/pasaenmendoza.com\/index.php?rest_route=\/wp\/v2\/posts\/3483\/revisions"}],"predecessor-version":[{"id":3485,"href":"https:\/\/pasaenmendoza.com\/index.php?rest_route=\/wp\/v2\/posts\/3483\/revisions\/3485"}],"wp:featuredmedia":[{"embeddable":true,"href":"https:\/\/pasaenmendoza.com\/index.php?rest_route=\/wp\/v2\/media\/3484"}],"wp:attachment":[{"href":"https:\/\/pasaenmendoza.com\/index.php?rest_route=%2Fwp%2Fv2%2Fmedia&parent=3483"}],"wp:term":[{"taxonomy":"category","embeddable":true,"href":"https:\/\/pasaenmendoza.com\/index.php?rest_route=%2Fwp%2Fv2%2Fcategories&post=3483"},{"taxonomy":"post_tag","embeddable":true,"href":"https:\/\/pasaenmendoza.com\/index.php?rest_route=%2Fwp%2Fv2%2Ftags&post=3483"}],"curies":[{"name":"wp","href":"https:\/\/api.w.org\/{rel}","templated":true}]}}