{"id":3494,"date":"2023-12-04T13:16:23","date_gmt":"2023-12-04T12:16:23","guid":{"rendered":"https:\/\/pasaenmendoza.com\/?p=3494"},"modified":"2023-12-04T13:16:23","modified_gmt":"2023-12-04T12:16:23","slug":"el-tiempo-en-mendoza-la-semana-arranca-fresca-pero-repunta-la-temperatura","status":"publish","type":"post","link":"https:\/\/pasaenmendoza.com\/?p=3494","title":{"rendered":"El tiempo en Mendoza: la semana arranca fresca, pero repunta la temperatura"},"content":{"rendered":"\n<p>La semana arranca fresca, con nubosidad variable, pero luego repunta la temperatura con el correr de los d\u00edas.<\/p>\n\n\n\n<p>Este lunes se esperan vientos leves del noreste e inestable hacia la noche sur provincial.&nbsp;<mark>La m\u00ednima ser\u00e1 de 11 grados y la m\u00e1xima de 27.<\/mark><\/p>\n\n\n\n<p>Para el martes se pronostica cielo inestable, con nubosidad variable y vientos leves del este.\u00a0<mark>La m\u00ednima ser\u00e1 de 13 grados y la m\u00e1xima de 28.<\/mark><\/p>\n\n\n\n<p>Adem\u00e1s, el\u00a0<strong>Servicio Meteorol\u00f3gico Nacional (SMN)<\/strong>\u00a0indica\u00a0<mark>alerta amarillo por tormentas que podr\u00edan ser severas, con posible ca\u00edda de granizo.\u00a0<\/mark>El fen\u00f3meno se presentar\u00e1 en gran parte del territorio provincial.<\/p>\n\n\n\n<p>El\u00a0<strong>mi\u00e9rcoles<\/strong>\u00a0llegar\u00e1 con cielo parcialmente nublado con ascenso de la temperatura, vientos leves del noreste.\u00a0<mark>La m\u00ednima ser\u00e1 de 14 grados y la m\u00e1xima de 30.<\/mark><\/p>\n\n\n\n<p><strong>La situaci\u00f3n en alta monta\u00f1a<\/strong><\/p>\n\n\n\n<p>El\u00a0<strong>Sistema Integrado Cristo Redentor\u00a0<\/strong>se encuentra\u00a0<mark>habilitado<\/mark>\u00a0para todo tipo de veh\u00edculos, durante las 24 horas.<\/p>\n\n\n\n<p><strong>Fuente: www.elsol.com.ar<\/strong><\/p>\n","protected":false},"excerpt":{"rendered":"<p>La semana arranca fresca, con nubosidad variable, pero luego repunta la temperatura con el correr de los d\u00edas. Este lunes se esperan vientos leves del noreste e inestable hacia la noche sur provincial.&nbsp;La m\u00ednima ser\u00e1 de 11 grados y la m\u00e1xima de 27. Para el martes se pronostica cielo inestable, con nubosidad variable y vientos [&hellip;]<\/p>\n","protected":false},"author":2,"featured_media":3495,"comment_status":"open","ping_status":"open","sticky":false,"template":"","format":"standard","meta":[],"categories":[52],"tags":[],"_links":{"self":[{"href":"https:\/\/pasaenmendoza.com\/index.php?rest_route=\/wp\/v2\/posts\/3494"}],"collection":[{"href":"https:\/\/pasaenmendoza.com\/index.php?rest_route=\/wp\/v2\/posts"}],"about":[{"href":"https:\/\/pasaenmendoza.com\/index.php?rest_route=\/wp\/v2\/types\/post"}],"author":[{"embeddable":true,"href":"https:\/\/pasaenmendoza.com\/index.php?rest_route=\/wp\/v2\/users\/2"}],"replies":[{"embeddable":true,"href":"https:\/\/pasaenmendoza.com\/index.php?rest_route=%2Fwp%2Fv2%2Fcomments&post=3494"}],"version-history":[{"count":1,"href":"https:\/\/pasaenmendoza.com\/index.php?rest_route=\/wp\/v2\/posts\/3494\/revisions"}],"predecessor-version":[{"id":3496,"href":"https:\/\/pasaenmendoza.com\/index.php?rest_route=\/wp\/v2\/posts\/3494\/revisions\/3496"}],"wp:featuredmedia":[{"embeddable":true,"href":"https:\/\/pasaenmendoza.com\/index.php?rest_route=\/wp\/v2\/media\/3495"}],"wp:attachment":[{"href":"https:\/\/pasaenmendoza.com\/index.php?rest_route=%2Fwp%2Fv2%2Fmedia&parent=3494"}],"wp:term":[{"taxonomy":"category","embeddable":true,"href":"https:\/\/pasaenmendoza.com\/index.php?rest_route=%2Fwp%2Fv2%2Fcategories&post=3494"},{"taxonomy":"post_tag","embeddable":true,"href":"https:\/\/pasaenmendoza.com\/index.php?rest_route=%2Fwp%2Fv2%2Ftags&post=3494"}],"curies":[{"name":"wp","href":"https:\/\/api.w.org\/{rel}","templated":true}]}}