{"id":3501,"date":"2023-12-04T13:39:09","date_gmt":"2023-12-04T12:39:09","guid":{"rendered":"https:\/\/pasaenmendoza.com\/?p=3501"},"modified":"2023-12-04T13:39:10","modified_gmt":"2023-12-04T12:39:10","slug":"un-intendente-pampeano-y-su-grupo-estan-perdidos-entre-mendoza-y-chile","status":"publish","type":"post","link":"https:\/\/pasaenmendoza.com\/?p=3501","title":{"rendered":"Un intendente pampeano y su grupo est\u00e1n perdidos entre Mendoza y Chile"},"content":{"rendered":"\n<p><strong>El intendente del municipio pampeano de General San Mart\u00edn, Ra\u00fal Espir&nbsp;<\/strong>y un grupo de andinistas, se perdieron en los \u00faltimos d\u00edas en el Cerro Marmolejo, ubicado en Tunuy\u00e1n, pero compartido con Chile.&nbsp;<strong>Este s\u00e1bado se activ\u00f3 un operativo de b\u00fasqueda del lado chileno.&nbsp;<\/strong><\/p>\n\n\n\n<p>El intendente\u00a0<strong>Espir<\/strong>\u00a0viaj\u00f3 con el escribano del municipio, Sergio Berardo, y otras cuatro personas, para subir el\u00a0<strong>cerro Marmolejo<\/strong>, que tiene m\u00e1s de 6.000 metros de altura.<\/p>\n\n\n\n<p>Seg\u00fan relata el diario pampeano&nbsp;<strong>La Arena<\/strong>, la expedici\u00f3n de la que participaban ambos funcionarios comenz\u00f3 el pasado 22 de noviembre y&nbsp;<strong>deb\u00edan estar de vuelta el 28 del mismo mes<\/strong>, aunque eso a\u00fan no ha ocurrido. Tambi\u00e9n se\u00f1alan que, de las seis personas que subieron, solo dos lograron descender.<\/p>\n\n\n\n<p>Adem\u00e1s, el mismo medio asegur\u00f3 que este tipo de expediciones eran habituales en los dos funcionarios, quienes eran andinistas entusiastas.<\/p>\n\n\n\n<p>El\u00a0<strong>Post<\/strong>\u00a0se comunic\u00f3 con el<strong>\u00a0Jefe de la Patrulla de Rescate de Alta Monta\u00f1a, de la Polic\u00eda de Mendoza, Marcos P\u00e1ez,\u00a0<\/strong>quien asegur\u00f3 que los andinistas\u00a0<strong>se encuentran del lado chileno<\/strong>\u00a0y que est\u00e1n siendo buscados.\u00a0<\/p>\n\n\n\n<p>&#8220;Hay un grupo que estaba haciendo ese cerro y supuestamente est\u00e1n perdidos&#8221;, comenz\u00f3 se\u00f1alando el subcomisario P\u00e1ez, quien agreg\u00f3 que &#8220;<strong>est\u00e1 trabajando un equipo de rescate de Chile, el grupo GOPE, porque estar\u00edan del lado chileno<\/strong>. El ingreso por ruta a la base de ese cerro se encuentra del lado chileno&#8221;, aclar\u00f3 el funcionario.<\/p>\n\n\n\n<p>Al encontrarse del lado chileno y ser jurisdicci\u00f3n del vecino pa\u00eds, P\u00e1ez se\u00f1al\u00f3 que &#8220;<strong>del lado argentino, por el momento no hay una b\u00fasqueda activa, pero el personal est\u00e1 disponible.\u00a0<\/strong>Estamos a la espera de lo que digan desde Chile, las autoridades est\u00e1n en conocimiento de la situaci\u00f3n&#8221;, confirm\u00f3.<\/p>\n\n\n\n<p>&#8220;Estimamos que en el transcurso de la tarde se comunicar\u00e1n desde Chile para actualizar informaci\u00f3n, pero\u00a0<strong>por el momento no tenemos novedades<\/strong>&#8220;, concluy\u00f3 Marcos P\u00e1ez, Jefe de la Patrulla de Rescate de Alta Monta\u00f1a.\u00a0<\/p>\n\n\n\n<p><strong>Fuente: www.mendozapost.com.ar<\/strong><\/p>\n","protected":false},"excerpt":{"rendered":"<p>El intendente del municipio pampeano de General San Mart\u00edn, Ra\u00fal Espir&nbsp;y un grupo de andinistas, se perdieron en los \u00faltimos d\u00edas en el Cerro Marmolejo, ubicado en Tunuy\u00e1n, pero compartido con Chile.&nbsp;Este s\u00e1bado se activ\u00f3 un operativo de b\u00fasqueda del lado chileno.&nbsp; El intendente\u00a0Espir\u00a0viaj\u00f3 con el escribano del municipio, Sergio Berardo, y otras cuatro personas, [&hellip;]<\/p>\n","protected":false},"author":2,"featured_media":3507,"comment_status":"open","ping_status":"open","sticky":false,"template":"","format":"standard","meta":[],"categories":[48],"tags":[],"_links":{"self":[{"href":"https:\/\/pasaenmendoza.com\/index.php?rest_route=\/wp\/v2\/posts\/3501"}],"collection":[{"href":"https:\/\/pasaenmendoza.com\/index.php?rest_route=\/wp\/v2\/posts"}],"about":[{"href":"https:\/\/pasaenmendoza.com\/index.php?rest_route=\/wp\/v2\/types\/post"}],"author":[{"embeddable":true,"href":"https:\/\/pasaenmendoza.com\/index.php?rest_route=\/wp\/v2\/users\/2"}],"replies":[{"embeddable":true,"href":"https:\/\/pasaenmendoza.com\/index.php?rest_route=%2Fwp%2Fv2%2Fcomments&post=3501"}],"version-history":[{"count":1,"href":"https:\/\/pasaenmendoza.com\/index.php?rest_route=\/wp\/v2\/posts\/3501\/revisions"}],"predecessor-version":[{"id":3509,"href":"https:\/\/pasaenmendoza.com\/index.php?rest_route=\/wp\/v2\/posts\/3501\/revisions\/3509"}],"wp:featuredmedia":[{"embeddable":true,"href":"https:\/\/pasaenmendoza.com\/index.php?rest_route=\/wp\/v2\/media\/3507"}],"wp:attachment":[{"href":"https:\/\/pasaenmendoza.com\/index.php?rest_route=%2Fwp%2Fv2%2Fmedia&parent=3501"}],"wp:term":[{"taxonomy":"category","embeddable":true,"href":"https:\/\/pasaenmendoza.com\/index.php?rest_route=%2Fwp%2Fv2%2Fcategories&post=3501"},{"taxonomy":"post_tag","embeddable":true,"href":"https:\/\/pasaenmendoza.com\/index.php?rest_route=%2Fwp%2Fv2%2Ftags&post=3501"}],"curies":[{"name":"wp","href":"https:\/\/api.w.org\/{rel}","templated":true}]}}