{"id":3504,"date":"2023-12-04T13:38:32","date_gmt":"2023-12-04T12:38:32","guid":{"rendered":"https:\/\/pasaenmendoza.com\/?p=3504"},"modified":"2023-12-04T13:38:33","modified_gmt":"2023-12-04T12:38:33","slug":"lo-presti-aprovecho-la-debacle-de-orozco-y-tendra-mayoria-en-el-concejo-deliberante-de-las-heras","status":"publish","type":"post","link":"https:\/\/pasaenmendoza.com\/?p=3504","title":{"rendered":"Lo Presti aprovech\u00f3 la debacle de Orozco y tendr\u00e1 mayor\u00eda en el Concejo Deliberante de Las Heras"},"content":{"rendered":"\n<p>Este martes asumir\u00e1n los nuevos concejales y se elegir\u00e1 al nuevo presidente del cuerpo, que ser\u00e1 de Cambia Mendoza.<\/p>\n\n\n\n<p><strong>Las Heras<\/strong>&nbsp;sigue siendo el epicentro de la pol\u00edtica mendocina. En el departamento del Gran Mendoza se disput\u00f3 la madre de todas la batallas entre&nbsp;<strong>La Uni\u00f3n Mendocina (LAUM) y Cambia Mendoza (CM)<\/strong>, que se termin\u00f3 quedando con la intendencia de la mano de&nbsp;<strong>Francisco Lo Presti<\/strong>. El gran derrotado fue el todav\u00eda jefe comunal&nbsp;<strong>Daniel Orozco<\/strong>, que se qued\u00f3 con las manos vac\u00edas:&nbsp;<mark>no pudo ser vicegobernador<\/mark>&nbsp;(acompa\u00f1\u00f3 en la f\u00f3rmula opositora a Omar de Marchi)&nbsp;<mark>ni colocar a su ex aliado y hoy adversario<\/mark>,&nbsp;<strong>Mart\u00edn Bustos<\/strong>, como su sucesor.<\/p>\n\n\n\n<p>Sin embargo, como lo Presti gan\u00f3 por s\u00f3lo cuatro mil votos votos de diferencia,\u00a0<strong>CM hab\u00eda quedado en clara minor\u00eda en el Concejo Deliberante (HCD)<\/strong>. El cuerpo tiene 12 miembros e inicialmente, la divisi\u00f3n\u00a0<mark>le daba una c\u00f3moda mayor\u00eda a LAUM<\/mark>, con seis ediles contra tres del Frente Eleg\u00ed, dos de CM y una banca para el Partido Verde.<\/p>\n\n\n\n<p>Los d\u00edas posteriores a aquellas elecciones del 24 de septiembre\u00a0<strong>modificaron radicalmente el escenario pol\u00edtico en Las Heras<\/strong>\u00a0y esa conformaci\u00f3n del HCD, que amenazaba la gobernabilidad de Lo Presti,\u00a0<mark>qued\u00f3 obsoleta.<\/mark><\/p>\n\n\n\n<p>Debido a las causas judiciales (est\u00e1 imputado por el caso de la \u201ccooperativa fantasma\u201d) y a los reiterados problemas de gesti\u00f3n, la figura de Orozco empez\u00f3 a perder fuerza, al punto que dirigentes que respond\u00edan directamente decidieron soltarle la mano. Una de ellas fue la concejal electa\u00a0<strong>Laura Fern\u00e1ndez<\/strong>, que luego de conseguir su reelecci\u00f3n decidi\u00f3 volver a CM.<\/p>\n\n\n\n<p>A trav\u00e9s de un comunicado en sus redes sociales,\u00a0<strong>Fern\u00e1ndez justific\u00f3 salida LAUM<\/strong>\u00a0debido al \u201c<em>incumplimiento de los deberes y obligaciones por parte de Las Heras, lo cual ha tenido un impacto negativo directo en la calidad de vida de nuestros vecinos<\/em>\u201d. Y agreg\u00f3 que \u201c<em>la continua falta de respeto hacia la figura del concejal y del \u00f3rgano deliberativo, as\u00ed como el escaso apoyo recibido por parte de la Secretaria de Gobierno, dificultaron enormemente mi colaboraci\u00f3n para dise\u00f1ar e implementar pol\u00edticas p\u00fablicas municipales eficientes<\/em>\u201d.<\/p>\n\n\n\n<p>Con la llegada de Fern\u00e1ndez,\u00a0<mark>CM pas\u00f3 a tener tres concejales<\/mark>. Adem\u00e1s, en los \u00faltimos d\u00edas, empez\u00f3 a cobrar fuerza la versi\u00f3n que indica que otros dos ediles de LAUM analizan \u201c<em>seriamente<\/em>\u201d pegar el salto: se trata de\u00a0<strong>Eduardo Gonz\u00e1lez<\/strong>, de origen radical, y\u00a0<strong>Alberto Guajardo<\/strong>, del Partido de Agrupaciones Solidarias.<\/p>\n\n\n\n<p>Al ser consultado respecto a la posibilidad de que m\u00e1s ediles de LAUM vuelvan a CM, Lo Presti se\u00f1al\u00f3 que \u201c<em>muchos de ellos son radicales y que los ideales tarde o temprano terminan pesando<\/em>\u201d.<\/p>\n\n\n\n<p>En la misma sinton\u00eda, desde el entorno del intendente electo indicaron que m\u00e1s ediles podr\u00edan integrarse la bancada de CM<em>. \u201cPero hasta el momento no es nada seguro. Nosotros estamos abiertos a trabajar con todo el mundo, pero tambi\u00e9n somos memoriosos<\/em>\u201c, remarcaron.<\/p>\n\n\n\n<p>Incluso aseguraron que la misma noche que Lo Presti gan\u00f3 la intendencia, el flamante jefe comunal&nbsp;<mark>recibi\u00f3 \u201cvarios llamados\u201d de concejales y funcionarios de Orozco<\/mark>&nbsp;para ponerse a disposici\u00f3n durante su gesti\u00f3n. &nbsp;<\/p>\n\n\n\n<p>En caso de que concretarse el pase de Gonz\u00e1lez y Guajardo,&nbsp;<mark>el oficialismo departamental contar\u00e1 con cinco concejales<\/mark>, quedando en mayor\u00eda, mientras que LAUM tendr\u00e1 tres ediles, al igual que el peronismo. El Partido Verde, potencial aliado de CM, seguir\u00e1 con una sola banca.<\/p>\n\n\n\n<h2 class=\"wp-block-heading\" id=\"h-la-presidencia-del-hcd\">La presidencia del HCD<\/h2>\n\n\n\n<p>M\u00e1s all\u00e1 del pase confirmado de Fern\u00e1ndez, y del posible desembarco de Gonz\u00e1lez y Guajardo en CM,&nbsp;<strong>Lo Presti tendr\u00eda el apoyo del bloque del peronismo y del Partido Verde&nbsp;<\/strong>para imponer a un concejal de Cambia Mendoza en la presidencia del HCD.<\/p>\n\n\n\n<p>El intendente electo ya dej\u00f3 en claro que el lugar ser\u00e1 para \u201c<em>radicales puros y de su confianza<\/em>\u201d. Bajo este criterio,&nbsp;<mark>la disputa ser\u00e1 entre Noelia Delpir y Jos\u00e9 Mar\u00eda Villavicencio<\/mark>, que cuenta con el apoyo de dirigentes como Guillermo Bustos y Romina Ib\u00e1\u00f1ez y es el favorito para ocupar el cargo.<\/p>\n\n\n\n<p>Mientras que la vicepresidencia se la quedar\u00eda La Uni\u00f3n Mendocina. Para ese lugar suenan dos nombres:&nbsp;<strong>Viviana Riquelme<\/strong>, impulsada por Orozco, y&nbsp;<strong>Priscila Maturano<\/strong>, persona de m\u00e1xima confianza de la diputada provincial Janina Ortiz.<\/p>\n\n\n\n<h2 class=\"wp-block-heading\" id=\"h-la-pelea-de-cornejo-y-de-marchi\">La pelea de Cornejo y De Marchi<\/h2>\n\n\n\n<p>Puertas adentros de CM coinciden que\u00a0<mark>recuperar Las Heras era una obsesi\u00f3n para Cornejo<\/mark>, quien sigui\u00f3 de cerca la evoluci\u00f3n de las negociaciones pol\u00edticas que se sucedieron el territorio lasherino. Tal fue su inter\u00e9s que uno de los dirigentes de su m\u00e1xima confianza, el diputado provincial\u00a0<strong>Andr\u00e9s \u201cPeti\u201d Lombardi<\/strong>, lider\u00f3 el equipo de transici\u00f3n de Lo Presti.<\/p>\n\n\n\n<p>Incluso&nbsp;<mark>Cornejo pidi\u00f3 expresamente estar en el acto de asunci\u00f3n de Lo Presti<\/mark>, que se realizar\u00e1 el 11 de diciembre a las 19 en el Polimeni. La fecha y el horario se eligieron en base con la agenda apretada que mantiene el gobernador electo, que asumir\u00e1 el s\u00e1bado 9 por segunda vez como gobernador de Mendoza y un d\u00eda despu\u00e9s estar\u00e1 presente en la Ciudad de Buenos Aires para presenciar la jura de Javier Milei como presidente.<\/p>\n\n\n\n<p>Mientras que\u00a0<strong>De Marchi<\/strong>\u00a0se encuentra en plena contenci\u00f3n de su frente pol\u00edtico en Las Heras.\u00a0<mark>Con la imagen de Orozco completamente desdibujada<\/mark>, el l\u00edder de LAUM tom\u00f3 cartas en el asunto y se transform\u00f3 en la principal referencia de los dirigentes del espacio en el departamento.<\/p>\n\n\n\n<p><strong>De Marchi articula con Ortiz y Riquelme<\/strong>\u00a0la continuidad de LAUM como proyecto pol\u00edtico en Las Heras.\u00a0<mark>La principal preocupaci\u00f3n del dirigente del PRO es evitar m\u00e1s fugas<\/mark>, como sucedi\u00f3 en Ciudad y General Alvear, donde algunos concejales crearon sus propios monobloques.<\/p>\n\n\n\n<p>FUENTE: elsol.com.ar <\/p>\n","protected":false},"excerpt":{"rendered":"<p>Este martes asumir\u00e1n los nuevos concejales y se elegir\u00e1 al nuevo presidente del cuerpo, que ser\u00e1 de Cambia Mendoza. Las Heras&nbsp;sigue siendo el epicentro de la pol\u00edtica mendocina. En el departamento del Gran Mendoza se disput\u00f3 la madre de todas la batallas entre&nbsp;La Uni\u00f3n Mendocina (LAUM) y Cambia Mendoza (CM), que se termin\u00f3 quedando con [&hellip;]<\/p>\n","protected":false},"author":2,"featured_media":3505,"comment_status":"open","ping_status":"open","sticky":true,"template":"","format":"standard","meta":[],"categories":[47],"tags":[],"_links":{"self":[{"href":"https:\/\/pasaenmendoza.com\/index.php?rest_route=\/wp\/v2\/posts\/3504"}],"collection":[{"href":"https:\/\/pasaenmendoza.com\/index.php?rest_route=\/wp\/v2\/posts"}],"about":[{"href":"https:\/\/pasaenmendoza.com\/index.php?rest_route=\/wp\/v2\/types\/post"}],"author":[{"embeddable":true,"href":"https:\/\/pasaenmendoza.com\/index.php?rest_route=\/wp\/v2\/users\/2"}],"replies":[{"embeddable":true,"href":"https:\/\/pasaenmendoza.com\/index.php?rest_route=%2Fwp%2Fv2%2Fcomments&post=3504"}],"version-history":[{"count":1,"href":"https:\/\/pasaenmendoza.com\/index.php?rest_route=\/wp\/v2\/posts\/3504\/revisions"}],"predecessor-version":[{"id":3506,"href":"https:\/\/pasaenmendoza.com\/index.php?rest_route=\/wp\/v2\/posts\/3504\/revisions\/3506"}],"wp:featuredmedia":[{"embeddable":true,"href":"https:\/\/pasaenmendoza.com\/index.php?rest_route=\/wp\/v2\/media\/3505"}],"wp:attachment":[{"href":"https:\/\/pasaenmendoza.com\/index.php?rest_route=%2Fwp%2Fv2%2Fmedia&parent=3504"}],"wp:term":[{"taxonomy":"category","embeddable":true,"href":"https:\/\/pasaenmendoza.com\/index.php?rest_route=%2Fwp%2Fv2%2Fcategories&post=3504"},{"taxonomy":"post_tag","embeddable":true,"href":"https:\/\/pasaenmendoza.com\/index.php?rest_route=%2Fwp%2Fv2%2Ftags&post=3504"}],"curies":[{"name":"wp","href":"https:\/\/api.w.org\/{rel}","templated":true}]}}