{"id":3508,"date":"2023-12-04T13:42:42","date_gmt":"2023-12-04T12:42:42","guid":{"rendered":"https:\/\/pasaenmendoza.com\/?p=3508"},"modified":"2023-12-04T13:42:43","modified_gmt":"2023-12-04T12:42:43","slug":"hoy-presentan-la-ley-de-ministerios-que-cambiara-cornejo","status":"publish","type":"post","link":"https:\/\/pasaenmendoza.com\/?p=3508","title":{"rendered":"Hoy presentan la Ley de Ministerios: qu\u00e9 cambiar\u00e1 Cornejo"},"content":{"rendered":"\n<p>D\u00edas antes de que\u00a0Alfredo Cornejo\u00a0jure nuevamente como gobernador, desde su entorno confirmaron que\u00a0<strong>este lunes ingresar\u00e1 a la Legislatura la Ley de Ministerios<\/strong>\u00a0que establecer\u00e1 el organigrama de su segunda gesti\u00f3n al frente del Poder Ejecutivo, con una\u00a0<strong>estructura m\u00e1s acotada o &#8220;concentrada&#8221; que la de Rodolfo Suarez.<\/strong><\/p>\n\n\n\n<p>La principal novedad que tendr\u00e1 el gabinete de Cornejo es la\u00a0<strong>transformaci\u00f3n de la Direcci\u00f3n General de Escuelas (DGE) en su &#8220;s\u00faper ministerio&#8221;,<\/strong>\u00a0ya que le sumar\u00e1n parte de\u00a0<strong>Desarrollo Social\u00a0<\/strong>(lo vinculado a la infancia), la\u00a0<strong>Subsecretar\u00eda de Infraestructura Educativa<\/strong>\u00a0y &#8220;algo o la totalidad&#8221; de\u00a0<strong>Cultura<\/strong>, que dejar\u00e1 de ser ministerio.\u00a0<strong>&#8220;No hay educaci\u00f3n posible sin cultura&#8221;<\/strong>, destacaron en el c\u00edrculo de Cornejo.<\/p>\n\n\n\n<p>Hasta la semana pasada, Cornejo\u00a0<strong>evalu\u00f3 la posibilidad de sumar Deportes<\/strong>\u00a0a esta s\u00faper estructura, sobre todo lo que ten\u00eda que ver con Deporte Escolar, pero finalmente\u00a0<strong>desisti\u00f3<\/strong>\u00a0y seguir\u00e1 siendo parte de un Ministerio de Salud, Desarrollo Social (excepto el \u00e1rea que pasar\u00e1 a la DGE) y Deportes. A su vez, es un hecho que<strong>\u00a0Tadeo Garc\u00eda Zalazar<\/strong>, quien dejar\u00e1 de ser intendente de Godoy Cruz, est\u00e9 a cargo de esta enorme estructura.<\/p>\n\n\n\n<p>Un dato no menor: la&nbsp;<strong>DGE<\/strong>, ya sea acotada o con toda la estructura que le sumar\u00e1n, tiene<strong>&nbsp;rango constitucional&nbsp;<\/strong>y la Carta Magna establece ciertos requisitos para su titular, que formalmente debe ser&nbsp;<strong>propuesto por el gobernador y ratificado por el Senado<\/strong>, donde el candidato a Cornejo no tendr\u00e1 problemas en obtener el aval.&nbsp;En 2015, Cornejo le tom\u00f3 juramento a Jaime Correas, aclar\u00e1ndose en ese momento que entrar\u00eda en funciones una vez que la C\u00e1mara alta lo avale.&nbsp;<\/p>\n\n\n\n<p>Otra novedad que incluir\u00e1 la Ley de Ministerios que ingresar\u00e1 a la Legislatura es la &#8220;mudanza&#8221; de la\u00a0<strong>Subsecretar\u00eda de Justicia<\/strong>, que dejar\u00e1 de estar bajo la \u00f3rbita del Ministerio de Gobierno y pasar\u00e1 a ser parte del\u00a0<strong>Ministerio de Seguridad<\/strong>. Adem\u00e1s, probablemente haya una fusi\u00f3n entre el Ministerio de Econom\u00eda y Energ\u00eda y el Ministerio de Planificaci\u00f3n e Infraestructura.<\/p>\n\n\n\n<p>Fuentes cercanas al gobernador electo indicaron que una vez que la nueva Ley de Ministerios sea aprobado, C<strong>ornejo dar\u00eda a conocer qui\u00e9nes ser\u00e1n sus ministros<\/strong>. En principio, esto ocurrir\u00eda el\u00a0<strong>mi\u00e9rcoles<\/strong>, una vez que la C\u00e1mara de Diputados ratifique la eventual sanci\u00f3n del Senado.<\/p>\n\n\n\n<p>FUENTE: Mendozapost.<\/p>\n","protected":false},"excerpt":{"rendered":"<p>D\u00edas antes de que\u00a0Alfredo Cornejo\u00a0jure nuevamente como gobernador, desde su entorno confirmaron que\u00a0este lunes ingresar\u00e1 a la Legislatura la Ley de Ministerios\u00a0que establecer\u00e1 el organigrama de su segunda gesti\u00f3n al frente del Poder Ejecutivo, con una\u00a0estructura m\u00e1s acotada o &#8220;concentrada&#8221; que la de Rodolfo Suarez. La principal novedad que tendr\u00e1 el gabinete de Cornejo es [&hellip;]<\/p>\n","protected":false},"author":2,"featured_media":3511,"comment_status":"open","ping_status":"open","sticky":true,"template":"","format":"standard","meta":[],"categories":[47],"tags":[],"_links":{"self":[{"href":"https:\/\/pasaenmendoza.com\/index.php?rest_route=\/wp\/v2\/posts\/3508"}],"collection":[{"href":"https:\/\/pasaenmendoza.com\/index.php?rest_route=\/wp\/v2\/posts"}],"about":[{"href":"https:\/\/pasaenmendoza.com\/index.php?rest_route=\/wp\/v2\/types\/post"}],"author":[{"embeddable":true,"href":"https:\/\/pasaenmendoza.com\/index.php?rest_route=\/wp\/v2\/users\/2"}],"replies":[{"embeddable":true,"href":"https:\/\/pasaenmendoza.com\/index.php?rest_route=%2Fwp%2Fv2%2Fcomments&post=3508"}],"version-history":[{"count":1,"href":"https:\/\/pasaenmendoza.com\/index.php?rest_route=\/wp\/v2\/posts\/3508\/revisions"}],"predecessor-version":[{"id":3512,"href":"https:\/\/pasaenmendoza.com\/index.php?rest_route=\/wp\/v2\/posts\/3508\/revisions\/3512"}],"wp:featuredmedia":[{"embeddable":true,"href":"https:\/\/pasaenmendoza.com\/index.php?rest_route=\/wp\/v2\/media\/3511"}],"wp:attachment":[{"href":"https:\/\/pasaenmendoza.com\/index.php?rest_route=%2Fwp%2Fv2%2Fmedia&parent=3508"}],"wp:term":[{"taxonomy":"category","embeddable":true,"href":"https:\/\/pasaenmendoza.com\/index.php?rest_route=%2Fwp%2Fv2%2Fcategories&post=3508"},{"taxonomy":"post_tag","embeddable":true,"href":"https:\/\/pasaenmendoza.com\/index.php?rest_route=%2Fwp%2Fv2%2Ftags&post=3508"}],"curies":[{"name":"wp","href":"https:\/\/api.w.org\/{rel}","templated":true}]}}