{"id":3510,"date":"2023-12-04T13:45:20","date_gmt":"2023-12-04T12:45:20","guid":{"rendered":"https:\/\/pasaenmendoza.com\/?p=3510"},"modified":"2023-12-04T13:45:21","modified_gmt":"2023-12-04T12:45:21","slug":"la-impactante-historia-de-ignacio-lucero-el-andinista-mendocino-perdido-en-el-marmolejo","status":"publish","type":"post","link":"https:\/\/pasaenmendoza.com\/?p=3510","title":{"rendered":"La impactante historia de Ignacio Lucero, el andinista mendocino perdido en el Marmolejo"},"content":{"rendered":"\n<p>La vida de<strong>&nbsp;Ignacio Lucero<\/strong>, el andinista mendocino de 49 a\u00f1os que es intensamente buscado tras haberse extraviado en el cerro&nbsp;<strong>Marmolejo<\/strong>, en<strong>&nbsp;Chile<\/strong>, siempre estuvo signada por grandes desaf\u00edos y aventuras.<\/p>\n\n\n\n<p><mark>En octubre del 2011, el monta\u00f1ista sufri\u00f3 un infarto mientras escalaba el Himalaya, a unos 7300 metros de altura<\/mark>, un hecho sin precedentes, ya que logr\u00f3 recuperarse.<\/p>\n\n\n\n<p>En ese entonces,<mark>\u00a0el andinista ten\u00eda 38 a\u00f1os y termin\u00f3 internado en terapia intensiva, con pron\u00f3stico reservado. Su estado revest\u00eda mucha gravedad, de hecho, perdi\u00f3 el habla;<\/mark>\u00a0sin embargo, logr\u00f3 sortear los obst\u00e1culos y se recuper\u00f3.<\/p>\n\n\n\n<p><em>\u201cNo s\u00e9 si hay antecedentes sobre un infarto a altura, a 7.300 metros. No s\u00e9 si hay antecedentes con sobrevivientes. Tengo que contarlo, tengo que poder contarlo\u201d,&nbsp;<\/em>&nbsp;le expres\u00f3 a quien era su novia, Mariana Alvarado, que tras lo ocurrido viaj\u00f3 de urgencia a la ciudad nepalesa de Katmand\u00fa.<\/p>\n\n\n\n<p>En la oportunidad,&nbsp;<mark>Lucero fue sometido a una intervenci\u00f3n de angioplastia y se le coloc\u00f3 un stent.<\/mark><\/p>\n\n\n\n<p>El mendocino realiz\u00f3 62 expediciones al Aconcagua, adem\u00e1s de decenas de experiencias en m\u00e1s de 20 picos superiores a los 4.500 metros en la Argentina.<\/p>\n\n\n\n<p>En Chile hab\u00eda hecho al menos seis expediciones. Realiz\u00f3 expediciones en otros 13 pa\u00edses, en puntos tan distantes como\u00a0Espa\u00f1a, India y Tanzania. Aunque fue en\u00a0Nepal que cambi\u00f3 su vida.<\/p>\n\n\n\n<p>En una extensa reflexi\u00f3n en 2021, el propio Lucero describi\u00f3 lo que le ocurri\u00f3 en el Himalaya y las pocas chances que ten\u00eda de volver a hacer monta\u00f1ismo, por lo que se vio obligado a reconfigurarse:\u00a0<em>\u201cLuego de ese accidente me qued\u00e9 sin nada: no pod\u00eda interpretar, ni ver la hora, ni siquiera hablar; gracias al ACV que sufr\u00ed mientras me operaban en Nepal. Me dijeron que nunca m\u00e1s har\u00eda monta\u00f1ismo. La ciencia me hab\u00eda lapidado. Fueron claros: no hab\u00eda chance de volver a exponerme a esa hipoxia y altura. Es que luego de un infarto a m\u00e1s de 6000 msnm, d\u00edas de caminata en la monta\u00f1a para ser evacuado y un ACV en medio de la operaci\u00f3n no era un antecedente muy prometedor. Ten\u00eda las 2 lesiones m\u00e1s grandes posibles, el coraz\u00f3n y la cabeza. \u2018Me tengo que reconfigurar\u2019, pens\u00e9\u201d.<\/em><\/p>\n\n\n\n<p><em>\u201cLa monta\u00f1a me lastim\u00f3, pero me dio todas las herramientas para recuperarme\u201d,\u00a0<\/em>reflexion\u00f3 el mendocino.<\/p>\n\n\n\n<p><strong>El operativo de rescate, en marcha<\/strong><\/p>\n\n\n\n<p>En las \u00faltimas horas, se supo que tres andinistas argentinos, entre los cuales se encontraban Ignacio Lucero, son intensamente buscados tras haberse perdido en el cerro Marmolejo, cuya cima se corresponde con el l\u00edmite internacional entre Chile y Argentina.<\/p>\n\n\n\n<p>Personal de rescate de Mendoza llam\u00f3 a \u201cconfiar en las tareas que est\u00e1 realizando el personal del GOPE del lado chileno, con quien se est\u00e1 manteniendo estrecha comunicaci\u00f3n y con las premisas necesarias para no obstaculizar las mismas\u201d.<\/p>\n\n\n\n<p>Por el momento, se est\u00e1n realizando tareas de b\u00fasqueda con helic\u00f3pteros del lado chileno, dado que las distancias de aproximaci\u00f3n y la ruta de acceso usada por la expedici\u00f3n es de ese lado de la frontera.<\/p>\n\n\n\n<p><strong>Fuente: www.elsol.com.ar<\/strong><\/p>\n","protected":false},"excerpt":{"rendered":"<p>La vida de&nbsp;Ignacio Lucero, el andinista mendocino de 49 a\u00f1os que es intensamente buscado tras haberse extraviado en el cerro&nbsp;Marmolejo, en&nbsp;Chile, siempre estuvo signada por grandes desaf\u00edos y aventuras. En octubre del 2011, el monta\u00f1ista sufri\u00f3 un infarto mientras escalaba el Himalaya, a unos 7300 metros de altura, un hecho sin precedentes, ya que logr\u00f3 [&hellip;]<\/p>\n","protected":false},"author":2,"featured_media":3514,"comment_status":"open","ping_status":"open","sticky":false,"template":"","format":"standard","meta":[],"categories":[50],"tags":[],"_links":{"self":[{"href":"https:\/\/pasaenmendoza.com\/index.php?rest_route=\/wp\/v2\/posts\/3510"}],"collection":[{"href":"https:\/\/pasaenmendoza.com\/index.php?rest_route=\/wp\/v2\/posts"}],"about":[{"href":"https:\/\/pasaenmendoza.com\/index.php?rest_route=\/wp\/v2\/types\/post"}],"author":[{"embeddable":true,"href":"https:\/\/pasaenmendoza.com\/index.php?rest_route=\/wp\/v2\/users\/2"}],"replies":[{"embeddable":true,"href":"https:\/\/pasaenmendoza.com\/index.php?rest_route=%2Fwp%2Fv2%2Fcomments&post=3510"}],"version-history":[{"count":1,"href":"https:\/\/pasaenmendoza.com\/index.php?rest_route=\/wp\/v2\/posts\/3510\/revisions"}],"predecessor-version":[{"id":3515,"href":"https:\/\/pasaenmendoza.com\/index.php?rest_route=\/wp\/v2\/posts\/3510\/revisions\/3515"}],"wp:featuredmedia":[{"embeddable":true,"href":"https:\/\/pasaenmendoza.com\/index.php?rest_route=\/wp\/v2\/media\/3514"}],"wp:attachment":[{"href":"https:\/\/pasaenmendoza.com\/index.php?rest_route=%2Fwp%2Fv2%2Fmedia&parent=3510"}],"wp:term":[{"taxonomy":"category","embeddable":true,"href":"https:\/\/pasaenmendoza.com\/index.php?rest_route=%2Fwp%2Fv2%2Fcategories&post=3510"},{"taxonomy":"post_tag","embeddable":true,"href":"https:\/\/pasaenmendoza.com\/index.php?rest_route=%2Fwp%2Fv2%2Ftags&post=3510"}],"curies":[{"name":"wp","href":"https:\/\/api.w.org\/{rel}","templated":true}]}}