{"id":3513,"date":"2023-12-04T13:46:48","date_gmt":"2023-12-04T12:46:48","guid":{"rendered":"https:\/\/pasaenmendoza.com\/?p=3513"},"modified":"2023-12-04T13:46:49","modified_gmt":"2023-12-04T12:46:49","slug":"guillermo-francos-confirmo-que-milei-quiere-a-luis-petri-en-el-ministerio-de-defensa","status":"publish","type":"post","link":"https:\/\/pasaenmendoza.com\/?p=3513","title":{"rendered":"Guillermo Francos confirm\u00f3 que Milei quiere a Luis Petri en el ministerio de Defensa"},"content":{"rendered":"\n<p>El futuro ministro del Interior tambi\u00e9n se\u00f1al\u00f3 que el presidente electo har\u00e1 el pedido de eliminaci\u00f3n de las PASO y realizar\u00e1 el llamado a sesiones extraordinarias<\/p>\n\n\n\n<p>El futuro ministro del Interior,\u00a0<strong>Guillermo Francos<\/strong>, confirm\u00f3 que &#8220;hay\u00a0<strong>negociaciones muy avanzadas&#8221; para que el exdiputado\u00a0Luis Petri\u00a0ocupe la cartera de Defensa\u00a0<\/strong>y que, si bien su designaci\u00f3n debe ser &#8220;confirmada&#8221; por el presidente electo, el nombramiento del mendocino &#8220;est\u00e1 en conversaciones&#8221;.<\/p>\n\n\n\n<p>Adem\u00e1s, Franco dijo que el presidente electo,&nbsp;<strong>Javier Milei, enviar\u00e1 al Congreso el pedido para que se eliminen<\/strong>&nbsp;las elecciones primarias abiertas, simult\u00e1neas y obligatorias (<strong>PASO<\/strong>) y ratific\u00f3 que en su discurso de asunci\u00f3n anunciar\u00e1 el&nbsp;<strong>llamado a sesiones extraordinarias<\/strong>.<\/p>\n\n\n\n<p>&#8220;La&nbsp;<strong>eliminaci\u00f3n de las PASO<\/strong>&nbsp;es uno de los temas para incorporar&#8221; al conjunto de leyes que Milei enviar\u00e1 al Congreso, asegur\u00f3 Francos en una entrevista en La Naci\u00f3n+.<\/p>\n\n\n\n<p>Adem\u00e1s confirm\u00f3 que Milei, ante la Asamblea Legislativa el pr\u00f3ximo domingo 10 de diciembre,<strong>\u00a0&#8220;anunciar\u00e1 el llamado a extraordinarias&#8221;<\/strong>\u00a0para tratar esas iniciativas.<\/p>\n\n\n\n<p>Respecto a la conformaci\u00f3n del gabinete del Gobierno de La Libertad Avanza (LLA), el expresidente del Banco Provincia de Buenos Aires admiti\u00f3 que el\u00a0<strong>exdiputado Luis Petri es el candidato a ser el ministro de Defensa.<\/strong><\/p>\n\n\n\n<p>Francos asegur\u00f3 que<strong>&nbsp;&#8220;ya est\u00e1 definido&#8221; quien se pondr\u00e1 al frente de la Agencia Federal de Inteligencia (AFI)<\/strong>&nbsp;pero dijo que ser\u00e1 el propio Milei quien lo comunique.<\/p>\n\n\n\n<p>Adelant\u00f3 que una vez establecido el gobierno de LLA ese organismo &#8220;se va a&nbsp;<strong>reestructurar<\/strong>&#8220;.<\/p>\n\n\n\n<h2 class=\"wp-block-heading\">Reorganizaci\u00f3n del organigrama p\u00fablico<\/h2>\n\n\n\n<p>Consultado por los pases a planta en organismos del Estado, asegur\u00f3 que despu\u00e9s del 10 de diciembre &#8220;<strong>judicializaremos lo que haya que judicializar y quienes hayan entrado por la ventana saldr\u00e1n por la puerta<\/strong>, porque somos respetuosos&#8221;, en referencia a presuntos&nbsp;<strong>despidos&nbsp;<\/strong>de personal estatal.<\/p>\n\n\n\n<p>&#8220;Est\u00e1 claro que cuando uno reduce no se acaban todas las funciones, algunas se eliminar\u00e1n y otras se readecuar\u00e1n&#8221;, asegur\u00f3 Francos, y explic\u00f3 que habr\u00e1&nbsp;<strong>una &#8220;reestructuraci\u00f3n del organigrama p\u00fablico<\/strong>, donde hoy hay ministerios que est\u00e1n superpoblados que se tendr\u00e1n que reducir&#8221;.<\/p>\n\n\n\n<p><strong>En el sistema judicial &#8220;va a haber un recorte grande&#8221;<\/strong>,ejemplific\u00f3.<\/p>\n\n\n\n<h2 class=\"wp-block-heading\">El armado en el Congreso Nacional<\/h2>\n\n\n\n<p>Respecto a las tensiones internas sobre la conducci\u00f3n de las C\u00e1maras del Congreso y los &#8220;consensos&#8221; a partir del apoyo del expresidente Mauricio Macri a la f\u00f3rmula Milei-Victoria Villarruel en el balotaje, Francos asegur\u00f3 que &#8220;siempre se habla con todos en distintas circunstancias&#8221; y manifest\u00f3 que al dialogar con otras fuerzas &#8220;<strong>no queremos ser ni peronistas 2.0 ni Juntos por el Cambio (JxC) 2.0<\/strong>. Somos un espacio pol\u00edtico que obtuvo reconocimiento popular enorme&#8221;.<\/p>\n\n\n\n<p>&#8220;Creo que mucha gente de JxC nos hubiera votado igual, pero la expresi\u00f3n de\u00a0<strong>Patricia Bullrich<\/strong>\u00a0(designada ministra de Seguridad) y\u00a0<strong>Luis Petri<\/strong>\u00a0con el acompa\u00f1amiento de\u00a0<strong>Mauricio Macri<\/strong>\u00a0fueron determinantes para la elecci\u00f3n&#8221;, reflexion\u00f3.<\/p>\n\n\n\n<p>En materia econ\u00f3mica asegur\u00f3: &#8220;<strong>Yo me quedar\u00eda tranquilo con el d\u00f3lar<\/strong>, porque no veo motivo por el cual hubiera una disparada&#8221; de la moneda extranjera luego del 10 de diciembre, y consider\u00f3 que &#8220;<strong>600 o 650 pesos podr\u00eda ser un valor razonable del d\u00f3lar<\/strong>&#8221; oficial en el futuro.<\/p>\n\n\n\n<p>Tambi\u00e9n asegur\u00f3 que el equipo del designado ministro de Econom\u00eda,&nbsp;<strong>Luis Caputo<\/strong>, &#8220;est\u00e1 trabajando con el tema de las leliqs (letras de liquidez)&#8221; junto al propio Milei (quien es economista) y consider\u00f3 que la expresi\u00f3n &#8220;no hay plata&#8221; que el presidente electo repiti\u00f3 en las \u00faltimas entrevistas indica que &#8220;los argentinos entiendan que&nbsp;<strong>se termin\u00f3 la maquinita&nbsp;<\/strong>(de imprimir billetes) a partir del 10 de diciembre&#8221;.<\/p>\n\n\n\n<p><strong>&#8220;Va a estar la plata que hay&#8221;<\/strong>, asegur\u00f3, y puntualiz\u00f3 que &#8220;hay situaciones que demandan recursos que el Estado tiene y otras que el Estado no tiene, y para eso habr\u00e1 que analizar prioridades&#8221;.<\/p>\n\n\n\n<p>FUENTE: Diariouno.com.ar <\/p>\n","protected":false},"excerpt":{"rendered":"<p>El futuro ministro del Interior tambi\u00e9n se\u00f1al\u00f3 que el presidente electo har\u00e1 el pedido de eliminaci\u00f3n de las PASO y realizar\u00e1 el llamado a sesiones extraordinarias El futuro ministro del Interior,\u00a0Guillermo Francos, confirm\u00f3 que &#8220;hay\u00a0negociaciones muy avanzadas&#8221; para que el exdiputado\u00a0Luis Petri\u00a0ocupe la cartera de Defensa\u00a0y que, si bien su designaci\u00f3n debe ser &#8220;confirmada&#8221; por [&hellip;]<\/p>\n","protected":false},"author":2,"featured_media":3516,"comment_status":"open","ping_status":"open","sticky":true,"template":"","format":"standard","meta":[],"categories":[47],"tags":[],"_links":{"self":[{"href":"https:\/\/pasaenmendoza.com\/index.php?rest_route=\/wp\/v2\/posts\/3513"}],"collection":[{"href":"https:\/\/pasaenmendoza.com\/index.php?rest_route=\/wp\/v2\/posts"}],"about":[{"href":"https:\/\/pasaenmendoza.com\/index.php?rest_route=\/wp\/v2\/types\/post"}],"author":[{"embeddable":true,"href":"https:\/\/pasaenmendoza.com\/index.php?rest_route=\/wp\/v2\/users\/2"}],"replies":[{"embeddable":true,"href":"https:\/\/pasaenmendoza.com\/index.php?rest_route=%2Fwp%2Fv2%2Fcomments&post=3513"}],"version-history":[{"count":1,"href":"https:\/\/pasaenmendoza.com\/index.php?rest_route=\/wp\/v2\/posts\/3513\/revisions"}],"predecessor-version":[{"id":3517,"href":"https:\/\/pasaenmendoza.com\/index.php?rest_route=\/wp\/v2\/posts\/3513\/revisions\/3517"}],"wp:featuredmedia":[{"embeddable":true,"href":"https:\/\/pasaenmendoza.com\/index.php?rest_route=\/wp\/v2\/media\/3516"}],"wp:attachment":[{"href":"https:\/\/pasaenmendoza.com\/index.php?rest_route=%2Fwp%2Fv2%2Fmedia&parent=3513"}],"wp:term":[{"taxonomy":"category","embeddable":true,"href":"https:\/\/pasaenmendoza.com\/index.php?rest_route=%2Fwp%2Fv2%2Fcategories&post=3513"},{"taxonomy":"post_tag","embeddable":true,"href":"https:\/\/pasaenmendoza.com\/index.php?rest_route=%2Fwp%2Fv2%2Ftags&post=3513"}],"curies":[{"name":"wp","href":"https:\/\/api.w.org\/{rel}","templated":true}]}}