{"id":3529,"date":"2023-12-04T14:45:34","date_gmt":"2023-12-04T13:45:34","guid":{"rendered":"https:\/\/pasaenmendoza.com\/?p=3529"},"modified":"2023-12-04T14:45:35","modified_gmt":"2023-12-04T13:45:35","slug":"lanzaron-una-convocatoria-para-la-entrega-de-viviendas-en-un-municipio","status":"publish","type":"post","link":"https:\/\/pasaenmendoza.com\/?p=3529","title":{"rendered":"Lanzaron una convocatoria para la entrega de viviendas en un municipio"},"content":{"rendered":"\n<p>A trav\u00e9s de un decreto municipal publicado esta ma\u00f1ana en el\u00a0Bolet\u00edn Oficial, la Municipalidad de\u00a0<strong>Godoy Cruz<\/strong>\u00a0abri\u00f3 la convocatoria para aquellos interesados en participar del proceso de selecci\u00f3n y posterior adjudicaci\u00f3n de las\u00a0<strong>viviendas<\/strong>\u00a0ubicadas en el barrio &#8220;Los Constituyentes II&#8221;.<\/p>\n\n\n\n<p>El decreto firmado por el intendente de<strong>&nbsp;Godoy Cruz<\/strong>, Tadeo Garc\u00eda Zalazar, expresa que &#8220;la secretar\u00eda de Innovaci\u00f3n, Legal y T\u00e9cnica tramita la reglamentaci\u00f3n del proceso de selecci\u00f3n y posterior adjudicaci\u00f3n de las unidades habitacionales que componen el barrio \u201cLos Constituyentes II\u201d, ubicado en calle V\u00e9lez Sarsfield, entre calles Augusto T. Vandor y Rafael Cubillos, del distrito de San Francisco del Monte, departamento de&nbsp;<strong>Godoy Cruz<\/strong>&#8220;.&nbsp;<\/p>\n\n\n\n<p>Seg\u00fan expresa el escrito, las\u00a0<strong>viviendas<\/strong>\u00a0construidas\u00a0en el barrio &#8220;Los Constituyentes II&#8221; est\u00e1n en condiciones de ser entregadas una vez realizada la convocatoria y selecci\u00f3n de los interesados.<\/p>\n\n\n\n<p>En cuanto a la evaluaci\u00f3n de los postulantes, el\u00a0decreto\u00a0expresa que &#8220;habiendo financiado una parte de la construcci\u00f3n el Instituto Provincial de la Vivienda, resulta necesario y conveniente que la evaluaci\u00f3n social y financiera de los postulantes se realice con la participaci\u00f3n de dicha entidad y de conformidad con la normativa legal vigente&#8221;.<\/p>\n\n\n\n<p>La adjudicaci\u00f3n de las viviendas as\u00ed como tambi\u00e9n el precio y financiaci\u00f3n de las mismas, se realizar\u00e1 seg\u00fan los criterios y lineamientos que contiene el\u00a0decreto publicado.\u00a0<\/p>\n\n\n\n<h2 class=\"wp-block-heading\">Requisitos<\/h2>\n\n\n\n<ul>\n<li>Ser argentino (nativo o nacionalizado) o extranjero legalmente radicado con una antig\u00fcedad de radicaci\u00f3n m\u00ednima de cinco (5) a\u00f1os en la provincia, con documento nacional de identidad emitido por la Rep\u00fablica Argentina, tener residencia en el departamento de&nbsp;<strong>Godoy Cruz<\/strong>&nbsp;y no poseer deuda alguna con la Municipalidad. Deber\u00e1n constituir domicilio especial electr\u00f3nico, donde se efectuar\u00e1n y se tendr\u00e1n por v\u00e1lidas todas las notificaciones que all\u00ed se cursen con relaci\u00f3n a la presente operatoria de vivienda y su procedimiento de selecci\u00f3n y adjudicaci\u00f3n. Tendr\u00e1n prioridad los vecinos de<strong>&nbsp;Godoy Cruz,<\/strong>&nbsp;con carga de familia.<\/li>\n\n\n\n<li>En el caso de los convivientes, los mismos ser\u00e1n co-postulantes y cotitulares del cr\u00e9dito y deber\u00e1n constituir domicilio especial electr\u00f3nico unificado.<\/li>\n\n\n\n<li>Los postulantes\/ Co-postulantes no podr\u00e1n ser titulares registrales de inmuebles. Aquellos que registren derechos de propiedad compartidos sobre inmuebles, deber\u00e1n demostrar&nbsp; fehacientemente la indisponibilidad de los mismos como vivienda para uso familiar y&nbsp;su efectiva necesidad habitacional, quedando sujeto a evaluaci\u00f3n del Fideicomiso, conforme documentaci\u00f3n y pruebas que se aporten.<\/li>\n\n\n\n<li>No podr\u00e1n ser postulantes\/Co-postulantes aquellas personas que hayan sido adjudicatarios y\/o beneficiarios de cr\u00e9ditos hipotecarios por parte del IPV o entidades Bancarias. 5.- Deber\u00e1n presentar certificaci\u00f3n de ingresos o los \u00faltimos doce (12) recibos de sueldo los postulantes y\/o co-postulantes, y\/o grupo familiar. 6.- No podr\u00e1n encontrarse inhibidos al momento de escriturar la vivienda.<\/li>\n\n\n\n<li>El ingreso m\u00ednimo que deber\u00e1 acreditar el postulante y\/o co-postulantes, ser\u00e1 de entre 3(TRES) y 8 (OCHO) SMVM (Salario M\u00ednimo Vital y M\u00f3vil). Siempre y cuando del oportuno an\u00e1lisis financiero, surja que posea una disponibilidad de los ingresos nunca inferior al 50% de los ingresos indicados. 8. No podr\u00e1n ser postulantes\/co-postulantes aquellos que se encuentren incluidos en el registro de Deudores Alimentarios. 9.- Deber\u00e1n ser parte integrante del fideicomiso creado al efecto, debiendo cumplir las aptitudes requeridas por el mismo, entre ellas, la edad m\u00ednima de quienes figuren como titulares o Cotitulares, la cual ser\u00e1 de: ser mayor de edad .<\/li>\n\n\n\n<li>Antig\u00fcedad laboral m\u00ednima requerida que deber\u00e1n acreditar: \u2022 Empleados en relaci\u00f3n de dependencia: m\u00ednima de 6 (seis) meses. \u2022 Empleados contratados: m\u00ednima de 1 a\u00f1o y contrato anual vigente. \u2022 Empleados P\u00fablicos: m\u00ednima de 1 a\u00f1o. \u2022 Aut\u00f3nomos Inscriptos en Ganancias: 1 (un) a\u00f1o en el ejercicio de la profesi\u00f3n u oficio a partir de la presentaci\u00f3n de la primera DDJJ de Ganancias. \u2022 Monotributistas: 2 (dos) a\u00f1os de antig\u00fcedad en la profesi\u00f3n u oficio a partir de la inscripci\u00f3n en el Monotributo.<\/li>\n<\/ul>\n\n\n\n<p><strong>Fuente: www.mdzol.com<\/strong><\/p>\n","protected":false},"excerpt":{"rendered":"<p>A trav\u00e9s de un decreto municipal publicado esta ma\u00f1ana en el\u00a0Bolet\u00edn Oficial, la Municipalidad de\u00a0Godoy Cruz\u00a0abri\u00f3 la convocatoria para aquellos interesados en participar del proceso de selecci\u00f3n y posterior adjudicaci\u00f3n de las\u00a0viviendas\u00a0ubicadas en el barrio &#8220;Los Constituyentes II&#8221;. El decreto firmado por el intendente de&nbsp;Godoy Cruz, Tadeo Garc\u00eda Zalazar, expresa que &#8220;la secretar\u00eda de Innovaci\u00f3n, [&hellip;]<\/p>\n","protected":false},"author":2,"featured_media":3533,"comment_status":"open","ping_status":"open","sticky":false,"template":"","format":"standard","meta":[],"categories":[65],"tags":[],"_links":{"self":[{"href":"https:\/\/pasaenmendoza.com\/index.php?rest_route=\/wp\/v2\/posts\/3529"}],"collection":[{"href":"https:\/\/pasaenmendoza.com\/index.php?rest_route=\/wp\/v2\/posts"}],"about":[{"href":"https:\/\/pasaenmendoza.com\/index.php?rest_route=\/wp\/v2\/types\/post"}],"author":[{"embeddable":true,"href":"https:\/\/pasaenmendoza.com\/index.php?rest_route=\/wp\/v2\/users\/2"}],"replies":[{"embeddable":true,"href":"https:\/\/pasaenmendoza.com\/index.php?rest_route=%2Fwp%2Fv2%2Fcomments&post=3529"}],"version-history":[{"count":1,"href":"https:\/\/pasaenmendoza.com\/index.php?rest_route=\/wp\/v2\/posts\/3529\/revisions"}],"predecessor-version":[{"id":3534,"href":"https:\/\/pasaenmendoza.com\/index.php?rest_route=\/wp\/v2\/posts\/3529\/revisions\/3534"}],"wp:featuredmedia":[{"embeddable":true,"href":"https:\/\/pasaenmendoza.com\/index.php?rest_route=\/wp\/v2\/media\/3533"}],"wp:attachment":[{"href":"https:\/\/pasaenmendoza.com\/index.php?rest_route=%2Fwp%2Fv2%2Fmedia&parent=3529"}],"wp:term":[{"taxonomy":"category","embeddable":true,"href":"https:\/\/pasaenmendoza.com\/index.php?rest_route=%2Fwp%2Fv2%2Fcategories&post=3529"},{"taxonomy":"post_tag","embeddable":true,"href":"https:\/\/pasaenmendoza.com\/index.php?rest_route=%2Fwp%2Fv2%2Ftags&post=3529"}],"curies":[{"name":"wp","href":"https:\/\/api.w.org\/{rel}","templated":true}]}}