{"id":3541,"date":"2023-12-05T12:07:48","date_gmt":"2023-12-05T11:07:48","guid":{"rendered":"https:\/\/pasaenmendoza.com\/?p=3541"},"modified":"2023-12-05T12:07:49","modified_gmt":"2023-12-05T11:07:49","slug":"mendoza-creara-un-centro-de-dia-para-jovenes-con-problemas-mentales-y-adicciones","status":"publish","type":"post","link":"https:\/\/pasaenmendoza.com\/?p=3541","title":{"rendered":"Mendoza crear\u00e1 un Centro de D\u00eda para j\u00f3venes con problemas mentales y adicciones"},"content":{"rendered":"\n<p>La&nbsp;<strong>pandemia de coronavirus<\/strong>&nbsp;trajo aparejado serios inconvenientes en la salud mental de las personas, en especial de j\u00f3venes y adolescentes. Por tal motivo, los profesionales de Mendoza celebran que en la provincia se crear\u00e1 un un<strong>&nbsp;Centro de D\u00eda<\/strong>, destinado a ese grupo etario.<\/p>\n\n\n\n<p>La noticia se dio a conocer en el Bolet\u00edn Oficial y de acuerdo con lo establecido en la Resoluci\u00f3n N\u00ba 3371, el lugar llevar\u00e1 por nombre&nbsp;<strong>El Faro<\/strong>&nbsp;y&nbsp;<mark>servir\u00e1 para realizar abordajes de problem\u00e1ticas subjetivas y padecimientos mentales de j\u00f3venes y adolescentes.<\/mark><\/p>\n\n\n\n<p>La normativa, dispuesta por la&nbsp;<strong>Direcci\u00f3n de Salud Mental y Adicciones,<\/strong>&nbsp;bajo la firma de la actual ministra de Salud,&nbsp;<strong>Ana Mar\u00eda Nadal,&nbsp;<\/strong>establece que el dispositivo funcionar\u00e1 en el distrito Fray Luis Beltr\u00e1n y ser\u00e1 un espacio atravesado por lo art\u00edstico, lo cultural y deportivo para el abordaje de las problem\u00e1ticas.<\/p>\n\n\n\n<p><object data=\"https:\/\/newspack-elsol.s3.amazonaws.com\/wp-content\/uploads\/2023\/12\/centro-de-dia-El-Faro.pdf\" type=\"application\/pdf\"><\/object><\/p>\n\n\n\n<h2 class=\"wp-block-heading\">Los adolescentes, con serios problemas mentales<\/h2>\n\n\n\n<p>En los \u00faltimos a\u00f1os, sobre todo, tras la pandemia de coronavirus,<mark>&nbsp;se ha observado un alto registro de casos de adicciones y padecimientos mentales en j\u00f3venes.<\/mark><\/p>\n\n\n\n<p>Seg\u00fan relat\u00f3&nbsp;<strong>Sandra Kassis Barcudi<\/strong>, directora del hospital Carlos Pereyra,<em>&nbsp;\u201cse tratan de patolog\u00edas que cada vez se est\u00e1n dando en edades m\u00e1s tempranas\u201d.<\/em><\/p>\n\n\n\n<p>A la hora de dar cuenta de los\u00a0<mark>diagn\u00f3sticos que m\u00e1s sobresalen<\/mark>, la profesional indic\u00f3 que<em>\u00a0\u201cse observan trastornos de ansiedad, intentos de autoeliminaci\u00f3n, consumo de sustancia, trastornos an\u00edmicos\u201d.<\/em><\/p>\n\n\n\n<p>Kassis Barcudi relacion\u00f3 la problem\u00e1tica con el contexto socioecon\u00f3mico que est\u00e1 atravesando el pa\u00eds y que repercute en la vida de cualquier ser humano, independientemente de la edad y todo eso se manifiesta mediante la conducta.<\/p>\n\n\n\n<p>\u201cEs necesario promover la prevenci\u00f3n, dar informaci\u00f3n en las escuelas, tener programas de prevenci\u00f3n que act\u00faen de manera temprana para evitar desenlaces fatales\u201d, agreg\u00f3.<\/p>\n\n\n\n<p>La creaci\u00f3n de este tipo de espacios es fundamental para asistir a los j\u00f3venes, sobre todo, si se tiene en cuenta que&nbsp;<mark>en el hospital Carlos Pereyra s\u00f3lo se asiste a pacientes de 17 a\u00f1os y 11 meses en adelante<\/mark>, no m\u00e1s chicos, por lo que ese sector se encontraba desprotegido.<\/p>\n\n\n\n<p>\u201cLa problem\u00e1tica es preocupante, ya que nos est\u00e1 desbordando en el \u00e1rea de Salud Mental y hoy es una de las causas principales de enfermedad en la sociedad actual y se est\u00e1 poniendo de manifiesto producto de varias causales\u201d, expres\u00f3 la psiquiatra.<\/p>\n\n\n\n<h2 class=\"wp-block-heading\">Acerca del proyecto<\/h2>\n\n\n\n<p>El Centro de D\u00eda estar\u00e1 asentado sobre la noci\u00f3n de inclusi\u00f3n social, en una din\u00e1mica<br>que permite y favorece el lazo social.&nbsp;<mark>Funcionar\u00e1 de lunes a viernes, de 10 a 16,<\/mark>&nbsp;en el Centro Integrador Comunitario N\u00b0 923 (Ruta Nacional N\u00b0 7 y calle Los \u00c1lamos, Fray Luis Beltr\u00e1n, Maip\u00fa).<\/p>\n\n\n\n<p>La finalidad de su creaci\u00f3n tiene como premisa recuperar \u201cla identidad, la<br>dignidad y el respeto de la persona con sufrimiento mental\u201d. En este punto,&nbsp;<mark>se concibe la internaci\u00f3n psiqui\u00e1trica como \u00faltimo recurso, luego del agotamiento de todas las formas y posibilidades terap\u00e9uticas previas.<\/mark><\/p>\n\n\n\n<p>El abordaje de los pacientes se har\u00e1 mediante un equipo multidisciplinario conformado por psic\u00f3logos, trabajadores sociales, talleristas y operadores, como as\u00ed tambi\u00e9n las familias, los vecinos y los integrantes de la comunidad.<\/p>\n\n\n\n<p>La l\u00f3gica del dispositivo plantea reemplazar el modelo de asistencia<br>institucional tradicional por otro que propone la reinserci\u00f3n del sufriente en la sociedad.<\/p>\n\n\n\n<p>La filosof\u00eda que subyace a toda la propuesta es la construcci\u00f3n colectiva de la salud comunitaria e integral, un d\u00e9ficit nacional que excede el problema de las enfermedades mentales graves.<\/p>\n\n\n\n<p><strong>Fuente: www.elsol.com.ar<\/strong><\/p>\n","protected":false},"excerpt":{"rendered":"<p>La&nbsp;pandemia de coronavirus&nbsp;trajo aparejado serios inconvenientes en la salud mental de las personas, en especial de j\u00f3venes y adolescentes. Por tal motivo, los profesionales de Mendoza celebran que en la provincia se crear\u00e1 un un&nbsp;Centro de D\u00eda, destinado a ese grupo etario. La noticia se dio a conocer en el Bolet\u00edn Oficial y de acuerdo [&hellip;]<\/p>\n","protected":false},"author":2,"featured_media":3543,"comment_status":"open","ping_status":"open","sticky":false,"template":"","format":"standard","meta":[],"categories":[58],"tags":[],"_links":{"self":[{"href":"https:\/\/pasaenmendoza.com\/index.php?rest_route=\/wp\/v2\/posts\/3541"}],"collection":[{"href":"https:\/\/pasaenmendoza.com\/index.php?rest_route=\/wp\/v2\/posts"}],"about":[{"href":"https:\/\/pasaenmendoza.com\/index.php?rest_route=\/wp\/v2\/types\/post"}],"author":[{"embeddable":true,"href":"https:\/\/pasaenmendoza.com\/index.php?rest_route=\/wp\/v2\/users\/2"}],"replies":[{"embeddable":true,"href":"https:\/\/pasaenmendoza.com\/index.php?rest_route=%2Fwp%2Fv2%2Fcomments&post=3541"}],"version-history":[{"count":1,"href":"https:\/\/pasaenmendoza.com\/index.php?rest_route=\/wp\/v2\/posts\/3541\/revisions"}],"predecessor-version":[{"id":3542,"href":"https:\/\/pasaenmendoza.com\/index.php?rest_route=\/wp\/v2\/posts\/3541\/revisions\/3542"}],"wp:featuredmedia":[{"embeddable":true,"href":"https:\/\/pasaenmendoza.com\/index.php?rest_route=\/wp\/v2\/media\/3543"}],"wp:attachment":[{"href":"https:\/\/pasaenmendoza.com\/index.php?rest_route=%2Fwp%2Fv2%2Fmedia&parent=3541"}],"wp:term":[{"taxonomy":"category","embeddable":true,"href":"https:\/\/pasaenmendoza.com\/index.php?rest_route=%2Fwp%2Fv2%2Fcategories&post=3541"},{"taxonomy":"post_tag","embeddable":true,"href":"https:\/\/pasaenmendoza.com\/index.php?rest_route=%2Fwp%2Fv2%2Ftags&post=3541"}],"curies":[{"name":"wp","href":"https:\/\/api.w.org\/{rel}","templated":true}]}}