{"id":3551,"date":"2023-12-05T13:54:32","date_gmt":"2023-12-05T12:54:32","guid":{"rendered":"https:\/\/pasaenmendoza.com\/?p=3551"},"modified":"2023-12-05T13:54:33","modified_gmt":"2023-12-05T12:54:33","slug":"encontraron-los-cuerpos-de-los-andinistas-argentinos-perdidos-en-chile","status":"publish","type":"post","link":"https:\/\/pasaenmendoza.com\/?p=3551","title":{"rendered":"Encontraron los cuerpos de los andinistas argentinos perdidos en Chile"},"content":{"rendered":"\n<p>Luego de unos d\u00edas de b\u00fasqueda, las fuerzas de rescate de Chile dieron con el lugar donde hab\u00edan divisado tres posibles cuerpos en el Cerro Marmolejo, donde eran buscados&nbsp;<strong>un gu\u00eda de monta\u00f1a mendocino y dos pol\u00edticos oriundos de La Pampa<\/strong>. Este mediod\u00eda&nbsp;<strong>se confirm\u00f3 el hallazgo de los tres cad\u00e1veres.<\/strong><\/p>\n\n\n\n<p>Se trata del\u00a0<strong>mendocino Ignacio Lucero y de los pampeanos Ra\u00fal Espir y Sergio Berardo<\/strong>, intendente y escribano del municipio pampeano de General San Mart\u00edn. Intentaban subir el cerro de 6.108 metros, cuando su se\u00f1al dej\u00f3 de ser percibida el pasado mi\u00e9rcoles.\u00a0<\/p>\n\n\n\n<p>El viernes se realiz\u00f3 el pedido de asistencia ante la falta de respuesta de los andinistas y fue as\u00ed que fue alertado personal del Cuerpo de Socorro Andino de Chile, quien encontr\u00f3 las carpas de los andinistas en el campamento base, pero sin se\u00f1al de ellos.&nbsp;<\/p>\n\n\n\n<p>El domingo,\u00a0<strong>un helic\u00f3ptero sobrevol\u00f3 la zona\u00a0<\/strong>buscando alg\u00fan indicio sobre los tres andinistas y fue cuando fueron divisados tres posibles cuerpos, debido a que estaban inm\u00f3viles en un mismo lugar.\u00a0<\/p>\n\n\n\n<p>Una vez marcado el lugar, efectivos del cuerpo especial GOPE, de Carabineros, ascendieron hasta el lugar este lunes, logrando llegar hasta los andinistas y fue all\u00ed cuando<strong>\u00a0se confirm\u00f3 que estaban sin vida.\u00a0<\/strong><\/p>\n\n\n\n<p>Actualmente, los efectivos de la fuerza especial se encuentran realizando los trabajos necesarios para la\u00a0<strong>extracci\u00f3n de los cuerpos de los andinistas argentinos.\u00a0<\/strong><\/p>\n\n\n\n<p><strong>Fuente: www.mendozapost.com<\/strong><\/p>\n","protected":false},"excerpt":{"rendered":"<p>Luego de unos d\u00edas de b\u00fasqueda, las fuerzas de rescate de Chile dieron con el lugar donde hab\u00edan divisado tres posibles cuerpos en el Cerro Marmolejo, donde eran buscados&nbsp;un gu\u00eda de monta\u00f1a mendocino y dos pol\u00edticos oriundos de La Pampa. Este mediod\u00eda&nbsp;se confirm\u00f3 el hallazgo de los tres cad\u00e1veres. Se trata del\u00a0mendocino Ignacio Lucero y [&hellip;]<\/p>\n","protected":false},"author":2,"featured_media":3552,"comment_status":"open","ping_status":"open","sticky":false,"template":"","format":"standard","meta":[],"categories":[48],"tags":[],"_links":{"self":[{"href":"https:\/\/pasaenmendoza.com\/index.php?rest_route=\/wp\/v2\/posts\/3551"}],"collection":[{"href":"https:\/\/pasaenmendoza.com\/index.php?rest_route=\/wp\/v2\/posts"}],"about":[{"href":"https:\/\/pasaenmendoza.com\/index.php?rest_route=\/wp\/v2\/types\/post"}],"author":[{"embeddable":true,"href":"https:\/\/pasaenmendoza.com\/index.php?rest_route=\/wp\/v2\/users\/2"}],"replies":[{"embeddable":true,"href":"https:\/\/pasaenmendoza.com\/index.php?rest_route=%2Fwp%2Fv2%2Fcomments&post=3551"}],"version-history":[{"count":1,"href":"https:\/\/pasaenmendoza.com\/index.php?rest_route=\/wp\/v2\/posts\/3551\/revisions"}],"predecessor-version":[{"id":3553,"href":"https:\/\/pasaenmendoza.com\/index.php?rest_route=\/wp\/v2\/posts\/3551\/revisions\/3553"}],"wp:featuredmedia":[{"embeddable":true,"href":"https:\/\/pasaenmendoza.com\/index.php?rest_route=\/wp\/v2\/media\/3552"}],"wp:attachment":[{"href":"https:\/\/pasaenmendoza.com\/index.php?rest_route=%2Fwp%2Fv2%2Fmedia&parent=3551"}],"wp:term":[{"taxonomy":"category","embeddable":true,"href":"https:\/\/pasaenmendoza.com\/index.php?rest_route=%2Fwp%2Fv2%2Fcategories&post=3551"},{"taxonomy":"post_tag","embeddable":true,"href":"https:\/\/pasaenmendoza.com\/index.php?rest_route=%2Fwp%2Fv2%2Ftags&post=3551"}],"curies":[{"name":"wp","href":"https:\/\/api.w.org\/{rel}","templated":true}]}}