{"id":3554,"date":"2023-12-05T13:58:49","date_gmt":"2023-12-05T12:58:49","guid":{"rendered":"https:\/\/pasaenmendoza.com\/?p=3554"},"modified":"2023-12-05T13:58:50","modified_gmt":"2023-12-05T12:58:50","slug":"dura-imputacion-para-el-abogado-denunciado-por-abusar-sexualmente-de-su-hija","status":"publish","type":"post","link":"https:\/\/pasaenmendoza.com\/?p=3554","title":{"rendered":"Dura imputaci\u00f3n para el abogado denunciado por abusar sexualmente de su hija"},"content":{"rendered":"\n<p>La Justicia del Este provincial avanz\u00f3 este lunes en la causa que mantiene a un&nbsp;<mark>reconocido abogado penalista y dirigente destacado de la Federaci\u00f3n Mendocina de Box (FMB) en situaci\u00f3n de encierro<\/mark>&nbsp;en una comisar\u00eda, luego de ser denunciado por presuntamente&nbsp;<strong>abusar sexualmente<\/strong>&nbsp;de su peque\u00f1a hija de casi 5 a\u00f1os.<\/p>\n\n\n\n<p>El fiscal que inicialmente instruy\u00f3 la causa,\u00a0<strong>Tabar\u00e9 Ezcurra<\/strong>, imput\u00f3 formalmente al\u00a0<strong>letrado de 50 a\u00f1os\u00a0<\/strong>\u2013se reserva su identidad por tratarse de una causa de instancia privada en la que est\u00e1 involucrada una menor- por una pesada\u00a0<mark>calificaci\u00f3n que prev\u00e9 de 8 a 20 a\u00f1os de c\u00e1rcel.<\/mark><\/p>\n\n\n\n<p>De acuerdo con fuentes judiciales del&nbsp;<strong>Ministerio P\u00fablico<\/strong>&nbsp;de San Mart\u00edn, jurisdicci\u00f3n en la que se radic\u00f3 la denuncia y se realizaron las primeras medidas en la instrucci\u00f3n, la calificaci\u00f3n fue&nbsp;<em>por abuso sexual agravado por ser el autor ascendiente y encargado de la guarda en concurso real con abuso sexual con acceso carnal agravado por el ser el autor ascendiente y encargado de la guarda en concurso real con abuso real gravemente ultrajante agravado por ser el autor ascendiente y encargado de la guarda, todo en concurso real.<\/em><\/p>\n\n\n\n<p>Luego de la notificaci\u00f3n, el sospechoso continuar\u00e1 privado de la libertad en la Comisar\u00eda 12\u00aa de San Mart\u00edn, mientras la nueva fiscal que se hizo cargo de la causa,\u00a0<strong>Mariana Guti\u00e9rrez<\/strong>, define si le concede el beneficio de la\u00a0<strong>detenci\u00f3n domiciliaria o si lo env\u00eda a la c\u00e1rcel<\/strong>. Este paso procesal podr\u00eda definirse en los pr\u00f3ximos d\u00edas, agregaron las fuentes.<\/p>\n\n\n\n<p>El caso revelado por&nbsp;<strong><em>El Sol<\/em><\/strong>&nbsp;se conoci\u00f3 este s\u00e1bado, cuando efectivos de la Unidad Investigativa de San Mart\u00edn, junto con el fiscal Ezcurra,<mark>&nbsp;lideraron el s\u00e1bado un allanamiento en la vivienda del hombre apuntado sobre calle Garibaldi de Ciudad<\/mark>, hacia el norte del&nbsp;<strong>Hospital Central.<\/strong><\/p>\n\n\n\n<p>El Ministerio P\u00fablico orden\u00f3 la medida despu\u00e9s de un par de meses de investigaci\u00f3n y an\u00e1lisis de pruebas. El jurista estaba al tanto de la denuncia en su contra, realizada por su ex mujer y madre de la criatura, y le hab\u00edan tomado una declaraci\u00f3n informativa. La causa present\u00f3 un giro de 180 grados la semana pasada, cuando el ahora imputado protagoniz\u00f3 un cruce verbal con la representante legal de la denunciante en un edificio de la Justicia provincial.<\/p>\n\n\n\n<p>La letrada notific\u00f3 la situaci\u00f3n al fiscal Ezcurra y se tom\u00f3 la decisi\u00f3n de avanzar en la investigaci\u00f3n para realizar un allanamiento y ordenar la detenci\u00f3n del tambi\u00e9n\u00a0<strong>presidente de la FMB y juez de boxeo<\/strong>. De la propiedad secuestraron una computadora port\u00e1til, dos dispositivos de almacenamiento (pendrive), tres tel\u00e9fonos celulares, un disco duro, CD (14 unidades), una tablet, un puerto USB y una c\u00e1mara fotogr\u00e1fica, entre otros elementos de importancia para la causa.<\/p>\n\n\n\n<p>La ex pareja del acusado y madre de la ni\u00f1a fue quien denunci\u00f3 el presunto abuso sexual en una oficina fiscal. Se\u00f1al\u00f3 que detect\u00f3 lesiones en las partes \u00edntimas de la peque\u00f1a luego de que pasara una jornada con su padre.&nbsp;<strong>M\u00e9dicos declararon en la causa y explicaron que podr\u00edan haber sido producidas por abuso sexual.<\/strong><\/p>\n\n\n\n<p>Fuentes judiciales contaron que la causa est\u00e1 en sus primeros pasos y que se espera que en los pr\u00f3ximos d\u00edas \u2013posiblemente la semana entrante- se desarrolle una\u00a0<strong>C\u00e1mara Gesell<\/strong>\u00a0con la menor para intentar determinar que se exprese frente a los profesionales que trabajan estos casos en ese recinto.<\/p>\n\n\n\n<p>Adem\u00e1s, se solicitaron peritajes psicol\u00f3gicos al imputado como obliga este tipo de pesquisas, resultados que podr\u00edan ser determinantes para su futuro procesal.<\/p>\n\n\n\n<p><strong>Fuente: www.elsol.com.ar<\/strong><\/p>\n","protected":false},"excerpt":{"rendered":"<p>La Justicia del Este provincial avanz\u00f3 este lunes en la causa que mantiene a un&nbsp;reconocido abogado penalista y dirigente destacado de la Federaci\u00f3n Mendocina de Box (FMB) en situaci\u00f3n de encierro&nbsp;en una comisar\u00eda, luego de ser denunciado por presuntamente&nbsp;abusar sexualmente&nbsp;de su peque\u00f1a hija de casi 5 a\u00f1os. El fiscal que inicialmente instruy\u00f3 la causa,\u00a0Tabar\u00e9 Ezcurra, [&hellip;]<\/p>\n","protected":false},"author":2,"featured_media":3555,"comment_status":"open","ping_status":"open","sticky":false,"template":"","format":"standard","meta":[],"categories":[48],"tags":[],"_links":{"self":[{"href":"https:\/\/pasaenmendoza.com\/index.php?rest_route=\/wp\/v2\/posts\/3554"}],"collection":[{"href":"https:\/\/pasaenmendoza.com\/index.php?rest_route=\/wp\/v2\/posts"}],"about":[{"href":"https:\/\/pasaenmendoza.com\/index.php?rest_route=\/wp\/v2\/types\/post"}],"author":[{"embeddable":true,"href":"https:\/\/pasaenmendoza.com\/index.php?rest_route=\/wp\/v2\/users\/2"}],"replies":[{"embeddable":true,"href":"https:\/\/pasaenmendoza.com\/index.php?rest_route=%2Fwp%2Fv2%2Fcomments&post=3554"}],"version-history":[{"count":1,"href":"https:\/\/pasaenmendoza.com\/index.php?rest_route=\/wp\/v2\/posts\/3554\/revisions"}],"predecessor-version":[{"id":3556,"href":"https:\/\/pasaenmendoza.com\/index.php?rest_route=\/wp\/v2\/posts\/3554\/revisions\/3556"}],"wp:featuredmedia":[{"embeddable":true,"href":"https:\/\/pasaenmendoza.com\/index.php?rest_route=\/wp\/v2\/media\/3555"}],"wp:attachment":[{"href":"https:\/\/pasaenmendoza.com\/index.php?rest_route=%2Fwp%2Fv2%2Fmedia&parent=3554"}],"wp:term":[{"taxonomy":"category","embeddable":true,"href":"https:\/\/pasaenmendoza.com\/index.php?rest_route=%2Fwp%2Fv2%2Fcategories&post=3554"},{"taxonomy":"post_tag","embeddable":true,"href":"https:\/\/pasaenmendoza.com\/index.php?rest_route=%2Fwp%2Fv2%2Ftags&post=3554"}],"curies":[{"name":"wp","href":"https:\/\/api.w.org\/{rel}","templated":true}]}}