{"id":3557,"date":"2023-12-05T14:32:44","date_gmt":"2023-12-05T13:32:44","guid":{"rendered":"https:\/\/pasaenmendoza.com\/?p=3557"},"modified":"2023-12-05T14:32:45","modified_gmt":"2023-12-05T13:32:45","slug":"este-miercoles-cierran-el-paso-a-chile","status":"publish","type":"post","link":"https:\/\/pasaenmendoza.com\/?p=3557","title":{"rendered":"Este mi\u00e9rcoles cierran el paso a Chile"},"content":{"rendered":"\n<p>La Coordinaci\u00f3n Argentina del Sistema Cristo Redentor, en conjunto con su par de Chile, anunciaron que el Paso cerrar\u00e1 el pr\u00f3ximo mi\u00e9rcoles por un par de horas.<\/p>\n\n\n\n<p>Ser\u00e1n s\u00f3lo dos horas,&nbsp;<strong>de 8 a 10 de la ma\u00f1ana<\/strong>, por trabajos en el t\u00fanel internacional del lado argentino.<\/p>\n\n\n\n<p>Por este motivo, a las 6 de la ma\u00f1ana frenar\u00e1n el tr\u00e1nsito en Uspallata y en Guardia Vieja.<\/p>\n\n\n\n<p>Luego de las 10 de la ma\u00f1ana el Paso volver\u00e1 a la normalidad con su horario de 24 horas, importante en la previa de un fin de semana largo.<\/p>\n\n\n\n<p><strong>Fuente: www.mendozapost.com<\/strong><\/p>\n","protected":false},"excerpt":{"rendered":"<p>La Coordinaci\u00f3n Argentina del Sistema Cristo Redentor, en conjunto con su par de Chile, anunciaron que el Paso cerrar\u00e1 el pr\u00f3ximo mi\u00e9rcoles por un par de horas. Ser\u00e1n s\u00f3lo dos horas,&nbsp;de 8 a 10 de la ma\u00f1ana, por trabajos en el t\u00fanel internacional del lado argentino. Por este motivo, a las 6 de la ma\u00f1ana [&hellip;]<\/p>\n","protected":false},"author":2,"featured_media":3558,"comment_status":"open","ping_status":"open","sticky":false,"template":"","format":"standard","meta":[],"categories":[66],"tags":[],"_links":{"self":[{"href":"https:\/\/pasaenmendoza.com\/index.php?rest_route=\/wp\/v2\/posts\/3557"}],"collection":[{"href":"https:\/\/pasaenmendoza.com\/index.php?rest_route=\/wp\/v2\/posts"}],"about":[{"href":"https:\/\/pasaenmendoza.com\/index.php?rest_route=\/wp\/v2\/types\/post"}],"author":[{"embeddable":true,"href":"https:\/\/pasaenmendoza.com\/index.php?rest_route=\/wp\/v2\/users\/2"}],"replies":[{"embeddable":true,"href":"https:\/\/pasaenmendoza.com\/index.php?rest_route=%2Fwp%2Fv2%2Fcomments&post=3557"}],"version-history":[{"count":1,"href":"https:\/\/pasaenmendoza.com\/index.php?rest_route=\/wp\/v2\/posts\/3557\/revisions"}],"predecessor-version":[{"id":3559,"href":"https:\/\/pasaenmendoza.com\/index.php?rest_route=\/wp\/v2\/posts\/3557\/revisions\/3559"}],"wp:featuredmedia":[{"embeddable":true,"href":"https:\/\/pasaenmendoza.com\/index.php?rest_route=\/wp\/v2\/media\/3558"}],"wp:attachment":[{"href":"https:\/\/pasaenmendoza.com\/index.php?rest_route=%2Fwp%2Fv2%2Fmedia&parent=3557"}],"wp:term":[{"taxonomy":"category","embeddable":true,"href":"https:\/\/pasaenmendoza.com\/index.php?rest_route=%2Fwp%2Fv2%2Fcategories&post=3557"},{"taxonomy":"post_tag","embeddable":true,"href":"https:\/\/pasaenmendoza.com\/index.php?rest_route=%2Fwp%2Fv2%2Ftags&post=3557"}],"curies":[{"name":"wp","href":"https:\/\/api.w.org\/{rel}","templated":true}]}}