{"id":3560,"date":"2023-12-05T16:36:41","date_gmt":"2023-12-05T15:36:41","guid":{"rendered":"https:\/\/pasaenmendoza.com\/?p=3560"},"modified":"2023-12-05T16:36:42","modified_gmt":"2023-12-05T15:36:42","slug":"rodolfo-suarez-del-consejo-a-javier-milei-al-costo-familiar-de-ser-gobernador","status":"publish","type":"post","link":"https:\/\/pasaenmendoza.com\/?p=3560","title":{"rendered":"Rodolfo Suarez, del consejo a Javier Milei al costo familiar de ser gobernador"},"content":{"rendered":"\n<p>A pocos d\u00edas de entregar al mando a Alfredo Cornejo, el jefe de Estado hizo hizo un balance de su gesti\u00f3n. La crisis de la 7722, la pandemia y su futuro como senador nacional.<\/p>\n\n\n\n<p><strong>Rodolfo Suarez<\/strong>&nbsp;finalizar\u00e1 su periodo como&nbsp;<strong>gobernador&nbsp;<\/strong>de&nbsp;<strong>Mendoza&nbsp;<\/strong>el pr\u00f3ximo s\u00e1bado y en di\u00e1logo con&nbsp;<em>Canal 9 Televida<\/em>&nbsp;hizo un resumen de su gesti\u00f3n, en donde habl\u00f3 de todo: la pandemia, la crisis de la 7722 y el impacto familiar de ser gobernador, entre otras cuestiones.<\/p>\n\n\n\n<h2 class=\"wp-block-heading\">El balance de su gesti\u00f3n<\/h2>\n\n\n\n<ul>\n<li><em>\u201cQuedan muchas cosas pendientes, lo bueno es darle continuidad a las cosas buenas que comenzaron en el a\u00f1o 2015 con el gobierno de Alfredo Cornejo. Un Estado m\u00e1s chico, con super\u00e1vit fiscal, que las prestaciones sean buenas\u201d.<\/em><\/li>\n\n\n\n<li>\u201c<em>Estos an\u00e1lisis los hacemos en el contexto que vive la Argentina. Obviamente que estamos lejos de lo \u00f3ptimo producto de la inflaci\u00f3n y la p\u00e9rdida de poder adquisitivo, que depende de la macroeconom\u00eda, donde no tenemos control\u201d<\/em>.<\/li>\n<\/ul>\n\n\n\n<h2 class=\"wp-block-heading\" id=\"h-la-pandemia\">La pandemia<\/h2>\n\n\n\n<ul>\n<li><em>\u201cFue lo m\u00e1s duro que me toc\u00f3 atravesar, inesperado para todos. Fue como subir a un escenario de una obra de teatro sin libreto. Era muy confuso todo\u201d.<\/em><\/li>\n\n\n\n<li>\u201c<em>Hoy, haciendo un balance, nosotros tuvimos una manera distinta para administrar la situaci\u00f3n en comparaci\u00f3n con el resto del pa\u00eds y no nos equivocamos. Tuvimos m\u00e1s apertura, m\u00e1s libertades\u201d.<\/em><\/li>\n\n\n\n<li>\u201c<em>Todos nos advert\u00edan que podr\u00eda ser malo para los indicadores sanitarios y esto no fue as\u00ed, e incluso nos permiti\u00f3 una mejor performance econ\u00f3mica.\u201d<\/em><\/li>\n<\/ul>\n\n\n\n<h2 class=\"wp-block-heading\">La 7722<\/h2>\n\n\n\n<ul>\n<li><em>\u201cPlanteamos (las modificaciones de la ley) durante toda la campa\u00f1a, pero tambi\u00e9n la hab\u00eda planteado el peronismo\u201d.<\/em><\/li>\n\n\n\n<li>\u201c<em>Cuando se vot\u00f3 la ley, se trat\u00f3 como una de las primeras pol\u00edticas de Estado para el crecimiento, porque busc\u00e1bamos que la gente tuviera m\u00e1s trabajo y un mejor pasar econ\u00f3mico. Lamentablemente hubo una campa\u00f1a del miedo, totalmente falaz y mentirosa, que prendi\u00f3 en las redes\u201d.<\/em><\/li>\n\n\n\n<li>\u201c<em>No supimos explicarle a la gente lo que quer\u00edamos y tuvimos que retrotraer una ley que era excelente para los mendocinos\u201d.<\/em><\/li>\n\n\n\n<li>\u201c<em>Se puede tratar nuevamente, pero hay que explicarle bien a la gente\u201d.<\/em><\/li>\n\n\n\n<li>\u201c<em>El mayor problema del mundo es el calentamiento global y para combatirlo hay que pasar a energ\u00edas renovables. Pero para esto hay que contar con los materiales, que son de origen mineral\u201d.<\/em><\/li>\n<\/ul>\n\n\n\n<h2 class=\"wp-block-heading\">La respuesta de la gente<\/h2>\n\n\n\n<ul>\n<li><em>\u201cMe emociona mucho y me conmueve que la gente me salude en la calle, me felicite, me brinde su apoyo. Esto es algo que no pasa en otras partes del pa\u00eds y me pone muy orgulloso\u201d<\/em>.<\/li>\n<\/ul>\n\n\n\n<h2 class=\"wp-block-heading\">Su primer proyecto como senador<\/h2>\n\n\n\n<ul>\n<li><em>\u201cYa lo he manifestado: la idea de eliminar las elecciones PASO, ya que el calendario electoral es muy largo y muy costoso. A pesar de esto, tengo entendido que en esta especie de ley \u00f3mnibus que va a enviar Milei al Congreso est\u00e1 incluida. Veremos si es as\u00ed, sino lo propondremos\u201d.<\/em><\/li>\n<\/ul>\n\n\n\n<h2 class=\"wp-block-heading\">El consejo a Milei<\/h2>\n\n\n\n<ul>\n<li>\u201c<em>Vamos a sesionar en un Congreso muy fragmentado y dividido, en donde no va a haber una mayor\u00eda absoluta, por lo que ser\u00e1 muy dif\u00edcil lograr el qu\u00f3rum en ambas c\u00e1maras\u201d.<\/em><\/li>\n\n\n\n<li>\u201c<em>Por eso, como he dicho en m\u00e1s de una ocasi\u00f3n, que el presidente electo debe hacer todas las reformas que crea necesarias en un primer momento, porque despu\u00e9s ser\u00e1 muy dif\u00edcil lograrlo\u201d.<\/em><\/li>\n<\/ul>\n\n\n\n<h2 class=\"wp-block-heading\">El costo familiar de ser gobernador<\/h2>\n\n\n\n<p>\u201c<em>Mi familia sabe lo dif\u00edcil que es estar en este lugar. De todas formas creo que han entendido. Es algo que elige uno, no ellos y a veces les afecta, pero son los gajes del oficio\u201d.<\/em><\/p>\n\n\n\n<p>fuente: elsol.com.ar <\/p>\n","protected":false},"excerpt":{"rendered":"<p>A pocos d\u00edas de entregar al mando a Alfredo Cornejo, el jefe de Estado hizo hizo un balance de su gesti\u00f3n. La crisis de la 7722, la pandemia y su futuro como senador nacional. Rodolfo Suarez&nbsp;finalizar\u00e1 su periodo como&nbsp;gobernador&nbsp;de&nbsp;Mendoza&nbsp;el pr\u00f3ximo s\u00e1bado y en di\u00e1logo con&nbsp;Canal 9 Televida&nbsp;hizo un resumen de su gesti\u00f3n, en donde habl\u00f3 [&hellip;]<\/p>\n","protected":false},"author":2,"featured_media":3561,"comment_status":"open","ping_status":"open","sticky":true,"template":"","format":"standard","meta":[],"categories":[47],"tags":[],"_links":{"self":[{"href":"https:\/\/pasaenmendoza.com\/index.php?rest_route=\/wp\/v2\/posts\/3560"}],"collection":[{"href":"https:\/\/pasaenmendoza.com\/index.php?rest_route=\/wp\/v2\/posts"}],"about":[{"href":"https:\/\/pasaenmendoza.com\/index.php?rest_route=\/wp\/v2\/types\/post"}],"author":[{"embeddable":true,"href":"https:\/\/pasaenmendoza.com\/index.php?rest_route=\/wp\/v2\/users\/2"}],"replies":[{"embeddable":true,"href":"https:\/\/pasaenmendoza.com\/index.php?rest_route=%2Fwp%2Fv2%2Fcomments&post=3560"}],"version-history":[{"count":1,"href":"https:\/\/pasaenmendoza.com\/index.php?rest_route=\/wp\/v2\/posts\/3560\/revisions"}],"predecessor-version":[{"id":3562,"href":"https:\/\/pasaenmendoza.com\/index.php?rest_route=\/wp\/v2\/posts\/3560\/revisions\/3562"}],"wp:featuredmedia":[{"embeddable":true,"href":"https:\/\/pasaenmendoza.com\/index.php?rest_route=\/wp\/v2\/media\/3561"}],"wp:attachment":[{"href":"https:\/\/pasaenmendoza.com\/index.php?rest_route=%2Fwp%2Fv2%2Fmedia&parent=3560"}],"wp:term":[{"taxonomy":"category","embeddable":true,"href":"https:\/\/pasaenmendoza.com\/index.php?rest_route=%2Fwp%2Fv2%2Fcategories&post=3560"},{"taxonomy":"post_tag","embeddable":true,"href":"https:\/\/pasaenmendoza.com\/index.php?rest_route=%2Fwp%2Fv2%2Ftags&post=3560"}],"curies":[{"name":"wp","href":"https:\/\/api.w.org\/{rel}","templated":true}]}}