{"id":3563,"date":"2023-12-05T16:44:07","date_gmt":"2023-12-05T15:44:07","guid":{"rendered":"https:\/\/pasaenmendoza.com\/?p=3563"},"modified":"2023-12-05T16:44:08","modified_gmt":"2023-12-05T15:44:08","slug":"por-unanimidad-el-senado-aprobo-la-nueva-ley-de-ministerios-de-cornejo","status":"publish","type":"post","link":"https:\/\/pasaenmendoza.com\/?p=3563","title":{"rendered":"Por unanimidad, el Senado aprob\u00f3 la nueva Ley de Ministerios de Cornejo"},"content":{"rendered":"\n<p>Se vot\u00f3 en la C\u00e1mara Alta la Ley de ministerios que present\u00f3 Alfredo Cornejo. Habr\u00e1 7 ministros y dos responsables de entes aut\u00e1rquicos. Un \u00e1rea clave, sin nominados a\u00fan.<\/p>\n\n\n\n<h2 class=\"wp-block-heading\">Martes 5 de diciembre<\/h2>\n\n\n\n<p><strong>12.07 &#8211;&nbsp;Alfredo Cornejo tuvo el primer aval para el nuevo dise\u00f1o de su Gabinete.<\/strong>&nbsp;Por unanimidad, la C\u00e1mara de Senadores aprob\u00f3 la Ley de Ministerios impulsada por el gobernador electo. El mi\u00e9rcoles se tratar\u00e1 el proyecto en la C\u00e1mara de Diputados y el s\u00e1bado asumir\u00e1 el mandatario y sus ministros.&nbsp;<\/p>\n\n\n\n<p><strong>11.32 &#8211; La Uni\u00f3n Mendocina apoyar\u00e1 el proyecto de Cornejo.<\/strong>\u00a0El presidente del bloque de La Uni\u00f3n Mendocina,\u00a0German Adolfo Vicchi,\u00a0adelant\u00f3 tambi\u00e9n que el espacio opositor acompa\u00f1ar\u00e1 el proyecto de Ley de Ministerios del oficialismo.<\/p>\n\n\n\n<p><strong>10.54 &#8211;\u00a0Arranc\u00f3 en el Senado el tratamiento de la Ley de Ministerios de Alfredo Cornejo.<\/strong>\u00a0Las autoridades de los bloques de Cambia Mendoza, el PJ y La Uni\u00f3n Mendocina discuten en un cuarto intermedio la iniciativa. El oficialismo necesita votos de senadores de la oposici\u00f3n.<\/p>\n\n\n\n<p><strong>10.08 &#8211; Senadores del PJ dar\u00e1n los votos para para aprobar\u00a0la Ley de Ministerios de Cornejo.\u00a0<\/strong>El senador sanrafaelino Pedro Serra adelant\u00f3 que votar\u00e1 afirmativamente. Tambi\u00e9n lo har\u00e1 su coterr\u00e1neo Mauricio Sat. &#8220;Puede gustarme o no la Ley de Ministerios que @alfredocornejo envi\u00f3 a la Legislatura. Creo tambi\u00e9n que su tratamiento expr\u00e9s no es lo adecuad Pero estoy convencido que el Gobernador electo tiene todo su derecho a organizar su gobierno como mejor le parezca Mi voto va a\u00a0ser positivo&#8221;, public\u00f3 Serra.\u00a0<\/p>\n\n\n\n<p><strong>8.33 &#8211; Un ministerio clave, a\u00fan sin responsable.\u00a0<\/strong>El gabinete de Alfredo Cornejo toma forma. El equipo &#8220;chico&#8221; tendr\u00e1 7 ministerios y dos entes aut\u00e1rquicos. Casi todos los lugares tienen un o una responsable casi asegurados. Pero hay algunos puestos clave que a\u00fan\u00a0 son una inc\u00f3gnita. El Ministerio de Seguridad y Justicia es uno de ellos. Cornejo se ha reservado el postulante hasta \u00faltimo momento y ni los colaboradores m\u00e1s cercanos al Gobernador electo lo saben. Es que el perfil del futuro ministro es distinto, pues tendr\u00e1 que combinar la pol\u00edtica de seguridad, con la de justicia. Pero adem\u00e1s, es el cargo m\u00e1s caliente: Cornejo est\u00e1 encima de ambos temas de manera personal. En ese cargo podr\u00eda haber una sorpresa.\u00a0<\/p>\n\n\n\n<p><strong>8.25 &#8211;&nbsp;<\/strong>La C\u00e1mara de Senadores tratar\u00e1 este martes el proyecto de Ley de Ministerios que present\u00f3 ayer el gobernador electo, Alfredo Cornejo. Algunos sectores de la oposici\u00f3n han puesto reparos a la fusi\u00f3n de \u00e1reas que propone el oficialismo. Sobre todo que la DGE quede dentro de un Ministerio de Educaci\u00f3n que tambi\u00e9n contempla Cultura e Infancia.<\/p>\n\n\n\n<p>&#8220;Consideramos, debe respetarse la normativa sobre autarqu\u00eda funcional de la DGE en nuestra provincia y no que la misma forme parte de un Ministerio sin prejuicio de las posibles incompatibilidades que existir\u00edan en caso de pretender que el s\u00faper ministro sea al mismo tiempo Director General de Escuelas&#8221;, anticip\u00f3 ayer la senadora del PJ Adriana Cano.<\/p>\n\n\n\n<h2 class=\"wp-block-heading\">Lunes 4 de diciembre<\/h2>\n\n\n\n<p><strong>20.43&nbsp;<\/strong>&#8211; Cornejo present\u00f3 su Ley de Ministerios. Con Tadeo Garc\u00eda Zalazar confirmado en Educaci\u00f3n, el nombre de Natalio Mema sonando fuerte para el &#8220;s\u00faper&#8221; ministerio de&nbsp;Gobierno, Infraestructura y Desarrollo Territorial; Marcelo D&#8217;agostino como firme candidato en Seguridad y Justicia; restan a\u00fan varias confirmaciones oficiales en varias carteras. Tras un lunes agitado, se espera un martes similar en v\u00edsperas del mi\u00e9rcoles, d\u00eda en el cual ya con la ley aprobada en ambas c\u00e1maras, se den a conocer los apellidos que todav\u00eda no trascienden.&nbsp;<\/p>\n\n\n\n<p><strong>18.30<\/strong>&nbsp;&#8211; Pese a que a\u00fan no se ha difundo la lista oficial de dirigentes que formar\u00e1n parte del equipo de Gobierno de&nbsp;<strong>Cornejo<\/strong>, ya fue&nbsp;confirmado Tadeo Garc\u00eda Zalazar, a cargo de Educaci\u00f3n, Cultura, Infancias y la DGE. La danza En tanto, se especula con que&nbsp;Natalio Mema -hoy secretario de Servicios P\u00fablicos- est\u00e9 al frente de&nbsp;Gobierno, Infraestructura y Desarrollo Territorial. La danza de nombres sigue y all\u00ed aparece la diputada nacional saliente&nbsp;Jimena Latorre, quien suena para el Ministerio de Energ\u00eda y Ambiente. Latorre supo desempe\u00f1arse como titular del EPRE.<\/p>\n\n\n\n<p>Por su parte, V\u00edctor Fayad, hoy ministro de Hacienda y Finanzas, continuar\u00e1 en su cargo, tras haber ingresado en 2021 en reemplazo de Lisandro Nieri.<\/p>\n\n\n\n<p>En Seguridad y Justicia el hombre al que todos apuntan es a Marcelo D&#8217;Agostino. El abogado es actualmente el subsecretario de Justicia de la Provincia y pasar\u00eda a un lugar de mayor jerarqu\u00eda. Estar\u00e1 a cargo de la Polic\u00eda, las penitenciar\u00edas y el v\u00ednculo con el Poder Judicial.&nbsp;<\/p>\n\n\n\n<p>Paras las segundas l\u00edneas tambi\u00e9n suenan otros nombres como el de Florencia Santoni, actual responsable de la secretar\u00eda de Desarrollo Humano de Godoy Cruz; la exdiputada Tamara Salom\u00f3n y su esposo el concejal maipucino, Mauricio Pinti Clop. Tambi\u00e9n est\u00e1 en la lista Diego Coronel, que viene trabajando en Godoy Cruz en \u00e1reas clave desde cuando\u00a0Alfredo Cornejo\u00a0era intendente.<\/p>\n\n\n\n<p><strong>15.30 &#8211;<\/strong>&nbsp;El peronismo sali\u00f3 con los tapones de punta tras la fusi\u00f3n de la Direcci\u00f3n General de Escuelas al Ministerio de Educaci\u00f3n, Cultura e&nbsp;Infancias. Adriana Cano, senador provincial del PJ, cuestion\u00f3 que haya un superministro -en este caso, Tadeo Garc\u00eda Zalazar- que estar\u00e1 al cargo de las 3 \u00e1reas y que, a su vez, ser\u00e1 titular de la DGE.<\/p>\n\n\n\n<p>&#8220;La necesidad de achicar la administraci\u00f3n ejecutiva, nunca puede contrariar las disposiciones constitucionales y\/o legales. Consideramos, debe respetarse la normativa sobre autarqu\u00eda funcional de la DGE en nuestra provincia y no que la misma forme parte de un Ministerio sin prejuicio de las posibles incompatibilidades que existir\u00edan en caso de pretender que el s\u00faper ministro sea al mismo tiempo Director General de Escuelas. Cap\u00edtulo aparte: la ausencia de las \u00e1reas de desarrollo social y de pol\u00edticas de juventud en esta ley&#8221;, manifest\u00f3 Cano.<\/p>\n\n\n\n<p><strong>14.13 &#8211;<\/strong>&nbsp;Tadeo Garc\u00eda Zalazar, el primer confirmado. El intendente de Godoy Cruz, Tadeo Garc\u00eda Zalazar, es el primer ministro confirmado. Estar\u00e1 a cargo del \u00e1rea de Educaci\u00f3n, Cultura, Infancias y DGE.&nbsp;<\/p>\n\n\n\n<p>El Gobierno de&nbsp;<strong>Alfredo Cornejo<\/strong>&nbsp;tendr\u00e1 7 ministerios y hay muchas fusiones de funciones. Adem\u00e1s, se suman 2 entes aut\u00e1rquicos. La intenci\u00f3n del gobernador electo es tener la ley de ministerios aprobada el pr\u00f3ximo mi\u00e9rcoles. Los grandes cambios son la potenciaci\u00f3n del ministerio de Gobierno, que sumar\u00e1 obras, una parte de servicios, el IPV y la asistencia social. Adem\u00e1s, se crea el Ministerio de Educaci\u00f3n, Cultura e Infancias, que absorbe la DGE, la pol\u00edtica de ni\u00f1ez y tambi\u00e9n cultura.&nbsp;<\/p>\n\n\n\n<p>El \u00e1rea energ\u00e9tica tendr\u00e1 rango de ministerio, sumando todo lo referente a petr\u00f3leo, miner\u00eda y sumar\u00e1 la Secretaria de Ambiente.&nbsp;<\/p>\n\n\n\n<p><strong>Turismo dejar\u00e1 de ser Ministerio<\/strong>\u00a0y toda la pol\u00edtica del sector ser\u00e1 manejada por el Ente Turismo, el EMETUR.\u00a0El ministerio de Producci\u00f3n ser\u00e1 otra de las claves, pues tambi\u00e9n estar\u00e1 a cargo del \u00e1rea de trabajo.\u00a0<\/p>\n\n\n\n<p>Los ministerios ser\u00e1n: Gobierno, infraestructura y Desarrollo Territorial;\u00a0\u00a0Educaci\u00f3n, Cultura, Infancias y DGE;\u00a0\u00a0Producci\u00f3n;\u00a0\u00a0Energ\u00eda y Ambiente;\u00a0Hacienda, Salud y Justicia y Seguridad. Los dos entes que completan el organigrama son el EMETUR, de turismo, y PROMendoza, que ser\u00e1 potenciada.\u00a0<\/p>\n\n\n\n<h2 class=\"wp-block-heading\">Minuto a minuto<\/h2>\n\n\n\n<p><strong>13.14 &#8211;&nbsp;<\/strong>PROMendoza ser\u00e1 revalorizado. Cornejo asegur\u00f3 que potenciar\u00e1 ese entre mixto para buscar m\u00e1s mercados para los productos mendocinos.&nbsp;<\/p>\n\n\n\n<p><strong>13.12 &#8211;&nbsp;<\/strong>No habr\u00e1<strong>&nbsp;Ministerio&nbsp;de Turismo y el EMETUR<\/strong>&nbsp;se har\u00e1 cargo de esa pol\u00edtica. Crean dos \u00e1reas que buscar\u00e1n revalorizar. El EMETUR, el ente de Turismo, se har\u00e1 cargo de toda la pol\u00edtica del \u00e1rea. Es decir, queda disuelto el ministerio de Turismo y&nbsp; concentra todas las decisiones.&nbsp;<\/p>\n\n\n\n<p><strong>13.10 &#8211; Salud\u00a0<\/strong>queda como ministerio, junto con Deportes. Tambi\u00e9n le quitan a esa cartera el \u00e1rea de Desarrollo Social.<\/p>\n\n\n\n<p><strong>13.05 &#8211;\u00a0Crean el Ministerio de Educaci\u00f3n, Cultura e infancias<\/strong>, con la Direcci\u00f3n de Escuelas. Cambia el foco en educaci\u00f3n. &#8220;Estamos innovando. &#8220;Todas las \u00e1reas de infancias que depend\u00edan de Salud y Desarrollo Social, dependan de este ministerio&#8221;, dijo Cornejo. Habr\u00e1 un ministro, que luego ser\u00e1 nombrado Director de Escuelas tambi\u00e9n, con el proceso constitucional para elegir a ese cargo.\u00a0<\/p>\n\n\n\n<p><strong>13.01 &#8211;&nbsp;Crean el ministerio de Energ\u00eda y Ambiente<\/strong>. &#8220;Vamos a poner mucho hincapi\u00e9 en la energ\u00eda. Estamos recuper\u00e1ndonos en materia de producci\u00f3n de energ\u00eda. La Argentina necesita energ\u00eda y Mendoza puede producir m\u00e1s. Podemos exportar a otras provincias&#8221;, dijo Cornejo. Ambiente quedar\u00e1 dentro del \u00e1rea energ\u00e9tico. &#8220;El cambio clim\u00e1tico est\u00e1 afectando y se requiere mitigar con pol\u00edticas p\u00fablicas e inversi\u00f3n privada&#8221;, dijo el gobernador electo. En ese Ministerio estar\u00e1 la pol\u00edtica petrolera, minera, de energ\u00eda renovable y la pol\u00edtica de distribuci\u00f3n de energ\u00eda, es decir la relaci\u00f3n con las empresas distribuidoras.&nbsp;<\/p>\n\n\n\n<p><strong>13.00 &#8211;&nbsp;Habr\u00e1 un Ministerio de Producci\u00f3n<\/strong>&nbsp;que sumar\u00e1 todas las \u00e1reas de econom\u00eda, m\u00e1s la pol\u00edtica de empleo de la provincia.&nbsp;&nbsp;Incluye actuales \u00e1reas de industria y comercio. Agricultura y ganader\u00eda. Temas que hacen a producci\u00f3n de valor. M\u00e1s la promoci\u00f3n del empleo<\/p>\n\n\n\n<p><strong>12.50 &#8211; Cornejo unifica Justica y Seguridad<\/strong>. Constar\u00e1 con todas las reparticiones que tiene Seguridad y se le suman las dependencias de Justicia. &#8220;La relaci\u00f3n con la justicia contribuye con la seguridad. Queremos profundizar esa tarea&#8221;, asegur\u00f3.&nbsp;<\/p>\n\n\n\n<p><strong>12.40 &#8211; El Ministerio de Gobierno<\/strong>&nbsp;se har\u00e1 cargo de Obras, Vialidad, el IPV y la empresa de aguas.&nbsp;<\/p>\n\n\n\n<p><strong>12.47 &#8211; Cornejo<\/strong>\u00a0lleg\u00f3 a la Legislatura para explicar c\u00f3mo ser\u00e1 su gabinete.\u00a0<\/p>\n\n\n\n<p><strong>12.00 &#8211;&nbsp;Ingres\u00f3<\/strong>&nbsp;a la C\u00e1mara de Senadores el proyecto de ley de ministerios, bajo el expediente 79586.&nbsp; La intenci\u00f3n es que ma\u00f1ana lo apruebe el Senado y el mi\u00e9rcoles la C\u00e1mara de Diputados. Ese d\u00eda se nominar\u00eda a los funcionarios que estar\u00e1n a cargo.&nbsp;<\/p>\n\n\n\n<p><strong>10.30 &#8211;&nbsp;El Gabinete<\/strong>&nbsp;de&nbsp;<strong>Alfredo Cornejo<\/strong>&nbsp;tendr\u00e1 una estructura nueva, donde se reunir\u00e1n \u00e1reas seg\u00fan competencias. En ese plano, habr\u00e1 un &#8220;mega ministerio&#8221;, que contendr\u00e1 adentro \u00e1reas que hoy est\u00e1n en distintas carteras. El ministerio ser\u00e1 de Educaci\u00f3n, Desarrollo, Cultura y Direcci\u00f3n de Escuelas. El nombre preciso a\u00fan no se conoce, pero s\u00ed tendr\u00e1 todas esas competencias.&nbsp;<\/p>\n\n\n\n<p>El Ministro tendr\u00e1 a cargo la pol\u00edtica educativa, todo el \u00e1rea de Ni\u00f1ez y Familia y tambi\u00e9n la Secretar\u00eda de Cultura. La duda es si ser\u00e1 el propio Director de Escuelas o si habr\u00e1 un ministro y adem\u00e1s un director de escuelas. El lugar tiene un nombre ya asignado: Tadeo Garc\u00eda Zalazar. Igual, en el entorno de&nbsp;<strong>Cornejo&nbsp;<\/strong>a\u00fan no confirman ese nombramiento porque el &#8220;ahijado pol\u00edtico&#8221; de Cornejo tambi\u00e9n suena en otra \u00e1rea.&nbsp;<\/p>\n\n\n\n<p>El \u00e1rea de Desarrollo Social se dividir\u00e1 en dos. Todo lo referente a ni\u00f1ez, adolescencia y familia ir\u00e1 al sector de Educaci\u00f3n. El resto, como ancianidad, se mantendr\u00e1 junto a Salud. El propio<strong>&nbsp;Alfredo Cornejo&nbsp;<\/strong>explicar\u00e1 los alcances del nuevo ministerio.&nbsp;<\/p>\n\n\n\n<p>La otra novedad es que Cultura ser\u00e1 separado de Turismo.&nbsp;<\/p>\n\n\n\n<p><strong>9.20 &#8211;&nbsp;<\/strong>La presentaci\u00f3n&nbsp;ser\u00e1 a las 12.30 y el propio Cornejo ir\u00e1 a la Legislatura<\/p>\n\n\n\n<p>El gobernador Rodolfo Suarez confirm\u00f3 que ser\u00e1\u00a0<strong>Alfredo Cornejo<\/strong>\u00a0quien lleve a la Casa de las Leyes el proyecto de ley que establece los ministerios que funcionar\u00e1n en su gabinete.<\/p>\n\n\n\n<p><strong>9.00&nbsp;<\/strong>&#8211;&nbsp;Cornejo presentar\u00e1 hoy su Ley de Ministerios<\/p>\n\n\n\n<p>De a poco comienza a despejarse el misterio. Si bien\u00a0<strong>Alfredo Cornejo<\/strong>\u00a0no ha querido filtrar el nombre de sus futuros ministros, este lunes ingresar\u00e1 a la Legislatura el proyecto de la Ley de Ministerios. Habr\u00e1 cambios puntuales respecto al gobierno de\u00a0<strong>Rodolfo Suarez\u00a0<\/strong>y se especula con posibles fusiones de \u00e1reas.<\/p>\n\n\n\n<p>La intenci\u00f3n de&nbsp;<strong>Alfredo Cornejo&nbsp;<\/strong>es que el proyecto se trate ma\u00f1ana en la C\u00e1mara de Senadores y se le d\u00e9 sanci\u00f3n definitiva el mi\u00e9rcoles. Reci\u00e9n entonces dar\u00e1 a conocer el nombre de los ministros que se har\u00e1n cargo de cada \u00e1rea. Si bien se da por descontada la presencia de figuras como Tadeo Garc\u00eda Zalazar o Natalio Mema, el gobernador electo ha preferido guardar silencio cada vez que se le consulta sobre el tema.<\/p>\n\n\n\n<p>En la previa se habl\u00f3 de una posible fusi\u00f3n de la DGE y el \u00e1rea de Desarrollo Social. Tambi\u00e9n se especula con un superministerio de Obras e Infraestructura. Este lunes se despejar\u00e1n esas dudas cuando el texto finalmente ingrese a la Casa de las Leyes.<\/p>\n\n\n\n<p><strong>Alfredo Cornejo\u00a0<\/strong>asumir\u00e1 como gobernador de Mendoza este s\u00e1bado para darle inicio a su segundo mandato al frente del gobierno provincial.<\/p>\n\n\n\n<p>FUENTE: Mdzonline.<\/p>\n","protected":false},"excerpt":{"rendered":"<p>Se vot\u00f3 en la C\u00e1mara Alta la Ley de ministerios que present\u00f3 Alfredo Cornejo. Habr\u00e1 7 ministros y dos responsables de entes aut\u00e1rquicos. Un \u00e1rea clave, sin nominados a\u00fan. Martes 5 de diciembre 12.07 &#8211;&nbsp;Alfredo Cornejo tuvo el primer aval para el nuevo dise\u00f1o de su Gabinete.&nbsp;Por unanimidad, la C\u00e1mara de Senadores aprob\u00f3 la Ley [&hellip;]<\/p>\n","protected":false},"author":2,"featured_media":3564,"comment_status":"open","ping_status":"open","sticky":true,"template":"","format":"standard","meta":[],"categories":[47],"tags":[],"_links":{"self":[{"href":"https:\/\/pasaenmendoza.com\/index.php?rest_route=\/wp\/v2\/posts\/3563"}],"collection":[{"href":"https:\/\/pasaenmendoza.com\/index.php?rest_route=\/wp\/v2\/posts"}],"about":[{"href":"https:\/\/pasaenmendoza.com\/index.php?rest_route=\/wp\/v2\/types\/post"}],"author":[{"embeddable":true,"href":"https:\/\/pasaenmendoza.com\/index.php?rest_route=\/wp\/v2\/users\/2"}],"replies":[{"embeddable":true,"href":"https:\/\/pasaenmendoza.com\/index.php?rest_route=%2Fwp%2Fv2%2Fcomments&post=3563"}],"version-history":[{"count":1,"href":"https:\/\/pasaenmendoza.com\/index.php?rest_route=\/wp\/v2\/posts\/3563\/revisions"}],"predecessor-version":[{"id":3565,"href":"https:\/\/pasaenmendoza.com\/index.php?rest_route=\/wp\/v2\/posts\/3563\/revisions\/3565"}],"wp:featuredmedia":[{"embeddable":true,"href":"https:\/\/pasaenmendoza.com\/index.php?rest_route=\/wp\/v2\/media\/3564"}],"wp:attachment":[{"href":"https:\/\/pasaenmendoza.com\/index.php?rest_route=%2Fwp%2Fv2%2Fmedia&parent=3563"}],"wp:term":[{"taxonomy":"category","embeddable":true,"href":"https:\/\/pasaenmendoza.com\/index.php?rest_route=%2Fwp%2Fv2%2Fcategories&post=3563"},{"taxonomy":"post_tag","embeddable":true,"href":"https:\/\/pasaenmendoza.com\/index.php?rest_route=%2Fwp%2Fv2%2Ftags&post=3563"}],"curies":[{"name":"wp","href":"https:\/\/api.w.org\/{rel}","templated":true}]}}