{"id":3569,"date":"2023-12-05T16:54:22","date_gmt":"2023-12-05T15:54:22","guid":{"rendered":"https:\/\/pasaenmendoza.com\/?p=3569"},"modified":"2023-12-05T16:54:22","modified_gmt":"2023-12-05T15:54:22","slug":"el-mendocino-palazzo-advirtio-que-los-gremios-estan-con-la-guardia-en-alto-frente-a-milei","status":"publish","type":"post","link":"https:\/\/pasaenmendoza.com\/?p=3569","title":{"rendered":"El mendocino Palazzo advirti\u00f3 que los gremios est\u00e1n con la guardia en alto frente a Milei"},"content":{"rendered":"\n<p>Sergio Palazzo, diputado nacional del Frente de Todos y secretario general de la Asociaci\u00f3n Bancaria, dijo que &#8220;la paciencia del pueblo es hoy menor que la que le tuvo a Mauricio Macri&#8221;<\/p>\n\n\n\n<p>El diputado nacional y secretario general de la Asociaci\u00f3n Bancaria (AB), el mendocino\u00a0<strong>Sergio Palazzo,\u00a0<\/strong>rechaz\u00f3\u00a0<a href=\"https:\/\/www.diariouno.com.ar\/politica\/las-10-definiciones-que-lanzo-javier-milei-una-semana-asumir-n1257782\">las medidas anticipadas por el presidente electo, Javier Milei,<\/a>\u00a0porque &#8220;no contemplan el bienestar para muchos argentinos&#8221;, y advirti\u00f3 que los sindicatos est\u00e1n\u00a0<strong>&#8220;con la guardia en alto&#8221;.<\/strong><\/p>\n\n\n\n<p>Adem\u00e1s, alert\u00f3 que<strong>&nbsp;&#8220;la paciencia que tiene el pueblo argentino hoy es menor que la que le tuvo al gobierno de Mauricio Macri&#8221;.<\/strong><\/p>\n\n\n\n<p>&#8220;Las medidas que Milei anunci\u00f3, que est\u00e1n en su plataforma y ha dicho que quiere aplicar,\u00a0<strong>no contemplan el bienestar para muchos argentinos<\/strong>, m\u00e1s a\u00fan cuando uno cre\u00eda que ten\u00eda un programa econ\u00f3mico. Pero resulta que de lo primero que habla es de\u00a0<strong>estanflaci\u00f3n<\/strong>, es decir precios altos, porque la inflaci\u00f3n contin\u00faa y con la gente sin trabajo porque hay recesi\u00f3n.<strong>\u00a0La estanflaci\u00f3n es eso, precios altos y recesi\u00f3n<\/strong>&#8220;, dijo Palazzo a Radio La Red.<\/p>\n\n\n\n<h2 class=\"wp-block-heading\">Para Palazzo, con Milei &#8220;los argentinos la van a pasar peor&#8221;<\/h2>\n\n\n\n<p>El diputado -oriundo de\u00a0<strong>Mendoza\u00a0<\/strong>pero electo por el Frente de Todos de Buenos Aires- consider\u00f3 que &#8220;si hab\u00eda muchos argentinos que la estaban pasando mal,\u00a0<strong>con Milei la van a pasar peor<\/strong>&#8220;.<\/p>\n\n\n\n<p>Asegur\u00f3 que &#8220;con esas empresas se resolv\u00eda la crisis energ\u00e9tica de Argentina y pas\u00e1bamos de importar a exportar petr\u00f3leo y energ\u00eda&#8221;.<\/p>\n\n\n\n<p><strong>&#8220;Creo que no vienen d\u00edas f\u00e1ciles para los argentinos, pero tambi\u00e9n soy respetuoso de que la sociedad decidi\u00f3 votarlo y que Javier Milei no minti\u00f3, hay que decirlo como es.<\/strong>&nbsp;Nosotros, desde el lugar de la oposici\u00f3n, seguiremos insistiendo con otro tipo de propuestas que no sean estas&#8221;, afirm\u00f3 el jefe de los trabajadores bancarios.<\/p>\n\n\n\n<p>Advirti\u00f3 que &#8220;<strong>estamos con la guardia en alto<\/strong>, y si llegado el caso suceden las medidas que plante\u00f3, como la eliminaci\u00f3n del Banco Central, con lo que no solo no estamos de acuerdo sino que tambi\u00e9n hay una imposibilidad constitucional, sumado a que dentro de la instituci\u00f3n hay m\u00e1s de 3 mil trabajadores, obviamente<strong>\u00a0el sindicato va a dar respuesta en ese sentido&#8221;.<\/strong><\/p>\n\n\n\n<p>&#8220;Otro tema que nos preocupa es&nbsp;<strong>c\u00f3mo Milei va a resolver lo del d\u00e9ficit fiscal, porque su espacio pol\u00edtico nos acompa\u00f1\u00f3 en la eliminaci\u00f3n del Impuesto a las Ganancias y veo que algunos de los gobernadores ahora recurren a la justicia planteando que se deje sin efecto la nueva ley que elimina la cuarta categor\u00eda&#8221;,<\/strong>&nbsp;subray\u00f3.<\/p>\n\n\n\n<p>En ese sentido, dijo que &#8220;frente a medidas que perjudiquen a los trabajadores daremos respuestas gremiales y,\u00a0<strong>como dice Milei, dentro de la ley todo, fuera de la ley nada&#8221;.<\/strong><\/p>\n\n\n\n<p>FUENTE: Diariouno.com.ar <\/p>\n","protected":false},"excerpt":{"rendered":"<p>Sergio Palazzo, diputado nacional del Frente de Todos y secretario general de la Asociaci\u00f3n Bancaria, dijo que &#8220;la paciencia del pueblo es hoy menor que la que le tuvo a Mauricio Macri&#8221; El diputado nacional y secretario general de la Asociaci\u00f3n Bancaria (AB), el mendocino\u00a0Sergio Palazzo,\u00a0rechaz\u00f3\u00a0las medidas anticipadas por el presidente electo, Javier Milei,\u00a0porque &#8220;no [&hellip;]<\/p>\n","protected":false},"author":2,"featured_media":3570,"comment_status":"open","ping_status":"open","sticky":true,"template":"","format":"standard","meta":[],"categories":[47],"tags":[],"_links":{"self":[{"href":"https:\/\/pasaenmendoza.com\/index.php?rest_route=\/wp\/v2\/posts\/3569"}],"collection":[{"href":"https:\/\/pasaenmendoza.com\/index.php?rest_route=\/wp\/v2\/posts"}],"about":[{"href":"https:\/\/pasaenmendoza.com\/index.php?rest_route=\/wp\/v2\/types\/post"}],"author":[{"embeddable":true,"href":"https:\/\/pasaenmendoza.com\/index.php?rest_route=\/wp\/v2\/users\/2"}],"replies":[{"embeddable":true,"href":"https:\/\/pasaenmendoza.com\/index.php?rest_route=%2Fwp%2Fv2%2Fcomments&post=3569"}],"version-history":[{"count":1,"href":"https:\/\/pasaenmendoza.com\/index.php?rest_route=\/wp\/v2\/posts\/3569\/revisions"}],"predecessor-version":[{"id":3571,"href":"https:\/\/pasaenmendoza.com\/index.php?rest_route=\/wp\/v2\/posts\/3569\/revisions\/3571"}],"wp:featuredmedia":[{"embeddable":true,"href":"https:\/\/pasaenmendoza.com\/index.php?rest_route=\/wp\/v2\/media\/3570"}],"wp:attachment":[{"href":"https:\/\/pasaenmendoza.com\/index.php?rest_route=%2Fwp%2Fv2%2Fmedia&parent=3569"}],"wp:term":[{"taxonomy":"category","embeddable":true,"href":"https:\/\/pasaenmendoza.com\/index.php?rest_route=%2Fwp%2Fv2%2Fcategories&post=3569"},{"taxonomy":"post_tag","embeddable":true,"href":"https:\/\/pasaenmendoza.com\/index.php?rest_route=%2Fwp%2Fv2%2Ftags&post=3569"}],"curies":[{"name":"wp","href":"https:\/\/api.w.org\/{rel}","templated":true}]}}