{"id":3572,"date":"2023-12-06T14:15:30","date_gmt":"2023-12-06T13:15:30","guid":{"rendered":"https:\/\/pasaenmendoza.com\/?p=3572"},"modified":"2023-12-06T14:15:31","modified_gmt":"2023-12-06T13:15:31","slug":"dos-concurridos-merenderos-de-mendoza-advirtieron-que-cada-vez-mas-ninos-piden-un-plato-de-comida","status":"publish","type":"post","link":"https:\/\/pasaenmendoza.com\/?p=3572","title":{"rendered":"Dos concurridos merenderos de Mendoza advirtieron que cada vez m\u00e1s ni\u00f1os piden un plato de comida"},"content":{"rendered":"\n<p>El\u00a0<strong>\u00faltimo informe de la Universidad Cat\u00f3lica Argentina (UCA)<\/strong>\u00a0expuso que en\u00a0<strong>Argentina el 62,9% de ni\u00f1os y adolescentes son pobres y esto se ha sentido en algunos comedores de la provincia<\/strong>. Isabel Bustos asegur\u00f3 que recibe a m\u00e1s de 120 familias por d\u00eda y 247 ni\u00f1os. Por otra parte, Adri\u00e1n Spinello, director del comedor &#8220;La casita del lim\u00f3n&#8221;, asegur\u00f3 que \u201c<strong>desde el invierno se ha incrementado un 40% la demanda<\/strong>\u201d.<\/p>\n\n\n\n<p>A nivel nacional, en el promedio total de los chicos de 0 a 17 a\u00f1os se registr\u00f3&nbsp;<strong>el \u00edndice de inseguridad severa alimentaria m\u00e1s alta de los \u00faltimos 18 a\u00f1os<\/strong>. Se supo que el 13,9% de los ni\u00f1os expuso que&nbsp;<strong>padece hambre<\/strong>&nbsp;en la Argentina durante 2023.<\/p>\n\n\n\n<p><strong>Juan Ignacio Bonfiglio<\/strong>, investigador del Observatorio de la deuda Social Argentina, quien trabaj\u00f3 en este documento, sostuvo que los ni\u00f1os que se encuentran en situaci\u00f3n de pobreza es porque pertenecen a hogares que tienen m\u00e1s necesidades y una menor posibilidad de generar ingresos.<\/p>\n\n\n\n<p>Y los dos comedores de Mendoza consultados para esta nota confirmaron que cada vez<strong>\u00a0son m\u00e1s las familias que se acercan a buscar un plato de comida<\/strong>.<\/p>\n\n\n\n<h2 class=\"wp-block-heading\"><strong>El merendero Isabel de Las Heras recibe a 247 ni\u00f1os por d\u00eda<\/strong><\/h2>\n\n\n\n<p>Isabel Bustos trabaja en un comedor de Las Heras donde se acercan todos los d\u00edas<strong>&nbsp;120 familias<\/strong>&nbsp;y se les da de comer a<strong>&nbsp;247 ni\u00f1os&nbsp;<\/strong>aproximadamente. El lugar est\u00e1 abierto de lunes a viernes&nbsp;<strong>desde las 5.30<\/strong>, cuando ponen las ollas a calentar para la leche.<\/p>\n\n\n\n<p>Isabel asegur\u00f3 en comunicaci\u00f3n con radio Nihuil que &#8220;<strong>inici\u00f3 el comedor porque cuando era ni\u00f1a pas\u00f3 muchas necesidades<\/strong>&#8220;. A los 8 a\u00f1os empez\u00f3 a trabajar cosechando uvas, tomates, aceitunas, duraznos, y tambi\u00e9n podando.&nbsp;<strong>Su propia experiencia la incentiv\u00f3 a ayudar a otras personas<\/strong>.<\/p>\n\n\n\n<p><strong>La situaci\u00f3n s\u00f3lo permite cocinar carne una vez por semana<\/strong><\/p>\n\n\n\n<p>El comedor recibe&nbsp;<strong>ayuda econ\u00f3mica de los mendocinos<\/strong>&nbsp;para comprar los alimentos que se necesitan en el d\u00eda a d\u00eda. Desde hace algunos a\u00f1os gener\u00f3 una&nbsp;<strong>comunidad en Facebook&nbsp;<\/strong>que acompa\u00f1a al merendero.<\/p>\n\n\n\n<p>La responsable implement\u00f3&nbsp;<strong>comer en familia<\/strong>&nbsp;para que no se pierda ese v\u00ednculo. Por esta raz\u00f3n y por el espacio disponible, esas familias&nbsp;<strong>se llevan la vianda a su casa<\/strong>, algo que se incorpor\u00f3 desde la pandemia.<\/p>\n\n\n\n<p><strong>La situaci\u00f3n econ\u00f3mica solo permite que una vez a la semana coman carne.<\/strong>&nbsp;El resto de los d\u00edas hay rancho de pollo, menudo y una vez a la semana carne molida. Adem\u00e1s, Bustos sostuvo que las verduras cada vez cuestan m\u00e1s y es dif\u00edcil agregarlas al men\u00fa.<\/p>\n\n\n\n<p>Cada 21 de diciembre realizan\u00a0<strong>una cena de fin de a\u00f1o<\/strong>\u00a0y est\u00e1n pidiendo colaboraci\u00f3n econ\u00f3mica a los mendocinos. Pueden hacerlo a trav\u00e9s de su facebook:\u00a0<strong>Merendero Isabel<\/strong>.<\/p>\n\n\n\n<h2 class=\"wp-block-heading\"><strong>&#8220;La casita del lim\u00f3n&#8221; de Maip\u00fa y el coraz\u00f3n de los mendocinos<\/strong><\/h2>\n\n\n\n<p>Adri\u00e1n Spinello es el Director de&nbsp;<strong>&#8220;La casita del lim\u00f3n&#8221;. All\u00ed se acercan cada d\u00eda 120 ni\u00f1os y j\u00f3venes a comer<\/strong>. El merendero est\u00e1 compuesto por 4 docentes que adem\u00e1s acompa\u00f1an a los chicos en sus actividades escolares.<\/p>\n\n\n\n<p>Spinello asegura&nbsp;<strong>desde el invierno se increment\u00f3 un 40% la demanda en el comedor.<\/strong><\/p>\n\n\n\n<p>El merendero funciona a contraturno: los ni\u00f1os van a la escuela y despu\u00e9s almuerzan en el comedor o al rev\u00e9s. Adem\u00e1s, realizan diferentes&nbsp;<strong>actividades l\u00fadicas y contenci\u00f3n<\/strong>.<\/p>\n\n\n\n<p><strong>Despu\u00e9s de un fin de semana largo, la raci\u00f3n es doble o triple<\/strong><\/p>\n\n\n\n<p>Dos veces a la semana comen carne, el resto de los d\u00edas comen carbohidratos y de desayuno hay chocolatada con alg\u00fan panificado. En algo coinciden con Isabel, y es que despu\u00e9s de los fines de semana largo la raci\u00f3n es doble o triple &#8220;<strong>porque llegan con mucha hambre<\/strong>&#8220;.<\/p>\n\n\n\n<p>Adem\u00e1s,&nbsp;<strong>se incluye a las madres y padres para que aprendan a cocinar y puedan compartir un momento en familia<\/strong>. El comedor recibe los alimentos a trav\u00e9s de un proyecto de la&nbsp;<strong>Federaci\u00f3n Entidades No Gubernamentales de Ni\u00f1ez y Adolescencia de Ni\u00f1ez de la provincia (FEDEM)<\/strong>, que viene del gobierno nacional. Por otra parte, llegan aportes de donaciones de la comunidad y del banco de alimentos de la provincia.<\/p>\n\n\n\n<p>Consultado en radio Nihuil, Adri\u00e1n sostuvo que ya atraves\u00f3 muchas crisis porque desde hace 27 a\u00f1os se dedica a la ayuda social. Espera que haya apoyo gubernamental porque es la \u00fanica manera de surfear las crisis.<\/p>\n\n\n\n<p><strong>&#8220;Hay familias a las que una crisis puede hacerles un da\u00f1o a\u00fan m\u00e1s profundo&#8221;, avis\u00f3<\/strong>.<\/p>\n\n\n\n<h2 class=\"wp-block-heading\">Los chicos quieren salir adelante<\/h2>\n\n\n\n<p>Hace cuatro a\u00f1os, Danilo, uno de los j\u00f3venes que asiste a &#8220;La casita del lim\u00f3n&#8221;,&nbsp;<strong>fue abanderado de su colegio<\/strong>, y Morena, otra chica que forma parte del merendero, est\u00e1 por hacer entrega de la bandera. Algo que resulta relevante sabiendo el contexto en el que viven.<\/p>\n\n\n\n<p>En contraste, los casos de adicciones y violencia que llegan al comedor exigieron al equipo&nbsp;<strong>profesionalizarse<\/strong>&nbsp;para acompa\u00f1ar estas delicadas circunstancias.<\/p>\n\n\n\n<p>En el informe de la UCA se conoci\u00f3 que a nivel pa\u00eds hay\u00a0<strong>17,5 millones de personas sumergidas en niveles bajos de ingresos<\/strong>, vivienda, salud, educaci\u00f3n o alimentaci\u00f3n. Adem\u00e1s, en este informe se revel\u00f3 que hubo un incremento al 9,6% de la indigencia, lo que se traduce a<strong>\u00a04,2 millones de personas en esta situaci\u00f3n<\/strong>.<\/p>\n\n\n\n<p><strong>Fuente: www.diariouno.com.ar<\/strong><\/p>\n","protected":false},"excerpt":{"rendered":"<p>El\u00a0\u00faltimo informe de la Universidad Cat\u00f3lica Argentina (UCA)\u00a0expuso que en\u00a0Argentina el 62,9% de ni\u00f1os y adolescentes son pobres y esto se ha sentido en algunos comedores de la provincia. Isabel Bustos asegur\u00f3 que recibe a m\u00e1s de 120 familias por d\u00eda y 247 ni\u00f1os. Por otra parte, Adri\u00e1n Spinello, director del comedor &#8220;La casita del [&hellip;]<\/p>\n","protected":false},"author":2,"featured_media":3573,"comment_status":"open","ping_status":"open","sticky":false,"template":"","format":"standard","meta":[],"categories":[50],"tags":[],"_links":{"self":[{"href":"https:\/\/pasaenmendoza.com\/index.php?rest_route=\/wp\/v2\/posts\/3572"}],"collection":[{"href":"https:\/\/pasaenmendoza.com\/index.php?rest_route=\/wp\/v2\/posts"}],"about":[{"href":"https:\/\/pasaenmendoza.com\/index.php?rest_route=\/wp\/v2\/types\/post"}],"author":[{"embeddable":true,"href":"https:\/\/pasaenmendoza.com\/index.php?rest_route=\/wp\/v2\/users\/2"}],"replies":[{"embeddable":true,"href":"https:\/\/pasaenmendoza.com\/index.php?rest_route=%2Fwp%2Fv2%2Fcomments&post=3572"}],"version-history":[{"count":1,"href":"https:\/\/pasaenmendoza.com\/index.php?rest_route=\/wp\/v2\/posts\/3572\/revisions"}],"predecessor-version":[{"id":3574,"href":"https:\/\/pasaenmendoza.com\/index.php?rest_route=\/wp\/v2\/posts\/3572\/revisions\/3574"}],"wp:featuredmedia":[{"embeddable":true,"href":"https:\/\/pasaenmendoza.com\/index.php?rest_route=\/wp\/v2\/media\/3573"}],"wp:attachment":[{"href":"https:\/\/pasaenmendoza.com\/index.php?rest_route=%2Fwp%2Fv2%2Fmedia&parent=3572"}],"wp:term":[{"taxonomy":"category","embeddable":true,"href":"https:\/\/pasaenmendoza.com\/index.php?rest_route=%2Fwp%2Fv2%2Fcategories&post=3572"},{"taxonomy":"post_tag","embeddable":true,"href":"https:\/\/pasaenmendoza.com\/index.php?rest_route=%2Fwp%2Fv2%2Ftags&post=3572"}],"curies":[{"name":"wp","href":"https:\/\/api.w.org\/{rel}","templated":true}]}}