{"id":3575,"date":"2023-12-06T14:17:24","date_gmt":"2023-12-06T13:17:24","guid":{"rendered":"https:\/\/pasaenmendoza.com\/?p=3575"},"modified":"2023-12-06T14:17:25","modified_gmt":"2023-12-06T13:17:25","slug":"la-tormenta-de-este-martes-tiro-arboles-postes-y-cables-en-mendoza","status":"publish","type":"post","link":"https:\/\/pasaenmendoza.com\/?p=3575","title":{"rendered":"La tormenta de este martes tir\u00f3 \u00e1rboles, postes y cables en Mendoza"},"content":{"rendered":"\n<p>La jornada nublada y h\u00fameda este martes en Mendoza termin\u00f3 con una&nbsp;<strong>tormenta<\/strong>&nbsp;que se desat\u00f3 a la madrugada y dej\u00f3 algunos da\u00f1os de consideraci\u00f3n. El fen\u00f3meno se sinti\u00f3 especialmente en el Gran Mendoza. Adem\u00e1s, el&nbsp;<strong>temporal<\/strong>, que incluy\u00f3 ca\u00edda de granizo en algunas zonas, se sinti\u00f3 en parte del sur y del Valle de Uco.<\/p>\n\n\n\n<p>Defensa Civil inform\u00f3 que debido al\u00a0<strong>temporal<\/strong>, en Capital hubo 4 viviendas anegadas y 1 incidente de cables en corto. Tambi\u00e9n sorprendi\u00f3 a los transe\u00fantes un\u00a0<strong>\u00e1rbol ca\u00eddo\u00a0<\/strong>en calle Col\u00f3n, en la cuadra ubicada entre Patricias Mendocinas y Espa\u00f1a, que oblig\u00f3 a cortar el tr\u00e1nsito en media calzada.<\/p>\n\n\n\n<p>Guaymall\u00e9n, por su parte, presenta una 1 vivienda anegada, 1 rama ca\u00edda y 3 problemas con cables en corto. En Luj\u00e1n hay un \u00e1rbol que est\u00e1 a punto de caer.<\/p>\n\n\n\n<p>En Maip\u00fa hay un cable cortado. En Godoy Cruz fue donde la&nbsp;<strong>tormenta<\/strong>&nbsp;caus\u00f3 m\u00e1s da\u00f1os:&nbsp; cables cortados, cables colgando, un poste ca\u00eddo, una vivienda anegada y un \u00e1rbol ca\u00eddo.<\/p>\n\n\n\n<p>Las Heras presenta 3 novedades, con cables cortados, un poste ca\u00eddo y una vivienda anegada. En Malarg\u00fce se inform\u00f3 sobre un \u00e1rbol a punto de caer, mientras que San Carlos reporta un total de 3 novedades, con 2 postes y 1 cable cortados.<\/p>\n\n\n\n<p><strong>Fuente: www.mendozapost.com<\/strong><\/p>\n","protected":false},"excerpt":{"rendered":"<p>La jornada nublada y h\u00fameda este martes en Mendoza termin\u00f3 con una&nbsp;tormenta&nbsp;que se desat\u00f3 a la madrugada y dej\u00f3 algunos da\u00f1os de consideraci\u00f3n. El fen\u00f3meno se sinti\u00f3 especialmente en el Gran Mendoza. Adem\u00e1s, el&nbsp;temporal, que incluy\u00f3 ca\u00edda de granizo en algunas zonas, se sinti\u00f3 en parte del sur y del Valle de Uco. Defensa Civil [&hellip;]<\/p>\n","protected":false},"author":2,"featured_media":3577,"comment_status":"open","ping_status":"open","sticky":false,"template":"","format":"standard","meta":[],"categories":[50],"tags":[],"_links":{"self":[{"href":"https:\/\/pasaenmendoza.com\/index.php?rest_route=\/wp\/v2\/posts\/3575"}],"collection":[{"href":"https:\/\/pasaenmendoza.com\/index.php?rest_route=\/wp\/v2\/posts"}],"about":[{"href":"https:\/\/pasaenmendoza.com\/index.php?rest_route=\/wp\/v2\/types\/post"}],"author":[{"embeddable":true,"href":"https:\/\/pasaenmendoza.com\/index.php?rest_route=\/wp\/v2\/users\/2"}],"replies":[{"embeddable":true,"href":"https:\/\/pasaenmendoza.com\/index.php?rest_route=%2Fwp%2Fv2%2Fcomments&post=3575"}],"version-history":[{"count":1,"href":"https:\/\/pasaenmendoza.com\/index.php?rest_route=\/wp\/v2\/posts\/3575\/revisions"}],"predecessor-version":[{"id":3578,"href":"https:\/\/pasaenmendoza.com\/index.php?rest_route=\/wp\/v2\/posts\/3575\/revisions\/3578"}],"wp:featuredmedia":[{"embeddable":true,"href":"https:\/\/pasaenmendoza.com\/index.php?rest_route=\/wp\/v2\/media\/3577"}],"wp:attachment":[{"href":"https:\/\/pasaenmendoza.com\/index.php?rest_route=%2Fwp%2Fv2%2Fmedia&parent=3575"}],"wp:term":[{"taxonomy":"category","embeddable":true,"href":"https:\/\/pasaenmendoza.com\/index.php?rest_route=%2Fwp%2Fv2%2Fcategories&post=3575"},{"taxonomy":"post_tag","embeddable":true,"href":"https:\/\/pasaenmendoza.com\/index.php?rest_route=%2Fwp%2Fv2%2Ftags&post=3575"}],"curies":[{"name":"wp","href":"https:\/\/api.w.org\/{rel}","templated":true}]}}