{"id":3576,"date":"2023-12-06T14:21:42","date_gmt":"2023-12-06T13:21:42","guid":{"rendered":"https:\/\/pasaenmendoza.com\/?p=3576"},"modified":"2023-12-06T14:21:43","modified_gmt":"2023-12-06T13:21:43","slug":"medicos-pediatras-de-terapia-intensiva-y-cardiovascular-del-notti-podran-ganar-mas-que-el-gobernador","status":"publish","type":"post","link":"https:\/\/pasaenmendoza.com\/?p=3576","title":{"rendered":"M\u00e9dicos pediatras de terapia intensiva y cardiovascular del Notti podr\u00e1n ganar m\u00e1s que el gobernador"},"content":{"rendered":"\n<p>El\u00a0<strong>Senado de Mendoza<\/strong>\u00a0ratific\u00f3 este martes un decreto por el cual se establecen\u00a0<strong>excepciones<\/strong>\u00a0a la\u00a0<strong>Ley Provincial 8.727.\u00a0<\/strong>As\u00ed, desde diciembre,<strong>\u00a0m\u00e9dicos y m\u00e9dicas pediatras\u00a0<\/strong>que se desempe\u00f1an en\u00a0<strong>terapia intensiva y recuperaci\u00f3n cardiovascular\u00a0<\/strong>de<strong>\u00a0Hospital Pedi\u00e1trico Humberto Notti,<\/strong>\u00a0quedan exceptuados de la restricci\u00f3n que determina que ning\u00fan trabajador del Estado puede ganar m\u00e1s que el gobernador.<\/p>\n\n\n\n<p>Esta es una manera de que los\u00a0<strong>m\u00e9dicos del Notti se queden en la provincia<\/strong>\u00a0y no terminen emigrando como viene sucediendo con cientos de profesionales de la Salud de Mendoza.<\/p>\n\n\n\n<h2 class=\"wp-block-heading\">Qu\u00e9 especialistas del Notti se beneficiar\u00e1n con el decreto<\/h2>\n\n\n\n<p>La legisladora<strong>&nbsp;Claudia Najul<\/strong>&nbsp;remarc\u00f3 las caracter\u00edsticas de esta iniciativa que beneficiar\u00e1 a un importante sector de nuestra Provincia. Adem\u00e1s, el senador Germ\u00e1n Vicchi (La Uni\u00f3n Mendocina) y Dugar Chappel (Partido Verde) remarcaron el acompa\u00f1amiento de sus respectivos bloques. Luego se someti\u00f3 a votaci\u00f3n y fue aprobado por unanimidad.<\/p>\n\n\n\n<p>La Ley 8.727, aprobada en 2014, impide que cualquier funcionario p\u00fablico o trabajador dependiente del Estado provincial perciba salarios mayores que el Gobernador.<\/p>\n\n\n\n<p>Los decretos, en t\u00e9rminos m\u00e1s espec\u00edficos en su texto, incorporan a la lista de profesionales exceptuados del art\u00edculo 4 de la Ley 8727 \u2013 que establece un tope en las remuneraciones en la Administraci\u00f3n P\u00fablica -, a&nbsp;<strong>tres profesionales m\u00e9dicos terapistas pedi\u00e1tricos que prestan servicios en el Notti; y asimismo, a profesionales m\u00e9dicas que trabajan en el servicio de Terapia Intensiva Pedi\u00e1trica y Recuperaci\u00f3n Cardiovascular<\/strong>&nbsp;del mismo centro asistencial.<\/p>\n\n\n\n<h2 class=\"wp-block-heading\">La problem\u00e1tica de conseguir especialistas pediatras en Mendoza<\/h2>\n\n\n\n<p>En Mendoza es cada vez m\u00e1s complicado conseguir pediatras generalistas y m\u00e1s a\u00fan, pediatras con alguna especializaci\u00f3n.<\/p>\n\n\n\n<p>La&nbsp;<strong>crisis de los pediatras es tan profunda<\/strong>, que el<strong>&nbsp;Ministerio de Salud<\/strong>&nbsp;de la Provincia&nbsp;<strong>sali\u00f3 a proponer algunas soluciones,<\/strong>&nbsp;no ya para conseguir nuevos profesionales, sino&nbsp;<strong>para que no se vayan los que ya son parte del sistema sanitario de Mendoza.<\/strong><\/p>\n\n\n\n<p>Es que en el \u00faltimo a\u00f1o, cada vez son m\u00e1s los m\u00e9dicos pediatras que se van a trabajar a Chile, por sumas mucho m\u00e1s interesantes que las que cobran en el pa\u00eds.<\/p>\n\n\n\n<p>Esto es lo que se ha intentado evitar con esta disposici\u00f3n.<\/p>\n\n\n\n<p>En el \u00faltimo a\u00f1o,&nbsp;<strong>las guardias pedi\u00e1tricas de los hospitales p\u00fablicos reciben cada vez a m\u00e1s ni\u00f1os<\/strong>. Esto es porque, si bien pueden poseer obra social, la&nbsp;<strong>\u00fanica guardia pedi\u00e1trica privada que funciona las 24 horas es la del Hospital Espa\u00f1ol, al menos en la zona urbana<\/strong>. Esta muchas veces ha tenido que cerrar de noche por falta de profesionales<\/p>\n\n\n\n<p>Por estos motivos,&nbsp;<strong>la gente se dirige directamente a los hospitales donde sabe que s\u00ed o s\u00ed la van a atender. El ejemplo m\u00e1s claro es el del Notti.<\/strong><\/p>\n\n\n\n<p>En cuanto a terapia intensiva y recuperaci\u00f3n cardiovascular del Notti, son \u00e1reas en las que dif\u00edcilmente se consigan especialistas, porque nadie elige estas \u00e1reas de la medicina.<\/p>\n\n\n\n<p><strong>Fuente: www.diariouno.com.ar<\/strong><\/p>\n","protected":false},"excerpt":{"rendered":"<p>El\u00a0Senado de Mendoza\u00a0ratific\u00f3 este martes un decreto por el cual se establecen\u00a0excepciones\u00a0a la\u00a0Ley Provincial 8.727.\u00a0As\u00ed, desde diciembre,\u00a0m\u00e9dicos y m\u00e9dicas pediatras\u00a0que se desempe\u00f1an en\u00a0terapia intensiva y recuperaci\u00f3n cardiovascular\u00a0de\u00a0Hospital Pedi\u00e1trico Humberto Notti,\u00a0quedan exceptuados de la restricci\u00f3n que determina que ning\u00fan trabajador del Estado puede ganar m\u00e1s que el gobernador. Esta es una manera de que los\u00a0m\u00e9dicos del [&hellip;]<\/p>\n","protected":false},"author":2,"featured_media":3583,"comment_status":"open","ping_status":"open","sticky":false,"template":"","format":"standard","meta":[],"categories":[58],"tags":[],"_links":{"self":[{"href":"https:\/\/pasaenmendoza.com\/index.php?rest_route=\/wp\/v2\/posts\/3576"}],"collection":[{"href":"https:\/\/pasaenmendoza.com\/index.php?rest_route=\/wp\/v2\/posts"}],"about":[{"href":"https:\/\/pasaenmendoza.com\/index.php?rest_route=\/wp\/v2\/types\/post"}],"author":[{"embeddable":true,"href":"https:\/\/pasaenmendoza.com\/index.php?rest_route=\/wp\/v2\/users\/2"}],"replies":[{"embeddable":true,"href":"https:\/\/pasaenmendoza.com\/index.php?rest_route=%2Fwp%2Fv2%2Fcomments&post=3576"}],"version-history":[{"count":1,"href":"https:\/\/pasaenmendoza.com\/index.php?rest_route=\/wp\/v2\/posts\/3576\/revisions"}],"predecessor-version":[{"id":3584,"href":"https:\/\/pasaenmendoza.com\/index.php?rest_route=\/wp\/v2\/posts\/3576\/revisions\/3584"}],"wp:featuredmedia":[{"embeddable":true,"href":"https:\/\/pasaenmendoza.com\/index.php?rest_route=\/wp\/v2\/media\/3583"}],"wp:attachment":[{"href":"https:\/\/pasaenmendoza.com\/index.php?rest_route=%2Fwp%2Fv2%2Fmedia&parent=3576"}],"wp:term":[{"taxonomy":"category","embeddable":true,"href":"https:\/\/pasaenmendoza.com\/index.php?rest_route=%2Fwp%2Fv2%2Fcategories&post=3576"},{"taxonomy":"post_tag","embeddable":true,"href":"https:\/\/pasaenmendoza.com\/index.php?rest_route=%2Fwp%2Fv2%2Ftags&post=3576"}],"curies":[{"name":"wp","href":"https:\/\/api.w.org\/{rel}","templated":true}]}}