{"id":3579,"date":"2023-12-06T14:20:17","date_gmt":"2023-12-06T13:20:17","guid":{"rendered":"https:\/\/pasaenmendoza.com\/?p=3579"},"modified":"2023-12-06T14:20:18","modified_gmt":"2023-12-06T13:20:18","slug":"como-estara-el-tiempo-en-mendoza-despues-de-la-tormenta","status":"publish","type":"post","link":"https:\/\/pasaenmendoza.com\/?p=3579","title":{"rendered":"C\u00f3mo estar\u00e1 el tiempo en Mendoza despu\u00e9s de la tormenta"},"content":{"rendered":"\n<p>Luego de la tormenta que afect\u00f3 a gran parte de la provincia, este&nbsp;<strong>mi\u00e9rcoles<\/strong>&nbsp;se presenta con cielo algo nublado, inestable, ascenso de la temperatura y vientos leves del noreste.&nbsp;<mark>La m\u00ednima ser\u00e1 de 14 grados y la m\u00e1xima de 30.<\/mark><\/p>\n\n\n\n<p>Para el jueves, la&nbsp;<strong>Direcci\u00f3n de Contingencias Clim\u00e1ticas<\/strong>&nbsp;indica: \u201cCaluroso con nubosidad variable e inestable hacia la noche, vientos moderados del noreste\u201d.&nbsp;<mark>La temperatura oscilar\u00e1 entre los 16 y los 34 grados.<\/mark><\/p>\n\n\n\n<p>En tanto, el\u00a0<strong>viernes<\/strong>, feriado nacional, estar\u00e1 \u201ccaluroso con nubosidad variable y tormentas hacia la noche, vientos moderados del noreste\u201d.<mark>\u00a0La m\u00ednima ser\u00e1 de 17 grados y la m\u00e1xima de 34.<\/mark><\/p>\n\n\n\n<p><strong>La situaci\u00f3n en alta monta\u00f1a<\/strong><\/p>\n\n\n\n<p>El\u00a0<strong>Sistema Integrado Cristo Redentor\u00a0<\/strong>se encuentra<mark>\u00a0habilitado<\/mark>\u00a0para todo tipo de veh\u00edculos.\u00a0<mark>Este mi\u00e9rcoles, el tr\u00e1nsito estar\u00e1 interrumpido durante dos horas<\/mark>, entre las 8 y las 10, por trabajos en el interior del t\u00fanel, del lado argentino.<\/p>\n\n\n\n<p>El\u00a0<strong>paso Pehuenche<\/strong>\u00a0est\u00e1\u00a0<mark>cerrado\u00a0<\/mark>por tiempo indeterminado.<\/p>\n\n\n\n<p><strong>Fuente: www.elsol.com.ar<\/strong><\/p>\n","protected":false},"excerpt":{"rendered":"<p>Luego de la tormenta que afect\u00f3 a gran parte de la provincia, este&nbsp;mi\u00e9rcoles&nbsp;se presenta con cielo algo nublado, inestable, ascenso de la temperatura y vientos leves del noreste.&nbsp;La m\u00ednima ser\u00e1 de 14 grados y la m\u00e1xima de 30. Para el jueves, la&nbsp;Direcci\u00f3n de Contingencias Clim\u00e1ticas&nbsp;indica: \u201cCaluroso con nubosidad variable e inestable hacia la noche, vientos [&hellip;]<\/p>\n","protected":false},"author":2,"featured_media":3580,"comment_status":"open","ping_status":"open","sticky":false,"template":"","format":"standard","meta":[],"categories":[52],"tags":[],"_links":{"self":[{"href":"https:\/\/pasaenmendoza.com\/index.php?rest_route=\/wp\/v2\/posts\/3579"}],"collection":[{"href":"https:\/\/pasaenmendoza.com\/index.php?rest_route=\/wp\/v2\/posts"}],"about":[{"href":"https:\/\/pasaenmendoza.com\/index.php?rest_route=\/wp\/v2\/types\/post"}],"author":[{"embeddable":true,"href":"https:\/\/pasaenmendoza.com\/index.php?rest_route=\/wp\/v2\/users\/2"}],"replies":[{"embeddable":true,"href":"https:\/\/pasaenmendoza.com\/index.php?rest_route=%2Fwp%2Fv2%2Fcomments&post=3579"}],"version-history":[{"count":1,"href":"https:\/\/pasaenmendoza.com\/index.php?rest_route=\/wp\/v2\/posts\/3579\/revisions"}],"predecessor-version":[{"id":3581,"href":"https:\/\/pasaenmendoza.com\/index.php?rest_route=\/wp\/v2\/posts\/3579\/revisions\/3581"}],"wp:featuredmedia":[{"embeddable":true,"href":"https:\/\/pasaenmendoza.com\/index.php?rest_route=\/wp\/v2\/media\/3580"}],"wp:attachment":[{"href":"https:\/\/pasaenmendoza.com\/index.php?rest_route=%2Fwp%2Fv2%2Fmedia&parent=3579"}],"wp:term":[{"taxonomy":"category","embeddable":true,"href":"https:\/\/pasaenmendoza.com\/index.php?rest_route=%2Fwp%2Fv2%2Fcategories&post=3579"},{"taxonomy":"post_tag","embeddable":true,"href":"https:\/\/pasaenmendoza.com\/index.php?rest_route=%2Fwp%2Fv2%2Ftags&post=3579"}],"curies":[{"name":"wp","href":"https:\/\/api.w.org\/{rel}","templated":true}]}}