{"id":3585,"date":"2023-12-06T14:32:27","date_gmt":"2023-12-06T13:32:27","guid":{"rendered":"https:\/\/pasaenmendoza.com\/?p=3585"},"modified":"2023-12-06T14:51:22","modified_gmt":"2023-12-06T13:51:22","slug":"crece-la-expectativa-y-alfredo-cornejo-anuncia-su-gabinete","status":"publish","type":"post","link":"https:\/\/pasaenmendoza.com\/?p=3585","title":{"rendered":"Crece la expectativa y Alfredo Cornejo anuncia su Gabinete"},"content":{"rendered":"\n<p>El gobernador electo dar\u00e1 a conocer los nombres de su futuro equipo de Gobierno, tras haber realizado una serie modificaciones en el esquema del Poder Ejecutivo<\/p>\n\n\n\n<p>El gobernador electo<strong>\u00a0Alfredo Cornejo<\/strong>\u00a0tendr\u00e1 hoy la Ley de Ministerios, la norma que permite hacer oficial la arquitectura de lo que ser\u00e1 su gobierno. Ni bien eso ocurra, se espera que haga oficial los nombres de los integrantes del\u00a0Gabinete. Ayer, por unanimidad, el Senado aprob\u00f3 la ley\u00a0y hoy ser\u00e1 el turno en Diputado<\/p>\n\n\n\n<p><strong>Cornejo&nbsp;<\/strong>ya hizo oficial la reorganizaci\u00f3n del Poder Ejecutivo a trav\u00e9s de&nbsp;siete ministerios y dos entes aut\u00e1rquicos (Emetur y ProMendoza).&nbsp;La novedad fue la creaci\u00f3n de un Ministerio de Gobierno, Infraestructura y Desarrollo Territorial, adem\u00e1s del superministerio de Educaci\u00f3n, Cultura Infancia y Direcci\u00f3n General de Escuelas. Pasando en limpio, la nueva composici\u00f3n consiste: Ministerio de Gobierno, Infraestructura y Desarrollo Territorial; Ministerio de Seguridad y Justicia; Ministerio de Hacienda y Finanzas; Ministerio de Producci\u00f3n; Ministerio de Salud y Deportes; Ministerio de Energ\u00eda y Ambiente; Ministerio de Educaci\u00f3n, Cultura, Infancias y Direcci\u00f3n General de Escuelas (DGE).<\/p>\n\n\n\n<p>Pese a que a\u00fan no se ha difundo la lista oficial de dirigentes que formar\u00e1n parte del equipo de Gobierno de&nbsp;<strong>Cornejo<\/strong>, ya fue&nbsp;confirmado Tadeo Garc\u00eda Zalazar, a cargo de Educaci\u00f3n, Cultura, Infancias y la DGE. En tanto, se da casi por hecho que que&nbsp;Natalio Mema -hoy secretario de Servicios P\u00fablicos- estar\u00e1&nbsp;al frente de&nbsp;Gobierno, Infraestructura y Desarrollo Territorial. La danza de nombres sigue y all\u00ed aparece la diputada nacional saliente&nbsp;Jimena Latorre, quien suena para el Ministerio de Energ\u00eda y Ambiente. Latorre supo desempe\u00f1arse como titular del EPRE. Por otro lado, se conocer\u00e1 que papel cumplir\u00e1n Mauricio Pinti Clop, Florencia Santoni (que se quedar\u00eda en la Municipalidad de&nbsp;Godoy Cruz), Diego Coronel, Marcela Fern\u00e1ndez (quien podr\u00eda ir a Infancias) y&nbsp;Tamara Salam\u00f3n.<\/p>\n\n\n\n<p>Otra clave es el cambio en el \u00e1rea de Turismo, que no ser\u00e1 ministerio y que, en cambio, tendr\u00e1 en el&nbsp;Emetur el eje para llevar la gesti\u00f3n junto al sector privado. Algo parecido ocurrir\u00e1 con ProMendoza.&nbsp;<\/p>\n\n\n\n<p>En lo que refiere al Ministerio de Hacienda,&nbsp;<strong>Cornejo&nbsp;<\/strong>ya adelant\u00f3 que &#8220;estar\u00e1 incluida un \u00e1rea de Recursos Humanos. Hoy en las paritarias Hacienda solamente&nbsp;participa en lo que refiere al monto de los aumentos, pero queremos que participe en todo el proceso.&nbsp;Que&nbsp;todo el a\u00f1o se ocupe de c\u00f3mo se ejecutan las partidas de personal en el resto de los ministerios. Estamos modificando algunas competencias espec\u00edficas&#8221;.<\/p>\n\n\n\n<h2 class=\"wp-block-heading\">En espera<\/h2>\n\n\n\n<p>El Ministerio de Seguridad y Justicia es una de las piezas clave de la nueva composici\u00f3n y que no se sabe quien conducir\u00e1. Cornejo se ha reservado el postulante hasta \u00faltimo momento y ni los colaboradores m\u00e1s cercanos al Gobernador electo lo saben. Es que el perfil del futuro ministro es distinto, pues tendr\u00e1 que combinar la pol\u00edtica de seguridad, con la de justicia. Pero adem\u00e1s, es el cargo m\u00e1s caliente: Cornejo est\u00e1 encima de ambos temas de manera personal. En ese cargo podr\u00eda haber una sorpresa.&nbsp;<\/p>\n\n\n\n<p>El organigrama provincial es extenso y es probable que algunos funcionarios contin\u00faen en sus cargos. Pero hay \u00e1reas como Ambiente o Deportes en donde Humberto Mingorance y Federico Chiapetta ya acumulan ocho a\u00f1os ininterrumpidos de gesti\u00f3n. Si bien son personas de confianza de Alfredo Cornejo, el gobernador electo afirm\u00f3 que habr\u00e1 un recambio generacional en su segundo gobierno por lo que nadie tiene el lugar asegurado.&nbsp;<\/p>\n\n\n\n<p>En cuanto a entes como OSEP, IPV, Instituto Provincial de Juegos y Casinos, Iscamen o la Direcci\u00f3n Provincial de Vialidad,&nbsp;Alfredo Cornejo&nbsp;deber\u00e1 definir, en conjunto con sus ministros, qui\u00e9nes se har\u00e1n cargo de esas instituciones. Actualmente el IPV y el Casino est\u00e1n a cargo de dos mujeres del ri\u00f1\u00f3n de&nbsp;Rodolfo Suarez: Mar\u00eda Marta Ontanilla e Ida L\u00f3pez. En OSEP conduce Carlos Funes y en Vialidad Osvaldo Romagnoli. Es poco probable que todos ellos contin\u00faen.<\/p>\n\n\n\n<p>El que sin dudas dejar\u00e1 su cargo es el presidente del ISCAMEN, Alejandro Molero, que fue elegido como intendente en General Alvear. Probablemente ese lugar quede en manos de alguien de confianza de la persona que se haga cargo del Ministerio de Producci\u00f3n.<\/p>\n\n\n\n<h2 class=\"wp-block-heading\">Dependencias de los Ministerios<\/h2>\n\n\n\n<p>Ministerio de Gobierno, Infraestructura y Desarrollo Territorial: Direcci\u00f3n Provincial de Vialidad, Departamento General de Irrigaci\u00f3n, Instituto Provincial de la Vivienda, Fondo de Infraestructura, Ente Provincial de Agua y Saneamiento, Ente de la Movilidad Provincial, Agua y Saneamiento Mendoza SAPEM y Sociedad de Transporte Mendoza SAUPE.<\/p>\n\n\n\n<p>Ministerio de Educaci\u00f3n, Infancias y Cultura:&nbsp;Direcci\u00f3n General de Escuelas (DGE) y Secretar\u00eda de Infancias, Adolescencias y Juventudes.<\/p>\n\n\n\n<p>Ministerio de Producci\u00f3n: Instituto de Sanidad y Calidad Agropecuaria Mendoza (ISCAMEN), Aeron\u00e1utica de Mendoza Sociedad An\u00f3nima (AEMSA), Instituto de Desarrollo Rural (IDR) y Instituto de Desarrollo Comercial (IDC).<\/p>\n\n\n\n<p>Ministerio de Energ\u00eda y Ambiente: Ente Provincial Regulador El\u00e9ctrico (EPRE), Empresa Mendocina de Energ\u00eda SA (EMESA), Dioxitek SA, Impulsa Mendoza SA y Potasio R\u00edo Colorado (PRC).<\/p>\n\n\n\n<p>Ministerio de Hacienda y Finanzas:&nbsp;Instituto Provincial de Juegos y Casinos, Caja de Seguro Mutual, Administraci\u00f3n Tributaria Mendoza, Unidad de Financiamiento Internacional, Cuyo Aval, Fondo para la Transformaci\u00f3n y el Crecimiento y Mendoza Fiduciaria.<\/p>\n\n\n\n<p>Ministerio de Salud y Deportes: Obra Social de Empleados P\u00fablicos (OSEP) y Hospitales P\u00fablicos descentralizados.<\/p>\n\n\n\n<p>Ministerio de Seguridad y Justicia.<\/p>\n\n\n\n<p>FUENTE: Mdzonline.<\/p>\n","protected":false},"excerpt":{"rendered":"<p>El gobernador electo dar\u00e1 a conocer los nombres de su futuro equipo de Gobierno, tras haber realizado una serie modificaciones en el esquema del Poder Ejecutivo El gobernador electo\u00a0Alfredo Cornejo\u00a0tendr\u00e1 hoy la Ley de Ministerios, la norma que permite hacer oficial la arquitectura de lo que ser\u00e1 su gobierno. Ni bien eso ocurra, se espera [&hellip;]<\/p>\n","protected":false},"author":2,"featured_media":3596,"comment_status":"open","ping_status":"open","sticky":true,"template":"","format":"standard","meta":[],"categories":[47],"tags":[],"_links":{"self":[{"href":"https:\/\/pasaenmendoza.com\/index.php?rest_route=\/wp\/v2\/posts\/3585"}],"collection":[{"href":"https:\/\/pasaenmendoza.com\/index.php?rest_route=\/wp\/v2\/posts"}],"about":[{"href":"https:\/\/pasaenmendoza.com\/index.php?rest_route=\/wp\/v2\/types\/post"}],"author":[{"embeddable":true,"href":"https:\/\/pasaenmendoza.com\/index.php?rest_route=\/wp\/v2\/users\/2"}],"replies":[{"embeddable":true,"href":"https:\/\/pasaenmendoza.com\/index.php?rest_route=%2Fwp%2Fv2%2Fcomments&post=3585"}],"version-history":[{"count":2,"href":"https:\/\/pasaenmendoza.com\/index.php?rest_route=\/wp\/v2\/posts\/3585\/revisions"}],"predecessor-version":[{"id":3611,"href":"https:\/\/pasaenmendoza.com\/index.php?rest_route=\/wp\/v2\/posts\/3585\/revisions\/3611"}],"wp:featuredmedia":[{"embeddable":true,"href":"https:\/\/pasaenmendoza.com\/index.php?rest_route=\/wp\/v2\/media\/3596"}],"wp:attachment":[{"href":"https:\/\/pasaenmendoza.com\/index.php?rest_route=%2Fwp%2Fv2%2Fmedia&parent=3585"}],"wp:term":[{"taxonomy":"category","embeddable":true,"href":"https:\/\/pasaenmendoza.com\/index.php?rest_route=%2Fwp%2Fv2%2Fcategories&post=3585"},{"taxonomy":"post_tag","embeddable":true,"href":"https:\/\/pasaenmendoza.com\/index.php?rest_route=%2Fwp%2Fv2%2Ftags&post=3585"}],"curies":[{"name":"wp","href":"https:\/\/api.w.org\/{rel}","templated":true}]}}