{"id":3598,"date":"2023-12-06T14:36:49","date_gmt":"2023-12-06T13:36:49","guid":{"rendered":"https:\/\/pasaenmendoza.com\/?p=3598"},"modified":"2023-12-06T14:36:50","modified_gmt":"2023-12-06T13:36:50","slug":"quienes-son-los-dos-peronistas-mendocinos-que-renunciaron-a-sus-cargos-nacionales","status":"publish","type":"post","link":"https:\/\/pasaenmendoza.com\/?p=3598","title":{"rendered":"Qui\u00e9nes son los dos peronistas mendocinos que renunciaron a sus cargos nacionales"},"content":{"rendered":"\n<p>Este mi\u00e9rcoles se oficializaron las dimisiones de 42 funcionarios en diferentes ministerios y dependencias oficiales. Entre ellos, un par de reconocidos dirigentes del PJ provincial.<\/p>\n\n\n\n<p>El Gobierno nacional oficializ\u00f3 este mi\u00e9rcoles&nbsp;<strong>42 renuncias de funcionarios en distintas dependencias oficiales<\/strong>, que entrar\u00e1n en vigencia a partir del pr\u00f3ximo domingo, cuando se produzca la asunci\u00f3n del mandatario electo, Javier Milei.<\/p>\n\n\n\n<p>En el listado se destacan dos reconocidos dirigentes del PJ mendocino:&nbsp;<strong>Guillermo Carmona y Mar\u00eda Cristina Perceval.<\/strong><\/p>\n\n\n\n<p>Ambos estaban bajo la \u00f3rbita del Ministerio de Relaciones Exteriores y Culto:\u00a0<strong>Carmona\u00a0<\/strong>como\u00a0<em>secretario de Malvinas, Ant\u00e1rtida y Atl\u00e1ntico Sur<\/em>, y\u00a0<strong>\u201cMarita\u201d Perceval<\/strong>\u00a0en el llamativo cargo de r<em>epresentante Especial para la Pol\u00edtica Exterior Feminista.<\/em><\/p>\n\n\n\n<p>El listado completo es el siguiente:<\/p>\n\n\n\n<h2 class=\"wp-block-heading\" id=\"h-jefatura-de-gabinete\">Jefatura de Gabinete<\/h2>\n\n\n\n<ul>\n<li><strong>Juan Manuel Olmos<\/strong>, secretario de Gabinete de la Jefatura de Ministros.<\/li>\n\n\n\n<li><strong>Vilma Ibarra<\/strong>, secretaria de Legal y T\u00e9cnica de la Presidencia.<\/li>\n\n\n\n<li><strong>Juan Jos\u00e9 Ross<\/strong>, secretario de Medios y Comunicaci\u00f3n P\u00fablica.<\/li>\n\n\n\n<li><strong>Rita Tanuz<\/strong>, secretaria de Coordinaci\u00f3n Legal y Administrativa.<\/li>\n\n\n\n<li><strong>Micaela S\u00e1nchez Malcolm<\/strong>, secretaria de Innovaci\u00f3n P\u00fablica<\/li>\n\n\n\n<li><strong>Luis Navarro<\/strong>, secretario de Relaciones con la Sociedad Civil y Desarrollo Comunitario<\/li>\n\n\n\n<li><strong>Alexandre Roig<\/strong>, presidente del Directorio del Instituto Nacional de Asociativismo y Econom\u00eda Scial (INAES).<\/li>\n\n\n\n<li><strong>Ana Gabriela Castellani<\/strong>, secretaria de Gesti\u00f3n y Empleo P\u00fablico.<\/li>\n\n\n\n<li><strong>Gabriela Torres<\/strong>, secretaria de Pol\u00edticas Integrales sobre Drogas de la Naci\u00f3n.<\/li>\n\n\n\n<li><strong>Ezequiel Mar\u00eda<\/strong>, titular de la Unidad de Comunicaci\u00f3n.<\/li>\n\n\n\n<li><strong>Facundo Olivera<\/strong>, titular de la Unidad Gabinete de Asesores.<\/li>\n\n\n\n<li><strong>Eduardo Alfonso Albanese<\/strong>, presidente de la Agencia de Administraci\u00f3n de Bienes del Estado.<\/li>\n\n\n\n<li><strong>Miguel Humbert<\/strong>, presidente del Instituto Nacional de la Agricultura Familiar Campesina e Ind\u00edgena.<\/li>\n<\/ul>\n\n\n\n<h2 class=\"wp-block-heading\" id=\"h-ministerio-de-relaciones-exteriores-y-culto\">Ministerio de Relaciones Exteriores y Culsporte<\/h2>\n\n\n\n<ul>\n<li><strong>Facundo Benegas<\/strong>, titular de la Unidad de Gabinete de Asesores.<\/li>\n\n\n\n<li><strong>Marcos Farina<\/strong>, secretario de Articulaci\u00f3n Interjudisdiccional.<\/li>\n\n\n\n<li><strong>Mar\u00eda Jimena L\u00f3pez<\/strong>, secretaria de Gesti\u00f3n de Transporte.<\/li>\n\n\n\n<li><strong>Gast\u00f3n Jaques<\/strong>, secretario de Planificaci\u00f3n de Transporte.<\/li>\n<\/ul>\n\n\n\n<h2 class=\"wp-block-heading\" id=\"h-turismo-y-deportes\">Turismo y Deportes<\/h2>\n\n\n\n<ul>\n<li><strong>Geraldine Oniszczuk<\/strong>, titular de la Unidad de Gabinete de Asesores.<\/li>\n\n\n\n<li><strong>Yanina Mart\u00ednez<\/strong>, secretaria de Promoci\u00f3n Tur\u00edstica.<\/li>\n\n\n\n<li><strong>In\u00e9s Arredondo<\/strong>, secretaria de Deportes.<\/li>\n<\/ul>\n\n\n\n<h2 class=\"wp-block-heading\" id=\"h-ministerio-de-ambiente-y-desarrollo-sostenible\">Ministerio de Ambiente y Desarrollo Sostenible<\/h2>\n\n\n\n<ul>\n<li><strong>Francisco Luis Gonz\u00e1lez Taboas<\/strong>, vocal del Directorio de la Administraci\u00f3n de Parques Nacionales.<\/li>\n<\/ul>\n\n\n\n<h2 class=\"wp-block-heading\" id=\"h-ministerio-del-interior\">Ministerio del Interior<\/h2>\n\n\n\n<ul>\n<li><strong>Jos\u00e9 Lepere<\/strong>, secretario de Interior.<\/li>\n\n\n\n<li><strong>Patricia Garc\u00eda Blanco<\/strong>, secretaria de Asuntos Pol\u00edticos.<\/li>\n\n\n\n<li><strong>Avelino Ricardo Zurro<\/strong>, secretario de Municipios.<\/li>\n\n\n\n<li><strong>Bruno Ruggeri<\/strong>, secretario de Provincias.<\/li>\n\n\n\n<li><strong>Diego Fernando Felgueroso<\/strong>, titular de la Unidad Gabinete de Asesores.<\/li>\n<\/ul>\n\n\n\n<h2 class=\"wp-block-heading\" id=\"h-oficina-anticorrupcion\">Oficina Anticorrupci\u00f3n<\/h2>\n\n\n\n<ul>\n<li><strong>Mar\u00eda G\u00f3mez<\/strong>, titular.<\/li>\n<\/ul>\n\n\n\n<h2 class=\"wp-block-heading\" id=\"h-ente-nacional-de-comunicaciones\">Ente Nacional de Comunicaciones<\/h2>\n\n\n\n<ul>\n<li><strong>Claudio Ambrosini<\/strong>, presidente del Directorio.<\/li>\n\n\n\n<li><strong>Gustavo L\u00f3pez<\/strong>, director.<\/li>\n\n\n\n<li><strong>Ra\u00fal Llamas<\/strong>, director del Ente Nacional de Comunicaciones (Enacom).<\/li>\n\n\n\n<li><strong>Mar\u00eda Florencia Pacheco<\/strong>, directora del Enacom.<\/li>\n\n\n\n<li><strong>Alejandro Gigena<\/strong>, director del Enacom.<\/li>\n\n\n\n<li><strong>Silvana Giudici<\/strong>, directora.<\/li>\n\n\n\n<li><strong>Jos\u00e9 Corral<\/strong>, director.<\/li>\n\n\n\n<li><strong>Ariel Mart\u00ednez<\/strong>, coordinador General de Asuntos Ejecutivos.<\/li>\n\n\n\n<li><strong>Diego Leiva<\/strong>, coordinador General de Asuntos T\u00e9cnicos.<\/li>\n<\/ul>\n\n\n\n<p>FUENTE: elsol.com.ar <\/p>\n","protected":false},"excerpt":{"rendered":"<p>Este mi\u00e9rcoles se oficializaron las dimisiones de 42 funcionarios en diferentes ministerios y dependencias oficiales. Entre ellos, un par de reconocidos dirigentes del PJ provincial. El Gobierno nacional oficializ\u00f3 este mi\u00e9rcoles&nbsp;42 renuncias de funcionarios en distintas dependencias oficiales, que entrar\u00e1n en vigencia a partir del pr\u00f3ximo domingo, cuando se produzca la asunci\u00f3n del mandatario electo, [&hellip;]<\/p>\n","protected":false},"author":2,"featured_media":3599,"comment_status":"open","ping_status":"open","sticky":true,"template":"","format":"standard","meta":[],"categories":[47],"tags":[],"_links":{"self":[{"href":"https:\/\/pasaenmendoza.com\/index.php?rest_route=\/wp\/v2\/posts\/3598"}],"collection":[{"href":"https:\/\/pasaenmendoza.com\/index.php?rest_route=\/wp\/v2\/posts"}],"about":[{"href":"https:\/\/pasaenmendoza.com\/index.php?rest_route=\/wp\/v2\/types\/post"}],"author":[{"embeddable":true,"href":"https:\/\/pasaenmendoza.com\/index.php?rest_route=\/wp\/v2\/users\/2"}],"replies":[{"embeddable":true,"href":"https:\/\/pasaenmendoza.com\/index.php?rest_route=%2Fwp%2Fv2%2Fcomments&post=3598"}],"version-history":[{"count":1,"href":"https:\/\/pasaenmendoza.com\/index.php?rest_route=\/wp\/v2\/posts\/3598\/revisions"}],"predecessor-version":[{"id":3600,"href":"https:\/\/pasaenmendoza.com\/index.php?rest_route=\/wp\/v2\/posts\/3598\/revisions\/3600"}],"wp:featuredmedia":[{"embeddable":true,"href":"https:\/\/pasaenmendoza.com\/index.php?rest_route=\/wp\/v2\/media\/3599"}],"wp:attachment":[{"href":"https:\/\/pasaenmendoza.com\/index.php?rest_route=%2Fwp%2Fv2%2Fmedia&parent=3598"}],"wp:term":[{"taxonomy":"category","embeddable":true,"href":"https:\/\/pasaenmendoza.com\/index.php?rest_route=%2Fwp%2Fv2%2Fcategories&post=3598"},{"taxonomy":"post_tag","embeddable":true,"href":"https:\/\/pasaenmendoza.com\/index.php?rest_route=%2Fwp%2Fv2%2Ftags&post=3598"}],"curies":[{"name":"wp","href":"https:\/\/api.w.org\/{rel}","templated":true}]}}