{"id":3601,"date":"2023-12-06T14:42:28","date_gmt":"2023-12-06T13:42:28","guid":{"rendered":"https:\/\/pasaenmendoza.com\/?p=3601"},"modified":"2023-12-06T14:42:30","modified_gmt":"2023-12-06T13:42:30","slug":"el-primer-vencimiento-que-pagara-cornejo-dias-despues-de-asumir","status":"publish","type":"post","link":"https:\/\/pasaenmendoza.com\/?p=3601","title":{"rendered":"El primer vencimiento que pagar\u00e1 Cornejo, d\u00edas despu\u00e9s de asumir"},"content":{"rendered":"\n<p>Antes de finalizar la primera semana de esta nueva etapa como gobernador,\u00a0Alfredo Cornejo\u00a0deber\u00e1 cancelar una cuota de un pr\u00e9stamo millonario que tom\u00f3\u00a0Rodolfo Suarez. Ser\u00e1 un vencimiento que roza los\u00a0<strong>1.500 millones de pesos<\/strong>, correspondiente a la\u00a0<strong>s\u00e9ptima cuota<\/strong>\u00a0del bono\u00a0<strong>PMM31<\/strong>, emitido en 2022 para refinanciar la deuda con Anses.<\/p>\n\n\n\n<p>En efecto, este bono surgi\u00f3 como una soluci\u00f3n para refinanciar la&nbsp;<strong>deuda que la Provincia contrajo con el Fondo de Garant\u00eda de Sustentabilidad<\/strong>, por aquellos cr\u00e9ditos de libre disponibilidad que reparti\u00f3&nbsp;<strong>Anses<\/strong>&nbsp;a partir de 2016 para resarcir a las provincias en medio de la pol\u00e9mica por el &#8220;hist\u00f3rico&#8221; 15% que deb\u00eda restituir el organismo previsional.<\/p>\n\n\n\n<p>Seg\u00fan comunic\u00f3 este martes el Ministerio de Hacienda a la Bolsa de Comercio porte\u00f1a, &#8220;el pago total del servicio de deuda por el periodo indicado es de ARS\u00a0<strong>$1.477.260.983,73<\/strong>&#8220;, y &#8220;estar\u00e1 a disposici\u00f3n de sus titulares el\u00a0<strong>viernes 15 de diciembre<\/strong>&#8220;. Para entonces, \u00bfseguir\u00e1 siendo ministro de Hacienda V\u00edctor Fayad?<\/p>\n\n\n\n<p>El bono PMM31 fue\u00a0<strong>emitido<\/strong>\u00a0por Mendoza en\u00a0<strong>marzo de 2022<\/strong>\u00a0por un total de casi\u00a0<strong>5.000 millones de pesos<\/strong>\u00a0($4.991.524.219) que en aquel momento era el equivalente a m\u00e1s\u00a0<strong>40 millones de d\u00f3lares<\/strong>\u00a0(U$S 41.238.463) a pagar en 36 cuotas trimestrales hasta 2031 (<strong>hasta 2025 s\u00f3lo pagar\u00e1 intereses<\/strong>, comenzando a cancelar capital a partir de ese a\u00f1o).<\/p>\n\n\n\n<p>Para calcular la renta a pagar se devengar\u00e1 inter\u00e9s a una tasa nominal anual, resultante de la\u00a0<strong>tasa de inter\u00e9s BADLAR<\/strong>\u00a0para el per\u00edodo comprendido entre el 10\u00b0 d\u00eda h\u00e1bil anterior al inicio de cada per\u00edodo de devengamiento y hasta el 10\u00b0 d\u00eda h\u00e1bil anterior a la finalizaci\u00f3n de cada per\u00edodo de devengamiento. Actualmente,<strong>\u00a0el inter\u00e9s asciende a 121,45%<\/strong>, una tasa m\u00e1s que conveniente ante los \u00edndices de inflaci\u00f3n vigentes.<\/p>\n\n\n\n<p>La deuda total<\/p>\n\n\n\n<p>M\u00e1s all\u00e1 de los bonos y t\u00edtulos emitidos en los \u00faltimos a\u00f1os, la deuda p\u00fablica total de Mendoza viene descendiendo sostenidamente desde\u00a0<strong>2017<\/strong>, a partir de la segunda mitad del primer gobierno de Cornejo. En aquel momento, era equivalente a\u00a0\u00a0<strong>U$S 1.924 millones<\/strong>\u00a0y a junio de\u00a0<strong>2023<\/strong>\u00a0era de U$S 951 millones, seg\u00fan el \u00faltimo informe del Consejo Empresario Mendocino (CEM). Adem\u00e1s, desde el Ministerio de Hacienda indicaron que &#8220;en septiembre pagamos deuda en 45 millones de d\u00f3lares de amortizaci\u00f3n, m\u00e1s otros vencimientos menores, por lo que la deuda total ya est\u00e1\u00a0<strong>debajo de 900 millones de d\u00f3lares<\/strong>&#8220;.<\/p>\n\n\n\n<p>Al mismo tiempo, de acuerdo con dicho informe, en las gestiones de Cornejo y Rodolfo Suarez\u00a0<strong>ha ido aumentando la deuda denominada en d\u00f3lares<\/strong>; es decir,\u00a0<strong>aquella que se contrajo en moneda extranjera<\/strong>. En 2015, era de U$S 461 millones, mientras que en 2023 ascend\u00eda a U$S 669 millones (hoy, un 78% de la deuda p\u00fablica total de Mendoza est\u00e1 denominada en d\u00f3lares).<\/p>\n\n\n\n<p>Esto supondr\u00eda un problema para las arcas provinciales ante una eventual devaluaci\u00f3n. Sin embargo, esta posible modificaci\u00f3n del tipo de cambio tambi\u00e9n impactar\u00eda en las regal\u00edas que cobra Mendoza y que se calculan tambi\u00e9n en d\u00f3lares. Sobre esto, el CEM concluy\u00f3: &#8220;Estimando regal\u00edas anuales iguales al promedio del \u00faltimo lustro (USD 158 MM), el ratio es siempre mayor a 1, por lo que\u00a0<strong>los ingresos por regal\u00edas le permiten al gobierno cubrir el servicio de la deuda en d\u00f3lares<\/strong>&#8220;.<\/p>\n\n\n\n<p>FUENTE: Mendozapost.<\/p>\n","protected":false},"excerpt":{"rendered":"<p>Antes de finalizar la primera semana de esta nueva etapa como gobernador,\u00a0Alfredo Cornejo\u00a0deber\u00e1 cancelar una cuota de un pr\u00e9stamo millonario que tom\u00f3\u00a0Rodolfo Suarez. Ser\u00e1 un vencimiento que roza los\u00a01.500 millones de pesos, correspondiente a la\u00a0s\u00e9ptima cuota\u00a0del bono\u00a0PMM31, emitido en 2022 para refinanciar la deuda con Anses. En efecto, este bono surgi\u00f3 como una soluci\u00f3n para [&hellip;]<\/p>\n","protected":false},"author":2,"featured_media":3602,"comment_status":"open","ping_status":"open","sticky":true,"template":"","format":"standard","meta":[],"categories":[47],"tags":[],"_links":{"self":[{"href":"https:\/\/pasaenmendoza.com\/index.php?rest_route=\/wp\/v2\/posts\/3601"}],"collection":[{"href":"https:\/\/pasaenmendoza.com\/index.php?rest_route=\/wp\/v2\/posts"}],"about":[{"href":"https:\/\/pasaenmendoza.com\/index.php?rest_route=\/wp\/v2\/types\/post"}],"author":[{"embeddable":true,"href":"https:\/\/pasaenmendoza.com\/index.php?rest_route=\/wp\/v2\/users\/2"}],"replies":[{"embeddable":true,"href":"https:\/\/pasaenmendoza.com\/index.php?rest_route=%2Fwp%2Fv2%2Fcomments&post=3601"}],"version-history":[{"count":1,"href":"https:\/\/pasaenmendoza.com\/index.php?rest_route=\/wp\/v2\/posts\/3601\/revisions"}],"predecessor-version":[{"id":3603,"href":"https:\/\/pasaenmendoza.com\/index.php?rest_route=\/wp\/v2\/posts\/3601\/revisions\/3603"}],"wp:featuredmedia":[{"embeddable":true,"href":"https:\/\/pasaenmendoza.com\/index.php?rest_route=\/wp\/v2\/media\/3602"}],"wp:attachment":[{"href":"https:\/\/pasaenmendoza.com\/index.php?rest_route=%2Fwp%2Fv2%2Fmedia&parent=3601"}],"wp:term":[{"taxonomy":"category","embeddable":true,"href":"https:\/\/pasaenmendoza.com\/index.php?rest_route=%2Fwp%2Fv2%2Fcategories&post=3601"},{"taxonomy":"post_tag","embeddable":true,"href":"https:\/\/pasaenmendoza.com\/index.php?rest_route=%2Fwp%2Fv2%2Ftags&post=3601"}],"curies":[{"name":"wp","href":"https:\/\/api.w.org\/{rel}","templated":true}]}}