{"id":3605,"date":"2023-12-06T14:44:44","date_gmt":"2023-12-06T13:44:44","guid":{"rendered":"https:\/\/pasaenmendoza.com\/?p=3605"},"modified":"2023-12-06T14:44:45","modified_gmt":"2023-12-06T13:44:45","slug":"escuelas-de-verano-de-guaymallen-ultima-semana-para-anotarse","status":"publish","type":"post","link":"https:\/\/pasaenmendoza.com\/?p=3605","title":{"rendered":"Escuelas de verano de Guaymall\u00e9n: \u00faltima semana para anotarse"},"content":{"rendered":"\n<p>Hasta el jueves 7 de diciembre, permanecer\u00e1n abiertas las inscripciones para la temporada 2024 de las&nbsp;<strong>escuelas de verano de Guaymall\u00e9n<\/strong>. La edici\u00f3n se llevar\u00e1 adelante bajo el lema \u00abUna ronda de juegos\u00bb e invitar\u00e1 a disfrutar de la \u00faltima estaci\u00f3n del a\u00f1o con diversas propuestas recreativas, acu\u00e1ticas, art\u00edsticas y de aventura.<\/p>\n\n\n\n<p>La iniciativa est\u00e1 destinada a mayores de 6 a\u00f1os de edad, de acuerdo a las siguientes categor\u00edas etarias: escuela de verano, de 6 a 14 a\u00f1os; escuela de nataci\u00f3n, de 15 a 49 a\u00f1os; personas mayores, de 50 a\u00f1os en adelante; y personas con discapacidad, a partir de los 6 a\u00f1os.<\/p>\n\n\n\n<h2 class=\"wp-block-heading\" id=\"h-lugares-dias-y-horarios-de-inscripcion\"><strong>Lugares, d\u00edas y horarios de inscripci\u00f3n<\/strong><\/h2>\n\n\n\n<p>Vale aclarar que las inscripciones se realizan \u00fanicamente en d\u00edas h\u00e1biles, por lo tanto, este viernes 8 de diciembre no podr\u00e1 llevarse a cabo el tr\u00e1mite.<\/p>\n\n\n\n<p>Los interesados deben acercarse a los puntos indicados en el cronograma con una foto carnet, certificado de aptitud f\u00edsica (v\u00e1lido desde el 1\/10\/2023), fotocopia de DNI y Certificado \u00danico de Discapacidad seg\u00fan corresponda. Es importante mencionar que los cupos son limitados y que la inscripci\u00f3n de los menores de edad s\u00f3lo pueden hacerla padres, madres, tutores y\/o adultos a cargo.<\/p>\n\n\n\n<p>\u2013 Polideportivo Poliguay (Gomensoro y 3 de Febrero, Belgrano): de lunes a viernes, de 8.30 a 11.30 y de 17 a 20.<\/p>\n\n\n\n<p>\u2013 Polideportivo Nicolino Locche (Amigorena 6950, Capilla del Rosario): de lunes a viernes, de 8.30h a 11.30 y de 17 a 20.<\/p>\n\n\n\n<p>\u2013 Polideportivo Joaqu\u00edn Salvador Lavado \u00abQuino\u00bb (calles Estrada y Cangallo): de lunes a viernes, de 8.30 a 11.30 y de 17 a 20.<\/p>\n\n\n\n<p>\u2013 Club de Agua Saucelandia (Tirasso 5165, El Sauce): de lunes a viernes (h\u00e1biles), de 8.30 a 11.30.<\/p>\n\n\n\n<p>\u2013 Delegaci\u00f3n Los Corralitos, La Primavera y Colonia Molina (Severo del Castillo 4810, Los Corralitos): de lunes a viernes, de 8 a 18.<\/p>\n\n\n\n<p>\u2013 Subdelegaci\u00f3n Puente de Hierro (Severo del Castillo y Carlos Gardel): de lunes a viernes, de 8 a 18.<\/p>\n\n\n\n<p>\u2013 Anexo Colonia Segovia (Ruta Provincial N\u00ba 24 y Buenos Vecinos, Colonia Segovia): de lunes a viernes, de 8 a 18.<\/p>\n\n\n\n<p>\u2013 Uni\u00f3n Vecinal Kil\u00f3metro 8 (Silvano Rodr\u00edguez 652, Kil\u00f3metro 8): de lunes a jueves, de 18 a 20.<\/p>\n\n\n\n<p>\u2013 Personas con discapacidad: Club Social y Deportivo Guaymall\u00e9n (Bandera de Los Andes 6770, Rodeo de la Cruz), martes y jueves, de 15 a 18.<\/p>\n\n\n\n<p>\u2013 Las personas mayores deben acercarse al Polideportivo Poliguay (mi\u00e9rcoles y viernes , de 16 a 18), al Polideportivo Nicolino Locche (martes y jueves, de 15 a 18) y a la Uni\u00f3n Vecinal El Hornero, ubicada en Azcu\u00e9naga 430 de Villa Nueva (mi\u00e9rcoles y viernes, de 9:30 a 11).<\/p>\n\n\n\n<p><strong>Fuente: www.elsol.com.ar<\/strong><\/p>\n","protected":false},"excerpt":{"rendered":"<p>Hasta el jueves 7 de diciembre, permanecer\u00e1n abiertas las inscripciones para la temporada 2024 de las&nbsp;escuelas de verano de Guaymall\u00e9n. La edici\u00f3n se llevar\u00e1 adelante bajo el lema \u00abUna ronda de juegos\u00bb e invitar\u00e1 a disfrutar de la \u00faltima estaci\u00f3n del a\u00f1o con diversas propuestas recreativas, acu\u00e1ticas, art\u00edsticas y de aventura. La iniciativa est\u00e1 destinada [&hellip;]<\/p>\n","protected":false},"author":2,"featured_media":3606,"comment_status":"open","ping_status":"open","sticky":false,"template":"","format":"standard","meta":[],"categories":[50],"tags":[],"_links":{"self":[{"href":"https:\/\/pasaenmendoza.com\/index.php?rest_route=\/wp\/v2\/posts\/3605"}],"collection":[{"href":"https:\/\/pasaenmendoza.com\/index.php?rest_route=\/wp\/v2\/posts"}],"about":[{"href":"https:\/\/pasaenmendoza.com\/index.php?rest_route=\/wp\/v2\/types\/post"}],"author":[{"embeddable":true,"href":"https:\/\/pasaenmendoza.com\/index.php?rest_route=\/wp\/v2\/users\/2"}],"replies":[{"embeddable":true,"href":"https:\/\/pasaenmendoza.com\/index.php?rest_route=%2Fwp%2Fv2%2Fcomments&post=3605"}],"version-history":[{"count":1,"href":"https:\/\/pasaenmendoza.com\/index.php?rest_route=\/wp\/v2\/posts\/3605\/revisions"}],"predecessor-version":[{"id":3607,"href":"https:\/\/pasaenmendoza.com\/index.php?rest_route=\/wp\/v2\/posts\/3605\/revisions\/3607"}],"wp:featuredmedia":[{"embeddable":true,"href":"https:\/\/pasaenmendoza.com\/index.php?rest_route=\/wp\/v2\/media\/3606"}],"wp:attachment":[{"href":"https:\/\/pasaenmendoza.com\/index.php?rest_route=%2Fwp%2Fv2%2Fmedia&parent=3605"}],"wp:term":[{"taxonomy":"category","embeddable":true,"href":"https:\/\/pasaenmendoza.com\/index.php?rest_route=%2Fwp%2Fv2%2Fcategories&post=3605"},{"taxonomy":"post_tag","embeddable":true,"href":"https:\/\/pasaenmendoza.com\/index.php?rest_route=%2Fwp%2Fv2%2Ftags&post=3605"}],"curies":[{"name":"wp","href":"https:\/\/api.w.org\/{rel}","templated":true}]}}