{"id":3608,"date":"2023-12-06T14:49:35","date_gmt":"2023-12-06T13:49:35","guid":{"rendered":"https:\/\/pasaenmendoza.com\/?p=3608"},"modified":"2023-12-06T14:49:37","modified_gmt":"2023-12-06T13:49:37","slug":"la-crisis-del-pj-hace-peligrar-su-lugar-en-el-consejo-de-la-magistratura-y-de-marchi-mueve-fichas","status":"publish","type":"post","link":"https:\/\/pasaenmendoza.com\/?p=3608","title":{"rendered":"La crisis del PJ hace peligrar su lugar en el Consejo de la Magistratura y De Marchi mueve fichas"},"content":{"rendered":"\n<p>El peronismo perdi\u00f3 una banca por la salida de un legislador de Mart\u00edn Aveiro. Al empatar en 9 diputados con La Uni\u00f3n Mendocina, el demarchismo analiza pedir su lugar en el organismo. Se define este mi\u00e9rcoles<\/p>\n\n\n\n<p>La\u00a0<strong>ruptura<\/strong>\u00a0del\u00a0<strong>PJ\u00a0<\/strong>en la Legislatura empieza a mostrar sus consecuencias. Tras el\u00a0portazo intempestivo del diputado Julio Villafa\u00f1e\u00a0-del sector de Mart\u00edn Aveiro-, enojado con las autoridades partidarias, el peronismo qued\u00f3 empatado en bancas con<strong>\u00a0La Uni\u00f3n Mendocina\u00a0<\/strong>en la C\u00e1mara Baja, cuando hasta hace una semana ten\u00edan una m\u00e1s que ellos. Asdhora LAUM pelear\u00e1 un lugar en el\u00a0<strong>Consejo de la Magistratura<\/strong>\u00a0y el peronismo podr\u00eda perder una de sus presencias en ese \u00f3rgano.\u00a0<strong>Hay cuatro anotados para s\u00f3lo dos sillones<\/strong>.<\/p>\n\n\n\n<p><strong>\u201cUno no viene ac\u00e1 para estar dibujado\u201d<\/strong>, les dijo Villafa\u00f1e a algunos de los suyos a mediados de la semana pasada, cuando de golpe y porrazo se fue de la bancada justicialista a trav\u00e9s de una nota enviada a&nbsp;<strong>Andr\u00e9s Lombardi.<\/strong><\/p>\n\n\n\n<p>En principio, parec\u00eda simplemente que<strong>\u00a0el grupo de Aveiro se mostraba enojado<\/strong>\u00a0porque no le hab\u00edan dado la vicepresidencia de la c\u00e1mara, que fue para\u00a0<strong>Juan Pablo Gulino<\/strong>\u00a0\u2013hombre de<strong>\u00a0Mat\u00edas Stevanato<\/strong>-. Sin embargo, la escisi\u00f3n termin\u00f3 teniendo otras repercusiones.<\/p>\n\n\n\n<p>Cuando terminaron las generales,<strong>&nbsp;La Uni\u00f3n qued\u00f3 con 10 diputados y el Partido Justicialista tambi\u00e9n<\/strong>; pero la cosa no dur\u00f3 demasiado de esa manera: el d\u00eda en que iban a votar el&nbsp;<strong>Presupuesto 2024, el sanrafaelino Gabriel Vilche&nbsp;<\/strong>\u201crecobr\u00f3 la memoria\u201d y volvi\u00f3 a votar de la misma manera que los legisladores de Cambia Mendoza. Es decir, al rev\u00e9s de su espacio. A partir de ese acto pas\u00f3 al oficialismo nuevamente y las tropas de De Marchi<strong>&nbsp;volvieron a ser la tercera fuerza en el recinto:<\/strong>&nbsp;Cambia con&nbsp;<strong>27&nbsp;<\/strong>(antes 26); el peronismo con&nbsp;<strong>10&nbsp;<\/strong>y LAUM con&nbsp;<strong>9<\/strong>.<\/p>\n\n\n\n<p>\u00bfY no pensaron en recuperarlo?&nbsp;<strong>\u201cNo; si se corri\u00f3 en esta, imaginate en otras m\u00e1s importantes\u201d,<\/strong>&nbsp;replicaron desde la bancada&nbsp;<strong>multicolor&nbsp;<\/strong>del&nbsp;<strong>demarchismo<\/strong>. Ah\u00ed, con esa conformaci\u00f3n num\u00e9rica nueva, qued\u00f3 establecido que el PJ pod\u00eda definir autoridades por detr\u00e1s de Cambia Mendoza y la misma ventaja asomaba de cara a los nombres en el mencionado Consejo de la Magistratura: mejor ubicado el peronismo por ser la primera minor\u00eda.<\/p>\n\n\n\n<p>Por eso la salida de\u00a0<strong>Villafa\u00f1e\u00a0<\/strong>complic\u00f3 todo:\u00a0<strong>al quedar 9 a 9 en cantidad, en LAUM ya tienen lista su solicitud<\/strong>\u00a0para quedarse con al menos\u00a0<strong>uno de los sillones<\/strong>\u00a0en ese espacio.<\/p>\n\n\n\n<h2 class=\"wp-block-heading\">Cairo y Difonso se preparan<\/h2>\n\n\n\n<p>Las que asoman son las dos figuras m\u00e1s fuertes que tiene LAUM en la C\u00e1mara Baja:&nbsp;<strong>Gustavo Cairo y Jorge Andr\u00e9s Difonso<\/strong>.<\/p>\n\n\n\n<p>No s\u00f3lo son dos miembros principales en el interbloque, sino que adem\u00e1s s<strong>on los \u00fanicos dos abogados&nbsp;<\/strong>y suelen d\u00e1rseles estos lugares a quienes conocen de leyes y de teor\u00eda jur\u00eddica.<\/p>\n\n\n\n<p><strong>Uno de los dos ser\u00e1 designado para el Consejo si es que logran pelear y ganar la pulseada:\u00a0<\/strong>en concreto, a la oposici\u00f3n le corresponden dos: un titular y un suplente.<strong>\u00a0Uno podr\u00eda ser del PJ y el otro, de la nueva fuerza.<\/strong><\/p>\n\n\n\n<h2 class=\"wp-block-heading\">Mi\u00e9rcoles de acci\u00f3n en Diputados<\/h2>\n\n\n\n<p>&#8220;Me dirijo a usted con el fin de comunicarle la decisi\u00f3n de&nbsp;<strong>crear un bloque que ser\u00e1 presidido por mi persona, diputado Julio C\u00e9sar Villafa\u00f1e,<\/strong>&nbsp;y que se denominar\u00e1&nbsp;<strong>&#8220;Renovaci\u00f3n Justicialista&#8221;<\/strong>, marca el texto que hizo aterrizar el tunuyanino en la oficina de Andr\u00e9s Lombardi, presidente del cuerpo.<\/p>\n\n\n\n<p>Como la escueta oraci\u00f3n no fue del todo clara, a algunos peronistas les quedaba la duda sobre si<strong>&nbsp;el monobloque iba a quedar por dentro o por fuera de la coalici\u00f3n legislativa.&nbsp;<\/strong>Si iba por dentro -como es el caso de&nbsp;<strong>Gabriela Lizana,<\/strong>&nbsp;que tendr\u00e1 su banca del Frente Renovador, o del propio&nbsp;<strong>Ram\u00f3n con Protectora<\/strong>-, no hab\u00eda problema.&nbsp;<strong>Pero va por fuera de todo<\/strong>, confirmado.<\/p>\n\n\n\n<p>Entre las idas y vueltas que hubo sobre esta confirmaci\u00f3n<strong>, en LAUM estuvieron zigzagueando en cuanto a las decisiones:<\/strong>&nbsp;de estar muy decididos a pelear el cargo -desde que se enteraron, el mi\u00e9rcoles, hasta el fin de semana- pasaron a tener&nbsp;<strong>algunos reparos<\/strong>&nbsp;-desde el lunes al mediod\u00eda-.<\/p>\n\n\n\n<p>Este martes, en Labor Parlamentaria, el asunto estaba planificado como una de las tem\u00e1ticas importantes a discutir. Si fue as\u00ed, entonces toda la c\u00e1mara debe prepararse para un mi\u00e9rcoles cargado de acci\u00f3n:\u00a0<strong>porque el PJ podr\u00eda tener que ceder uno de sus lugares.<\/strong><\/p>\n\n\n\n<h2 class=\"wp-block-heading\">Los alfiles del peronismo y los oficialistas<\/h2>\n\n\n\n<p>As\u00ed como en&nbsp;<strong>La Uni\u00f3n Mendocina<\/strong>&nbsp;los dos apuntados son Difonso y Cairo, quedaba pendiente conocer a los designados por el peronismo.&nbsp;<strong>Est\u00e1 acordado que sean Jos\u00e9 Luis Ram\u00f3n y Gustavo Perret.&nbsp;<\/strong>El segundo tambi\u00e9n es abogado y uno de los alfiles de los hermanos&nbsp;<strong>F\u00e9lix&nbsp;<\/strong>en la c\u00e1mara. En el caso del l\u00edder de Protectora, ser\u00eda su tercera vez consecutiva siendo elegido miembro del Consejo que designa y controla a jueces y magistrados: estuvo en 2022 y 2023.&nbsp;<strong>Ahora ir\u00eda por el per\u00edodo 2024.<\/strong><\/p>\n\n\n\n<p>En el oficialismo todo est\u00e1 m\u00e1s brumoso. Todav\u00eda&nbsp;<strong>no definen qui\u00e9n ser\u00e1 el titular del interbloque&nbsp;<\/strong>-a diferencia de&nbsp;<strong>Senadores<\/strong>, donde eligieron a&nbsp;<strong>Mercedes Rus<\/strong>-, y dispusieron transitoriamente a&nbsp;<strong>Diego Costarelli<\/strong>, que ven\u00eda siendo presidente en los \u00faltimos dos a\u00f1os. No asoma un nombre para la conducci\u00f3n, pero algunos se entusiasman con que no necesariamente&nbsp;<strong>provenga&nbsp;<\/strong>de la Uni\u00f3n C\u00edvica Radical. Otro partido podr\u00eda cobrar inusitado protagonismo all\u00ed<\/p>\n\n\n\n<p>Y en cuanto al\u00a0<strong>Consejo de la Magistratura,<\/strong>\u00a0s\u00ed habr\u00eda dos preseleccionados: seg\u00fan la informaci\u00f3n a la que tuvo acceso\u00a0<strong>Diario UNO,<\/strong>\u00a0los nombres son los de dos legisladores nuevos:<strong>\u00a0Alberto L\u00f3pez, del Primer Distrito, y Silvina G\u00f3mez,<\/strong>\u00a0extitular de la DGP (antes llamada Dinaf) en San Rafael. Ninguno de los dos fue ratificado oficialmente a\u00fan.<\/p>\n\n\n\n<p>FUENTE: Diariouno.com.ar <\/p>\n","protected":false},"excerpt":{"rendered":"<p>El peronismo perdi\u00f3 una banca por la salida de un legislador de Mart\u00edn Aveiro. Al empatar en 9 diputados con La Uni\u00f3n Mendocina, el demarchismo analiza pedir su lugar en el organismo. Se define este mi\u00e9rcoles La\u00a0ruptura\u00a0del\u00a0PJ\u00a0en la Legislatura empieza a mostrar sus consecuencias. Tras el\u00a0portazo intempestivo del diputado Julio Villafa\u00f1e\u00a0-del sector de Mart\u00edn Aveiro-, [&hellip;]<\/p>\n","protected":false},"author":2,"featured_media":3609,"comment_status":"open","ping_status":"open","sticky":true,"template":"","format":"standard","meta":[],"categories":[47],"tags":[],"_links":{"self":[{"href":"https:\/\/pasaenmendoza.com\/index.php?rest_route=\/wp\/v2\/posts\/3608"}],"collection":[{"href":"https:\/\/pasaenmendoza.com\/index.php?rest_route=\/wp\/v2\/posts"}],"about":[{"href":"https:\/\/pasaenmendoza.com\/index.php?rest_route=\/wp\/v2\/types\/post"}],"author":[{"embeddable":true,"href":"https:\/\/pasaenmendoza.com\/index.php?rest_route=\/wp\/v2\/users\/2"}],"replies":[{"embeddable":true,"href":"https:\/\/pasaenmendoza.com\/index.php?rest_route=%2Fwp%2Fv2%2Fcomments&post=3608"}],"version-history":[{"count":1,"href":"https:\/\/pasaenmendoza.com\/index.php?rest_route=\/wp\/v2\/posts\/3608\/revisions"}],"predecessor-version":[{"id":3610,"href":"https:\/\/pasaenmendoza.com\/index.php?rest_route=\/wp\/v2\/posts\/3608\/revisions\/3610"}],"wp:featuredmedia":[{"embeddable":true,"href":"https:\/\/pasaenmendoza.com\/index.php?rest_route=\/wp\/v2\/media\/3609"}],"wp:attachment":[{"href":"https:\/\/pasaenmendoza.com\/index.php?rest_route=%2Fwp%2Fv2%2Fmedia&parent=3608"}],"wp:term":[{"taxonomy":"category","embeddable":true,"href":"https:\/\/pasaenmendoza.com\/index.php?rest_route=%2Fwp%2Fv2%2Fcategories&post=3608"},{"taxonomy":"post_tag","embeddable":true,"href":"https:\/\/pasaenmendoza.com\/index.php?rest_route=%2Fwp%2Fv2%2Ftags&post=3608"}],"curies":[{"name":"wp","href":"https:\/\/api.w.org\/{rel}","templated":true}]}}