{"id":3612,"date":"2023-12-07T12:38:42","date_gmt":"2023-12-07T11:38:42","guid":{"rendered":"https:\/\/pasaenmendoza.com\/?p=3612"},"modified":"2023-12-07T12:38:44","modified_gmt":"2023-12-07T11:38:44","slug":"ideas-y-desafios-la-palabra-de-los-siete-ministros-que-acompanaran-a-alfredo-cornejo","status":"publish","type":"post","link":"https:\/\/pasaenmendoza.com\/?p=3612","title":{"rendered":"Ideas y desaf\u00edos: la palabra de los siete ministros que acompa\u00f1ar\u00e1n a Alfredo Cornejo"},"content":{"rendered":"\n<p>El nuevo Gabinete del gobernador electo se refiri\u00f3 a lo que afrontar\u00e1n como funcionarios una vez que se incorporen oficialmente al Poder Ejecutivo provincial este s\u00e1bado 9 de diciembre.<\/p>\n\n\n\n<p>Se acab\u00f3 el misterio y\u00a0<strong>Alfredo Cornejo<\/strong>, gobernador electo, dio a conocer a los siete ministros que lo acompa\u00f1ar\u00e1n en su pr\u00f3xima gesti\u00f3n y las dos encargadas de los entes aut\u00e1rquicos.\u00a0En la Nave Cultural de la Ciudad, hizo subir al escenario a quienes lo acompa\u00f1ar\u00e1n en las siguientes \u00e1reas: Ministerio de Gobierno, Infraestructura y Desarrollo Territorial; Ministerio de Seguridad y Justicia; Ministerio de Hacienda y Finanzas; Ministerio de Producci\u00f3n; Ministerio de Salud y Deportes; Ministerio de Energ\u00eda y Ambiente; Ministerio de Educaci\u00f3n, Cultura, Infancias y Direcci\u00f3n General de Escuelas (DGE). Los otros dos organismo son el Emetur y ProMendoza.<\/p>\n\n\n\n<p>Los ministros que asumir\u00e1n una vez que\u00a0<strong>Cornejo\u00a0<\/strong>llegue al poder este s\u00e1bado 9 de diciembre, dialogaron con la prensa y dejaron algunas definiciones respecto de los desaf\u00edos que deber\u00e1n encarar. Miner\u00eda y sostenibilidad, \u00e9xodo de m\u00e9dicos mendocinos y exportaciones: algunos de los temas que anticiparon los protagonistas.<\/p>\n\n\n\n<p>Mercedes Rus (Ministerio de Seguridad y Justicia) se\u00f1al\u00f3 que &#8220;hay grandes desaf\u00edos porque sabemos que la conflictividad social va mutando y las modalidades delictivas tambi\u00e9n. Hay un desaf\u00edo en lo que tiene que ver con ciberestafas,\u00a0robos de tel\u00e9fonos, robos de cubiertas, etc. Tambi\u00e9n el dise\u00f1o ministerial que interact\u00faa con Justicia, que es algo propositivo. En todos sus fueros, la Justicia tiene por objeto la cohesi\u00f3n social. Por eso, decimos que es fundamental en cuanto a Seguridad jur\u00eddica, pero tambi\u00e9n en lo que tiene ver con lo penal en proceso \u00e1giles y que den resultados. Una v\u00edctima no s\u00f3lo pretende de una prevenci\u00f3n y disuasi\u00f3n, sino que tambi\u00e9n necesita de una buena investigaci\u00f3n y una oportuna resoluci\u00f3n&#8221;.<\/p>\n\n\n\n<p>La senadora provincial maipucina que dejar\u00e1 la Legislatura\u00a0coment\u00f3 para sumarse al Ejecutivo: &#8220;En la actividad privada era especializada en derecho penal y siempre tuve la mejor interacci\u00f3n con las fuerzas de seguridad, tribunales y fiscales. Es un buen significante que el gobierno haya elegido tantas mujeres y sobretodo en lugares que han sido hist\u00f3ricamente ocupados por varones&#8221;.<\/p>\n\n\n\n<p>Tadeo Garc\u00eda Zalazar (Ministerio de Educaci\u00f3n, Cultura, Infancias y Direcci\u00f3n General de Escuelas) asegur\u00f3 que su designaci\u00f3n&nbsp;&#8220;es un gran orgullo y compromiso&#8221;. El intendente saliente de Godoy Cruz fue consultado acerca de percibe alg\u00fan tipo de presi\u00f3n por parte de Cornejo, quien hizo \u00e9nfasis en que su segundo gobierno har\u00e1 foco en dicha cartera. &#8220;Siento presi\u00f3n, pero \u00e9l tiene las mismas expectativas que yo. Lo que se trabaj\u00f3 en la primera etapa de&nbsp;<strong>Alfredo&nbsp;<\/strong>es la revoluci\u00f3n de lo sencillo y lo que se viene es la evoluci\u00f3n de lo complejo. Es tratar de integrar \u00e1reas del Estado que trabajan de manera de conjunta, poner tecnolog\u00eda y gesti\u00f3n a favor de quienes m\u00e1s lo necesitan. Se vienen tiempo dif\u00edciles en Argentina y la bandera tiene que ser cuidar a las infancias&#8221;, dijo.<\/p>\n\n\n\n<p>Sostuvo que una nueva Ley de Educaci\u00f3n &#8220;por ahora no es prioridad&#8221; al argumentar: &#8220;Lo tenemos que hacer es que se cumplan las leyes nacionales que no se cumplen. Hay muchos fondos para la Educaci\u00f3n que no llegan a la provincia. Despu\u00e9s de que el presidente electo env\u00ede&nbsp;el paquete de leyes veremos c\u00f3mo queda la situaci\u00f3n respecto a las provincias&#8230; Una vez que tengamos a todo el equipo vamos a hacer una presentaci\u00f3n&#8221;.<\/p>\n\n\n\n<p>Dependencias:<\/p>\n\n\n\n<ul>\n<li>Direcci\u00f3n General de Escuelas (DGE).<\/li>\n\n\n\n<li>Secretar\u00eda de Infancias, Adolescencias y Juventudes:<\/li>\n<\/ul>\n\n\n\n<p>Jimena Latorre (Ministerio de Energ\u00eda y Ambiente) habl\u00f3 del nuevo rol que tendr\u00e1. &#8220;El nombre de la cartera ya dice mucho: Energ\u00eda y Ambiente, la transversalidad del ambiente en las actividades productivas como en la Energ\u00eda y la Miner\u00eda. El potencial en Mendoza es algo que Alfredo (Cornejo) viene recalcando no s\u00f3lo en la campa\u00f1a, sino desde su gesti\u00f3n anterior. Hay muchos desaf\u00edos. En materia energ\u00e9tica se est\u00e1 por fracturar la parte mendocina de Vaca Muerta y eso abre una ventana&nbsp;muy importante de oportunidades. Hay programas para recuperar las \u00e1reas maduras. Las centrales hidroel\u00e9ctricas como Los Nihuiles y el complejo de El Diamante tienen vencimiento de concesiones el a\u00f1o que viene y eso genera un reordenamiento de esa administraci\u00f3n en la que&nbsp;Mendoza va a ser protagonista. Todo tiene que estar atravesado con una mirada de sostenibilidad y, por eso, es que se une&nbsp;el Ministerio de Ambiente con Energ\u00eda&#8221;.<\/p>\n\n\n\n<p>Acerca de las posibles &#8220;tensiones&#8221; que podr\u00edan darse al combinar miner\u00eda y ambiente en una misma f\u00f3rmula, la exdiputada nacional subray\u00f3:&nbsp;&#8220;No hay tales tensiones. Los controles no tan solo tienen que ser internos, sino tambi\u00e9n externos. En eso vamos a ser los primeros promotores para el Gobierno controle y sea eficaz, pero que haya controles externos. Por ejemplo, la creaci\u00f3n de las fiscal\u00edas externas. Las tensiones se generan cuando no miramos con una mirada transversal la sostenibilidad ambiental que pueda conjugarse e ir de la mano con las actividades productivas. No hay desarrollo productivo si no lo hacemos de forma sostenible. Tenemos que trabajar m\u00e1s para tener pol\u00edticas armonizadas&#8221;.<\/p>\n\n\n\n<p>Dependencias:<\/p>\n\n\n\n<ul>\n<li>Ente Provincial Regulador El\u00e9ctrico (EPRE)<\/li>\n\n\n\n<li>Empresa Mendocina de Energ\u00eda SA (EMESA)<\/li>\n\n\n\n<li>Dioxitek SA<\/li>\n\n\n\n<li>Impulsa Mendoza SA<\/li>\n\n\n\n<li>Potasio R\u00edo Colorado (PRC)<\/li>\n<\/ul>\n\n\n\n<p>Una de las novedades es la incorporaci\u00f3n de Rodolfo Vargas Arizu (Ministerio de Producci\u00f3n), en representaci\u00f3n del sector empresario. Vargas Arizu ponder\u00f3 que&nbsp;&#8220;es la primera vez que el sector privado entra en un Ministerio de Producci\u00f3n. Tenemos un gran desaf\u00edo, a partir del lunes, para ver las medidas econ\u00f3micas que se van a presentar. Sin lugar a dudas, la macro hace mucho a la econom\u00eda de la provincia. Dir\u00eda que un 80%. Pero a\u00fan as\u00ed nosotros, con ese 20%, vamos a tratar de sacarle el peso del Estado a los particulares y a los privados para que puedan trabajar libremente&#8221;.<\/p>\n\n\n\n<p>&#8220;Yo soy la punta de un mont\u00f3n de c\u00e1maras y empresarios adheridos que han trabajado para esto. Hay que animarse a pertenecer. Nosotros lo hicimos y ya somos pol\u00edticos y no renegamos. No creemos que toda la pol\u00edtica sea igual. Por eso tenemos que tratar de cambiar la visi\u00f3n de regular y controlar para poder emprender&#8221;, sum\u00f3 el dirigente del espacio Activ\u00e1 Mendoza, que en los pr\u00f3ximos d\u00edas oficializar\u00e1 a otros empresarios dentro de su equipo de gesti\u00f3n.<\/p>\n\n\n\n<p>Sobre la industria vitivin\u00edcola resalt\u00f3: &#8221; A\u00fan con las condiciones adversas en Argentina, tenemos un lugar en el mercado y hay que acrecentarlo. La macro vuelve a influir con tipos de cambios, reglamentaciones del mercado interno, convenios con pa\u00edses&#8230; Tiene que haber convenios de cooperaci\u00f3n con todos los pa\u00edses para que tengan tasa cero, que es algo que los chilenos han hecho desde hace 30 a\u00f1os porque han tenido estabilidad. Todo lo que sea bueno lo vamos a mantener y todo lo que podamos reformar lo vamos a reformar&#8221;.<\/p>\n\n\n\n<p>Dependencias:<\/p>\n\n\n\n<ul>\n<li>Instituto de Sanidad y Calidad Agropecuaria Mendoza (ISCAMEN).<\/li>\n\n\n\n<li>Aeron\u00e1utica de Mendoza Sociedad An\u00f3nima (AEMSA).<\/li>\n\n\n\n<li>Instituto de Desarrollo Rural (IDR).<\/li>\n\n\n\n<li>Instituto de Desarrollo Comercial (IDC)<\/li>\n<\/ul>\n\n\n\n<p>Natalio Mema (Ministerio de Gobierno, Infraestructura y Desarrollo Territorial) fue cauto y resalt\u00f3 el papel que tendr\u00e1n las segundas l\u00edneas que manejar\u00e1.&nbsp;&#8220;Venimos siguiendo una l\u00ednea de trabajo y ahora tenemos que hacer un esfuerzo para seguir mejorando y eficientizando. Sabemos c\u00f3mo ha ido reaccionando la Argentina. Las elecciones de este a\u00f1o, sin dudas, han dejado un mensaje. Tenemos un equipo amplio en cuanto a la participaci\u00f3n de cada uno, pero cohesionado para poder trabajar. No tenemos margen y sabemos los desaf\u00edos que se vienen. Estamos viviendo tiempos dif\u00edciles y esperamos que no dure mucho tiempo. Tenemos que tener un equipo para dar respuestas a la ciudadan\u00eda. Como dijo el gobernador electo: gesti\u00f3n, gesti\u00f3n y gesti\u00f3n. Es un Gabinete compacto, donde las segundas y terceras l\u00edneas van a tener mucho protagonismo porque se requiere estar todo el tiempo enchufado&#8221;, dijo.<\/p>\n\n\n\n<p>Y a\u00f1adi\u00f3: &#8220;Vamos a tener a cargo la infraestructura y el desarrollo territorial y va a haber un desaf\u00edo importante, sobre todo con los anuncios del gobierno nacional. En el \u00e1rea de Gobierno buscaremos que el Estado sea lo suficientemente grande para responder demandas y suficientemente chico para que no sea un peso para la sociedad&#8221;.<\/p>\n\n\n\n<p>Dependencias:<\/p>\n\n\n\n<ul>\n<li>Direcci\u00f3n Provincial de Vialidad.<\/li>\n\n\n\n<li>Departamento General de Irrigaci\u00f3n.<\/li>\n\n\n\n<li>Instituto Provincial de la Vivienda.<\/li>\n\n\n\n<li>Fondo de Infraestructura.<\/li>\n\n\n\n<li>Ente Provincial de Agua y Saneamiento.<\/li>\n\n\n\n<li>Ente de la Movilidad Provincial.<\/li>\n\n\n\n<li>Agua y Saneamiento Mendoza SAPEM.<\/li>\n\n\n\n<li>Sociedad de Transporte Mendoza SAUPE.<\/li>\n<\/ul>\n\n\n\n<p>Por su parte, Rodolfo Montero (Ministerio de Salud y Deportes) expres\u00f3 que se trata de una&nbsp;&#8220;ss una responsabilidad enorme&#8221; porque &#8220;Salud siempre es una cartera dif\u00edcil por lo que est\u00e1 pasando y por los problemas estructurales que tiene el sistema hace much\u00edsimos a\u00f1os. Tenemos un conjunto de propuestas muy amplias que vamos a terminar de consensuar con el equipo y que venimos trabajando hace dos a\u00f1os. Es dif\u00edcil en lo personal porque hace 40 a\u00f1os mi pap\u00e1 se sent\u00f3 en la misma silla cuando empezaba la democracia&#8221;.<\/p>\n\n\n\n<p>En relaci\u00f3n al \u00e9xodo de m\u00e9dicos a otras provincias debido a la crisis que atraviesa el sector en Mendoza, puntualiz\u00f3:&nbsp;&#8220;Hay emergencia sanitaria hace 20 a\u00f1os en Argentina y no hemos podido salir de eso. No se han hecho las modificaciones que se ten\u00edan que hacer, pero nosotros vamos a ir mejorando esa situaci\u00f3n con el foco en el&nbsp;recurso humano con un paquete de herramientas para poder valorarlo en el sistema y mejorar las remuneraciones de los profesionales&#8221;.<\/p>\n\n\n\n<p>Dependencias:<\/p>\n\n\n\n<ul>\n<li>Obra Social de Empleados P\u00fablicos (OSEP).<\/li>\n\n\n\n<li>Hospitales P\u00fablicos descentralizados.<\/li>\n<\/ul>\n\n\n\n<p>V\u00edctor Fayad (Ministerio de Hacienda y Finanzas) es el \u00fanico de la gesti\u00f3n de Rodolfo Suarez que se mantendr\u00e1 en el Gabinete. Al respecto, consider\u00f3: &#8220;Es un honor y una gran responsabilidad seguir adelante. Son tiempos complejos y el equipo est\u00e1 preparado. El equipo est\u00e1 preparado. Han sido ocho a\u00f1os de experiencia y de dise\u00f1o de pol\u00edticas p\u00fablicas con errores y aprendizajes. Estamos preparados y nos sentimos conformes con quienes vamos a trabajar&#8221;.<\/p>\n\n\n\n<p>Dependencias:<\/p>\n\n\n\n<ul>\n<li>Instituto Provincial de Juegos y Casinos.<\/li>\n\n\n\n<li>Caja de Seguro Mutual.<\/li>\n\n\n\n<li>Administraci\u00f3n Tributaria Mendoza.<\/li>\n\n\n\n<li>Unidad de Financiamiento Internacional.<\/li>\n\n\n\n<li>Cuyo Aval.<\/li>\n\n\n\n<li>Fondo para la Transformaci\u00f3n y el Crecimiento.<\/li>\n\n\n\n<li>Mendoza Fiduciaria.<\/li>\n<\/ul>\n\n\n\n<p>En tanto que Patricia Gim\u00e9nez, de ProMendoza, recalc\u00f3 que&nbsp;&#8220;hay que ir a trabajar a mercados nuevos, como con la metalmec\u00e1nica. Hay que buscar mercados m\u00e1s cercanos porque la log\u00edstica es muy cara como para ir al europeo, donde, adem\u00e1s, hay una competencia muy alta con el sector italiano. Tenemos que buscar en Latinoam\u00e9rica esos nichos. Hay mucho contactos que hemos tra\u00eddo y que creo que van a ayudar a la provincia&#8221;.<\/p>\n\n\n\n<p>La excandidata a vicegobernadora del &#8220;petrismo&#8221; indic\u00f3\u00a0que &#8220;todav\u00eda no tenemos el pa\u00eds dolarizado. Ahora tenemos que lograr que nuestros exportadores no tengan trabas y puedan recibir en tiempo y forma los fondos de lo que exportan. La primera tarea a la que me voy a dedicar es lograr asegurarle a cada uno de los productores y empresarios mendocinos que quieran exportar, que reciban en tiempo y forma el dinero de esa exportaci\u00f3n&#8221;.<\/p>\n\n\n\n<p>Gabriela Testa, del Enetur, no asisti\u00f3 a la convocatoria debido a cuestiones de salud que Alfredo Cornejo advirti\u00f3 durante su discurso.<\/p>\n\n\n\n<p>FUENTE: Mdzonline.<\/p>\n","protected":false},"excerpt":{"rendered":"<p>El nuevo Gabinete del gobernador electo se refiri\u00f3 a lo que afrontar\u00e1n como funcionarios una vez que se incorporen oficialmente al Poder Ejecutivo provincial este s\u00e1bado 9 de diciembre. Se acab\u00f3 el misterio y\u00a0Alfredo Cornejo, gobernador electo, dio a conocer a los siete ministros que lo acompa\u00f1ar\u00e1n en su pr\u00f3xima gesti\u00f3n y las dos encargadas [&hellip;]<\/p>\n","protected":false},"author":2,"featured_media":3613,"comment_status":"open","ping_status":"open","sticky":true,"template":"","format":"standard","meta":[],"categories":[47],"tags":[],"_links":{"self":[{"href":"https:\/\/pasaenmendoza.com\/index.php?rest_route=\/wp\/v2\/posts\/3612"}],"collection":[{"href":"https:\/\/pasaenmendoza.com\/index.php?rest_route=\/wp\/v2\/posts"}],"about":[{"href":"https:\/\/pasaenmendoza.com\/index.php?rest_route=\/wp\/v2\/types\/post"}],"author":[{"embeddable":true,"href":"https:\/\/pasaenmendoza.com\/index.php?rest_route=\/wp\/v2\/users\/2"}],"replies":[{"embeddable":true,"href":"https:\/\/pasaenmendoza.com\/index.php?rest_route=%2Fwp%2Fv2%2Fcomments&post=3612"}],"version-history":[{"count":1,"href":"https:\/\/pasaenmendoza.com\/index.php?rest_route=\/wp\/v2\/posts\/3612\/revisions"}],"predecessor-version":[{"id":3614,"href":"https:\/\/pasaenmendoza.com\/index.php?rest_route=\/wp\/v2\/posts\/3612\/revisions\/3614"}],"wp:featuredmedia":[{"embeddable":true,"href":"https:\/\/pasaenmendoza.com\/index.php?rest_route=\/wp\/v2\/media\/3613"}],"wp:attachment":[{"href":"https:\/\/pasaenmendoza.com\/index.php?rest_route=%2Fwp%2Fv2%2Fmedia&parent=3612"}],"wp:term":[{"taxonomy":"category","embeddable":true,"href":"https:\/\/pasaenmendoza.com\/index.php?rest_route=%2Fwp%2Fv2%2Fcategories&post=3612"},{"taxonomy":"post_tag","embeddable":true,"href":"https:\/\/pasaenmendoza.com\/index.php?rest_route=%2Fwp%2Fv2%2Ftags&post=3612"}],"curies":[{"name":"wp","href":"https:\/\/api.w.org\/{rel}","templated":true}]}}