{"id":3615,"date":"2023-12-07T12:41:20","date_gmt":"2023-12-07T11:41:20","guid":{"rendered":"https:\/\/pasaenmendoza.com\/?p=3615"},"modified":"2023-12-07T12:41:22","modified_gmt":"2023-12-07T11:41:22","slug":"mendoza-y-las-pistas-del-nuevo-rumbo-en-un-clima-de-mecha-corta","status":"publish","type":"post","link":"https:\/\/pasaenmendoza.com\/?p=3615","title":{"rendered":"Mendoza y las pistas del nuevo rumbo en un clima de mecha corta"},"content":{"rendered":"\n<p><strong>Alfredo Cornejo&nbsp;<\/strong>entiende que, con los siete ministerios y los dos entes que han surgido a su pedido, restructurados, renombrados y reformulados tras la modificaci\u00f3n a la Ley de Ministerios que aval\u00f3 la Legislatura, podr\u00e1 hacer frente a lo que viene. \u00bfY qu\u00e9 es lo que viene, seg\u00fan su \u00f3ptica?<em>&nbsp;\u201cUn a\u00f1o duro\u201d<\/em>, ha imaginado y lo ha dicho. Y para ello, afirm\u00f3 en las \u00faltimas horas:<em>&nbsp;\u201cQuiero tener un gabinete que est\u00e9 adecuado a una estructura ministerial y de entes aut\u00e1rquicos que est\u00e9n a la altura de los desaf\u00edos de esta incertidumbre y de esta turbulencia que generar\u00e1 un cambio del modelo econ\u00f3mico\u201d.<\/em><\/p>\n\n\n\n<p>El gobernador que asume el s\u00e1bado, tambi\u00e9n imagina, como todos, que habr\u00e1 fuertes desaf\u00edos, en medio de una duda generalizada frente al cambio de modelo econ\u00f3mico que da por hecho. Y todo est\u00e1 indicando, por algunas se\u00f1ales que el mismo Cornejo ha dado, que en su segundo per\u00edodo, y para soportar posibles tempestades hasta que todo se normalice \u2013si es que&nbsp;<strong>Javier Milei&nbsp;<\/strong>acierta en las medidas, en el modelo y en los momentos justos de los cambios\u2013, el foco lo pondr\u00e1 otra vez en la organizaci\u00f3n del Estado como en el 2015. Ahora, posiblemente, profundizar\u00e1 aquella idea del control y de la agilidad para evitar sumar, desde lo p\u00fablico, un motivo m\u00e1s de las frustraciones que se avecinan para la sociedad por el cimbronazo que sacudir\u00e1 a la maltrecha macroeconom\u00eda nacional con m\u00e1s penurias, m\u00e1s aumentos de precios, por la liberaci\u00f3n de los mismos, y m\u00e1s achique del sector privado, producto del estancamiento que el propio Milei ha vaticinado para los comienzos de su era. Ser\u00e1 una tarea del nuevo presidente explicar en detalle las consecuencias del plan para el primer a\u00f1o de gobierno que tiene en la cabeza, y convencer, o persuadir al menos, de que, efectivamente, por ese camino se conseguir\u00e1 la ansiada estabilizaci\u00f3n econ\u00f3mica sin los efectos que est\u00e1n bien guardados en la memoria colectiva de lo que produjera la convertibilidad de los a\u00f1os 90; a\u00f1os en los que, por otra parte, parece haberse referenciado el libertario para activar su programa de salvaci\u00f3n, versi\u00f3n La Libertad Avanza.<\/p>\n\n\n\n<p>El gabinete anunciado este mi\u00e9rcoles por Cornejo tambi\u00e9n va en sinton\u00eda con esa\u00a0<em>\u201cvisi\u00f3n moderna e inclusiva\u201d<\/em>\u00a0que, seg\u00fan entiende, reclama el nuevo tiempo.\u00a0<em>\u201cEl mundo es innovador y hay que adaptarse a ello\u201d<\/em>, ha dicho. El ordenamiento territorial, la sustentabilidad y los servicios eficientes ser\u00e1n clave para que su idea de lo nuevo y todo con lo que machac\u00f3 en la campa\u00f1a electoral tenga \u00e9xito. En principio tambi\u00e9n estar\u00e1 habilitado, por la nueva Ley de Ministerios, a echar mano no s\u00f3lo en la estructura del Estado, en el esqueleto del gobierno, sino tambi\u00e9n en la dimensi\u00f3n que ha tomado el propio Estado con relaci\u00f3n al recurso humano:\u00a0<em>\u00bfhabr\u00e1 un programa de retiro voluntario? \u00bfcon qu\u00e9 incentivos? \u00bftambi\u00e9n de jubilaciones? \u00bfc\u00f3mo?<\/em>\u00a0La ley aprobada, que para los gremios del Estado y sectores de la oposici\u00f3n supone una cesi\u00f3n de \u201csuperpoderes\u201d para el nuevo gobernador, adem\u00e1s le permitir\u00eda llevar adelante la reorganizaci\u00f3n, la fusi\u00f3n, la escisi\u00f3n y\/o supresi\u00f3n de \u00f3rganos y cargos de las dependencias, las modificaciones de la planta de personal y las reformas necesarias de sus organizaciones administrativas para hacer m\u00e1s eficiente \u2013afirma el escrito aprobado\u2013 las funciones del Estado.<\/p>\n\n\n\n<p>Cornejo ha visto, seg\u00fan lo que viene explicando, que la gesti\u00f3n del territorio reclama tambi\u00e9n cambios y una nueva velocidad a las transformaciones, lo que no quiere decir rapidez en s\u00ed, sino quiz\u00e1s una revisi\u00f3n de algunas acciones que tomaron un mayor compromiso por parte de los municipios. Se necesita planificar, sostiene, sobre la base de que se tiene 21,6 por ciento m\u00e1s de habitantes que en el 2010 y, por ello, avanzar\u00eda con un compromiso fuerte del Estado en la nueva infraestructura, la que fusiona al \u00e1mbito del Ministerio de Gobierno, junto con los servicios y un sistema de transporte p\u00fablico en consonancia con la transici\u00f3n energ\u00e9tica. El c\u00f3mo y cu\u00e1ndo de todo ese plan desafiante es lo que no se conoce y que Cornejo tendr\u00e1 que ir develando y explicando.<\/p>\n\n\n\n<p>Junto a todo esto, dos objetivos clave emergen junto al resto: uno va por el lado de la educaci\u00f3n, justo en un momento en que los resultados de las pruebas PISA ubican a Mendoza con la median\u00eda y chatura en la que se ha movido el pa\u00eds, cuando hist\u00f3ricamente manifest\u00f3 un nivel sensiblemente superior. Hoy ya no. El 70 por ciento de los chicos de 15 a\u00f1os evaluados no est\u00e1 en condiciones de comprender un c\u00e1lculo matem\u00e1tico, y el 50 por ciento tiene problemas en Lengua, tanto para interpretar textos como para elaborarlos. El deterioro generalizado ha sido tan grande que la nivelaci\u00f3n ha sido descendente, casi en todo. Cornejo ha confesado querer abordar la cuesti\u00f3n educativa integralmente, desde la primera infancia hacia la inclusi\u00f3n social. De ah\u00ed el nuevo ministerio, una superestructura en cuanto a capacidades, que incluye al \u00e1rea de Desarrollo Social.<\/p>\n\n\n\n<p>Como con Milei, de Cornejo se espera para este fin de semana una descripci\u00f3n un poco m\u00e1s precisa de hacia d\u00f3nde va y a d\u00f3nde quiere llevar la provincia, m\u00e1s all\u00e1 de las generalidades. El lunes comienza a correr el reloj marcando el tiempo de descuento. Las circunstancias fortuitas y las que no, el empe\u00f1o, la voluntad, los compromisos, la sensatez, el sentido com\u00fan, el estudio y el profesionalismo van a determinar, para ambos casos, tanto en la Naci\u00f3n como en la provincia, si ese reloj que se activa marchar\u00e1 hacia delante ofreciendo cr\u00e9ditos o rest\u00e1ndolos.<\/p>\n\n\n\n<p>FUENTE: elsol.com.ar <\/p>\n","protected":false},"excerpt":{"rendered":"<p>Alfredo Cornejo&nbsp;entiende que, con los siete ministerios y los dos entes que han surgido a su pedido, restructurados, renombrados y reformulados tras la modificaci\u00f3n a la Ley de Ministerios que aval\u00f3 la Legislatura, podr\u00e1 hacer frente a lo que viene. \u00bfY qu\u00e9 es lo que viene, seg\u00fan su \u00f3ptica?&nbsp;\u201cUn a\u00f1o duro\u201d, ha imaginado y lo [&hellip;]<\/p>\n","protected":false},"author":2,"featured_media":3616,"comment_status":"open","ping_status":"open","sticky":true,"template":"","format":"standard","meta":[],"categories":[47],"tags":[],"_links":{"self":[{"href":"https:\/\/pasaenmendoza.com\/index.php?rest_route=\/wp\/v2\/posts\/3615"}],"collection":[{"href":"https:\/\/pasaenmendoza.com\/index.php?rest_route=\/wp\/v2\/posts"}],"about":[{"href":"https:\/\/pasaenmendoza.com\/index.php?rest_route=\/wp\/v2\/types\/post"}],"author":[{"embeddable":true,"href":"https:\/\/pasaenmendoza.com\/index.php?rest_route=\/wp\/v2\/users\/2"}],"replies":[{"embeddable":true,"href":"https:\/\/pasaenmendoza.com\/index.php?rest_route=%2Fwp%2Fv2%2Fcomments&post=3615"}],"version-history":[{"count":1,"href":"https:\/\/pasaenmendoza.com\/index.php?rest_route=\/wp\/v2\/posts\/3615\/revisions"}],"predecessor-version":[{"id":3617,"href":"https:\/\/pasaenmendoza.com\/index.php?rest_route=\/wp\/v2\/posts\/3615\/revisions\/3617"}],"wp:featuredmedia":[{"embeddable":true,"href":"https:\/\/pasaenmendoza.com\/index.php?rest_route=\/wp\/v2\/media\/3616"}],"wp:attachment":[{"href":"https:\/\/pasaenmendoza.com\/index.php?rest_route=%2Fwp%2Fv2%2Fmedia&parent=3615"}],"wp:term":[{"taxonomy":"category","embeddable":true,"href":"https:\/\/pasaenmendoza.com\/index.php?rest_route=%2Fwp%2Fv2%2Fcategories&post=3615"},{"taxonomy":"post_tag","embeddable":true,"href":"https:\/\/pasaenmendoza.com\/index.php?rest_route=%2Fwp%2Fv2%2Ftags&post=3615"}],"curies":[{"name":"wp","href":"https:\/\/api.w.org\/{rel}","templated":true}]}}