{"id":3618,"date":"2023-12-07T12:46:49","date_gmt":"2023-12-07T11:46:49","guid":{"rendered":"https:\/\/pasaenmendoza.com\/?p=3618"},"modified":"2023-12-07T12:46:51","modified_gmt":"2023-12-07T11:46:51","slug":"mario-abed-en-la-legislatura-hay-que-aprender-a-escuchar","status":"publish","type":"post","link":"https:\/\/pasaenmendoza.com\/?p=3618","title":{"rendered":"Mario Abed: &#8220;En la Legislatura hay que aprender a escuchar&#8221;"},"content":{"rendered":"\n<p><strong>&#8220;Fue una experiencia magn\u00edfica para m\u00ed y eso que hemos pasado bravas&#8221;<\/strong>, comenz\u00f3 el vicegobernador\u00a0<strong>Mario Abed,<\/strong>\u00a0refiri\u00e9ndose entre otras cosas a la pandemia. &#8220;Fueron situaciones muy dif\u00edciles, que son p\u00fablicas, pero ha sido una experiencia magn\u00edfica. Me era muy dif\u00edcil cruzar el puente de Palmira y hoy esta experiencia fue magn\u00edfica porque conoc\u00ed mucha gente, distintas expresiones con distintos pensamientos. Coordinar todo eso, tendiendo puentes entre el poder legislativo y el ejecutivo, fue una ense\u00f1anza acelerada para alguien que siempre fue ejecutivo, y espero haber estado a la altura. Si no aprend\u00e9s r\u00e1pido, la vida te pasa por arriba&#8221;.\u00a0<\/p>\n\n\n\n<p>A la hora de elegir un hecho que lo marc\u00f3 durante sus 4 a\u00f1os de gesti\u00f3n, Abed, en di\u00e1logo con &#8220;Jornada #6a7&#8221; (lunes a viernes de 6 a 7), remarc\u00f3 que&nbsp;&#8220;hay muchos, pero prefiero los momentos de mayor emoci\u00f3n que haya tenido y creo que eso&nbsp;<strong>fue cuando jur\u00e9 y ahora cuando me fui<\/strong>. Son momentos importantes y se valora mucho cuando las personas te hacen vivir esas emociones&#8221;. Al respecto detall\u00f3: &#8220;En mi despedida cuando hablamos, el respeto de todos los bloques y de todos los partidos pol\u00edticos fue total, en un \u00e1mbito como es la Legislatura provincial, situaci\u00f3n que muestra a las claras que los mendocinos somos distintos, que nos comportamos de una manera distinta. Hemos visto ciclos en donde se tiran sillas, legislaciones donde vuelan las carpetas y los micr\u00f3fonos, pero en Mendoza ese respeto fue total. Que todos aplaudan o que est\u00e9n todos los compa\u00f1eros de trabajo, los empleados de la Legislatura, despu\u00e9s de tantos a\u00f1os de pol\u00edtica me emocion\u00f3 hasta las l\u00e1grimas&#8221;.<\/p>\n\n\n\n<p>El pa\u00eds que se viene<\/p>\n\n\n\n<p>El futuro intendente de\u00a0Jun\u00edn\u00a0(nuevamente) se aventur\u00f3 a opinar sobre la Argentina de\u00a0Javier Milei. Fue cauto y realista, pero optimista: &#8220;Es un momento institucional en donde el pa\u00eds necesita que nos unamos, que estemos convencidos que necesita de todos nosotros. Tenemos que ponernos hombro contra hombro,<strong>\u00a0apoyar al se\u00f1or presidente\u00a0<\/strong>que ha sido muy bien elegido y que todos tengamos un pensamiento positivo, que sepamos que tenemos que hacer un esfuerzo grande pero que vamos hacia ese norte para salir adelante&#8221;. Y remarc\u00f3: &#8220;Tenemos la imperiosa necesidad y obligaci\u00f3n de salir adelante&#8221;.<\/p>\n\n\n\n<p>A la hora de reflexionar y ejemplificar, Abed manifest\u00f3 que &#8220;no pod\u00e9s comer asado todos los d\u00edas en tu casa porque las entradas econ\u00f3micas no alcanzan; la Argentina es esto: tenemos que programarnos con esas famosas palabras que son el equilibrio fiscal, es un trabajo que se deber\u00eda haber hecho siempre: gastar menos de lo que entra. El Estado es exactamente igual que una casa, pero vos en una casa no gast\u00e1s m\u00e1s de lo que entra&#8221;.<\/p>\n\n\n\n<p>El mensaje para Hebe Casado<\/p>\n\n\n\n<p>Ante la consulta sobre una sugerencia que le pudiera dar a la pr\u00f3xima Vicegobernadora, el funcionario fue respetuoso. &#8220;No me animo a dar recomendaciones&#8221;, dijo al principio, pero luego cont\u00f3 que &#8220;he charlado mucho con Hebe y a lo mejor en esas charlas le he transmitido algo. Yo siento que me tom\u00f3 6 a\u00f1os aprender a ser intendente y\u00a0<strong>yo siempre digo que reci\u00e9n fui intendente cuando aprend\u00ed a escuchar. Creo que de eso se trata la Legislatura, aprender a escuchar<\/strong>. No es consejo, es algo que se debe hacer y entender que porque el otro sea blanco o negro, no es malo o bueno. Y que el conjunto piense que sobre la Peatonal pasan much\u00edsimos mendocinos que espera muchos que nosotros&#8221;.<\/p>\n\n\n\n<p>El regreso a su departamento<\/p>\n\n\n\n<p>Ante la inminente asunci\u00f3n una vez m\u00e1s como jefe comunal de Jun\u00edn, Mario Abed le agradeci\u00f3 a su antecesor.\u00a0&#8220;Me tengo que adecuar otra vez a mi departamento, en estos 4 a\u00f1os H\u00e9ctor (Ruiz) le ha dado una impronta maravillosa y me adecuar\u00e9 a la continuidad que le dio a mis anteriores periodos. Hoy me entregan la comuna con un equilibrio fiscal, o sea, gastamos menos de lo que entra, con inversiones y fondos propios, no con plata de afuera&#8221;, concluy\u00f3.<\/p>\n\n\n\n<p>FUENTE: Mendozapost <\/p>\n","protected":false},"excerpt":{"rendered":"<p>&#8220;Fue una experiencia magn\u00edfica para m\u00ed y eso que hemos pasado bravas&#8221;, comenz\u00f3 el vicegobernador\u00a0Mario Abed,\u00a0refiri\u00e9ndose entre otras cosas a la pandemia. &#8220;Fueron situaciones muy dif\u00edciles, que son p\u00fablicas, pero ha sido una experiencia magn\u00edfica. Me era muy dif\u00edcil cruzar el puente de Palmira y hoy esta experiencia fue magn\u00edfica porque conoc\u00ed mucha gente, distintas [&hellip;]<\/p>\n","protected":false},"author":2,"featured_media":3619,"comment_status":"open","ping_status":"open","sticky":true,"template":"","format":"standard","meta":[],"categories":[47],"tags":[],"_links":{"self":[{"href":"https:\/\/pasaenmendoza.com\/index.php?rest_route=\/wp\/v2\/posts\/3618"}],"collection":[{"href":"https:\/\/pasaenmendoza.com\/index.php?rest_route=\/wp\/v2\/posts"}],"about":[{"href":"https:\/\/pasaenmendoza.com\/index.php?rest_route=\/wp\/v2\/types\/post"}],"author":[{"embeddable":true,"href":"https:\/\/pasaenmendoza.com\/index.php?rest_route=\/wp\/v2\/users\/2"}],"replies":[{"embeddable":true,"href":"https:\/\/pasaenmendoza.com\/index.php?rest_route=%2Fwp%2Fv2%2Fcomments&post=3618"}],"version-history":[{"count":1,"href":"https:\/\/pasaenmendoza.com\/index.php?rest_route=\/wp\/v2\/posts\/3618\/revisions"}],"predecessor-version":[{"id":3620,"href":"https:\/\/pasaenmendoza.com\/index.php?rest_route=\/wp\/v2\/posts\/3618\/revisions\/3620"}],"wp:featuredmedia":[{"embeddable":true,"href":"https:\/\/pasaenmendoza.com\/index.php?rest_route=\/wp\/v2\/media\/3619"}],"wp:attachment":[{"href":"https:\/\/pasaenmendoza.com\/index.php?rest_route=%2Fwp%2Fv2%2Fmedia&parent=3618"}],"wp:term":[{"taxonomy":"category","embeddable":true,"href":"https:\/\/pasaenmendoza.com\/index.php?rest_route=%2Fwp%2Fv2%2Fcategories&post=3618"},{"taxonomy":"post_tag","embeddable":true,"href":"https:\/\/pasaenmendoza.com\/index.php?rest_route=%2Fwp%2Fv2%2Ftags&post=3618"}],"curies":[{"name":"wp","href":"https:\/\/api.w.org\/{rel}","templated":true}]}}