{"id":3621,"date":"2023-12-07T12:59:32","date_gmt":"2023-12-07T11:59:32","guid":{"rendered":"https:\/\/pasaenmendoza.com\/?p=3621"},"modified":"2023-12-07T13:09:59","modified_gmt":"2023-12-07T12:09:59","slug":"garcia-zalazar-confirmo-un-plan-de-infraestructura-escolar-de-mas-de-13-000-millones","status":"publish","type":"post","link":"https:\/\/pasaenmendoza.com\/?p=3621","title":{"rendered":"Garc\u00eda Zalazar confirm\u00f3 un plan de infraestructura escolar de m\u00e1s de $13.000 millones"},"content":{"rendered":"\n<p>Tadeo Garc\u00eda Zalazar pasar\u00e1 a ser ministro de Educaci\u00f3n, Cultura e Infancias durante la gesti\u00f3n de Alfredo Cornejo, y adelant\u00f3 en el programa &#8220;S\u00e9ptimo D\u00eda&#8221; , cu\u00e1les ser\u00e1n sus obsesiones<\/p>\n\n\n\n<p><strong>Tadeo Garc\u00eda Zalazar<\/strong>&nbsp;(UCR) dejar\u00e1 en breve la intendencia de Godoy Cruz para convertirse en uno de los&nbsp;<strong>&#8220;superministros&#8221;<\/strong>&nbsp;del gobierno de&nbsp;<strong>Alfredo Cornejo<\/strong>. Y este mi\u00e9rcoles particip\u00f3 del programa&nbsp;<strong>&#8220;S\u00e9ptimo D\u00eda&#8221;<\/strong>&nbsp;, donde coment\u00f3&nbsp;<strong>los principales ejes<\/strong>&nbsp;que tendr\u00e1n sus primeros meses de gesti\u00f3n a cargo del nuevo ministerio de&nbsp;<strong>Educaci\u00f3n, Cultura e Infancias<\/strong>.<\/p>\n\n\n\n<p><strong>Tadeo Garc\u00eda Zalazar<\/strong>&nbsp;(UCR) dejar\u00e1 en breve la intendencia de Godoy Cruz para convertirse en uno de los&nbsp;<strong>&#8220;superministros&#8221;<\/strong>&nbsp;del gobierno de&nbsp;<strong>Alfredo Cornejo<\/strong>. Y este mi\u00e9rcoles particip\u00f3 del programa&nbsp;<strong>&#8220;S\u00e9ptimo D\u00eda&#8221;<\/strong>, donde coment\u00f3&nbsp;<strong>los principales ejes<\/strong>&nbsp;que tendr\u00e1n sus primeros meses de gesti\u00f3n a cargo del nuevo ministerio de&nbsp;<strong>Educaci\u00f3n, Cultura e Infancias<\/strong>.<\/p>\n\n\n\n<p>Destac\u00f3, en ese sentido, el comienzo de&nbsp;<strong>un plan de inversiones en infraestructura escolar por m\u00e1s de $13.000 millones<\/strong>&nbsp;que se aplicar\u00e1 antes del inicio de clases, cuya fecha est\u00e1 pautada -confirm\u00f3- para el pr\u00f3ximo&nbsp;<strong>26 de febrero<\/strong>.<\/p>\n\n\n\n<h2 class=\"wp-block-heading\">El desaf\u00edo de contener a la primera infancia<\/h2>\n\n\n\n<p>Sobre el mencionado&nbsp;<strong>plan de inversi\u00f3n<\/strong>, Tadeo asever\u00f3 que las licitaciones &#8220;ya est\u00e1n armadas&#8221; para este verano, y que en los pr\u00f3ximos d\u00edas &#8220;se terminar\u00e1 de adjudicar&nbsp;<strong>una serie de mejoras en edificios escolares muy grande que ya fue votada en el presupuesto<\/strong>&#8220;.<\/p>\n\n\n\n<p>Se espera, por tanto, que la administraci\u00f3n Cornejo&nbsp;<strong>aproveche los meses estivales para realizar obras en los establecimientos educativos<\/strong>.<\/p>\n\n\n\n<p>Pero la infraestructura no es la \u00fanica clave que prev\u00e9 el nuevo ministro. Como responsable de la nueva cartera, su campo de acci\u00f3n excede por mucho el rol de&nbsp;<strong>titular de la Direcci\u00f3n General de Escuelas (DGE)<\/strong>&nbsp;del que tambi\u00e9n se har\u00e1 cargo.<\/p>\n\n\n\n<p>&#8220;Vamos a inaugurar una gesti\u00f3n con varios ejes. Y entre los m\u00e1s importantes estar\u00e1&nbsp;<strong>la primera infancia<\/strong>: en Mendoza hay&nbsp;<strong>39 Centros de Primera Infancia (CDI)<\/strong>&nbsp;y unos&nbsp;<strong>170 Servicios Educativos de Origen Social (SEOS)<\/strong>. Queremos que esos espacios inicien&nbsp;<strong>una fuerte coordinaci\u00f3n<\/strong>, un v\u00ednculo que antes se complicaba porque pertenec\u00edan a ministerios distintos&#8221;, dijo el entrevistado.<\/p>\n\n\n\n<p>&#8220;Tambi\u00e9n ah\u00ed&nbsp;<strong>veremos el estado real de la infraestructura<\/strong>&nbsp;para continuar con inversiones&#8221;, a\u00f1adi\u00f3.<\/p>\n\n\n\n<p>Con un \u00edndice de&nbsp;<strong>pobreza&nbsp;<\/strong>nacional muy por encima del 40%, los m\u00e1s vulnerables son los peque\u00f1os. Garc\u00eda Zalazar lo sabe y opin\u00f3: &#8220;<strong>Queremos reforzar ese segmento de 0 a 3 a\u00f1os<\/strong>, que no est\u00e1 escolarizado pero asiste a lugares como estos SEOS, que en algunos departamentos est\u00e1n a cargo de los municipios, ONG, cooperativas, mutuales, centros vecinales.&nbsp;<strong>La idea es darles un piso m\u00ednimo a esos servicios, que tengan un similar nivel alimentario y educativo<\/strong>. Con los CDI la idea tambi\u00e9n es reforzarlos&#8221;.<\/p>\n\n\n\n<h2 class=\"wp-block-heading\">Escuelas de doble turno y bases de datos<\/h2>\n\n\n\n<p>Asimismo, el futuro ministro&nbsp;<strong>prev\u00e9 potenciar el sistema de registros que utilizan las escuelas<\/strong>&nbsp;-el llamado &#8220;GEM&#8221;- combin\u00e1ndolo con la informaci\u00f3n del sistema de Salud. De esta forma, se podr\u00eda hacer un seguimiento de los chicos desde un punto de vista integral,<strong>&nbsp;monitoreando desde su historia cl\u00ednica hasta su asistencia a clases<\/strong>.<\/p>\n\n\n\n<p>&#8220;Adem\u00e1s,&nbsp;<strong>queremos sumar escuelas con contraturnos<\/strong>&nbsp;-subray\u00f3 el funcionario-. La idea es&nbsp;<strong>que se ampl\u00ede la cantidad de escuelas con esa modalidad en un 20 o 30% anual<\/strong>, tanto en Primaria como en Secundaria. No obstante, vamos a depender de que algunos programas nacionales sigan vigentes&#8221;, dijo.<\/p>\n\n\n\n<p>Garc\u00eda Zalazar apunt\u00f3 que&nbsp;<strong>hoy funcionan en Mendoza 200 escuelas con jornada extendida<\/strong>. De cumplirse sus vaticinios, la provincia sumar\u00eda a la doble escolaridad&nbsp;<strong>unas 40 escuelas por a\u00f1o<\/strong>.<\/p>\n\n\n\n<p>&#8220;Aclaro que sobre esas 200 escuelas con doble turno, la Naci\u00f3n tiene un compromiso de financiamiento de una parte que incluye, entre otros aspectos, el alimentario.&nbsp;<strong>Y no lo est\u00e1 cumpliendo<\/strong>&#8220;, cuestion\u00f3 el futuro ministro.<\/p>\n\n\n\n<p>En otro tramo,<strong>&nbsp;Garc\u00eda Zalazar cont\u00f3 que la Provincia garantiza la continuidad de las raciones alimentarias en los colegios<\/strong>.<\/p>\n\n\n\n<p>&#8220;Hoy se entregan en Mendoza&nbsp;<strong>66.000 raciones alimentarias de almuerzo y m\u00e1s de 230.000 de desayuno y mediatarde (por d\u00eda)<\/strong>, monitoreadas por 15 nutricionistas. Eso no depende de fondos nacionales y est\u00e1 garantizado&#8221;.<\/p>\n\n\n\n<h2 class=\"wp-block-heading\">El \u00edtem aula y la Fiesta de la Vendimia<\/h2>\n\n\n\n<p>Desde la&nbsp;<strong>oposici\u00f3n&nbsp;<\/strong>han cuestionado que en la \u00f3rbita del nuevo ministerio queden&nbsp;<strong>asuntos tan variados<\/strong>&nbsp;como la gesti\u00f3n escolar y las actividades culturales tradicionales de la provincia,&nbsp;<strong>como la Vendimia<\/strong>.<\/p>\n\n\n\n<p><strong>A Tadeo no parece preocuparle<\/strong>. Es m\u00e1s: abord\u00f3 dos de los temas m\u00e1s \u00e1lgidos de esos dos terrenos con el mismo tono tranquilo.<\/p>\n\n\n\n<p>As\u00ed, admiti\u00f3 que&nbsp;<strong>est\u00e1 &#8220;abierto a revisar algunas cosas del \u00edtem aula con los resultados sobre la mesa&#8221;<\/strong>, pero insisti\u00f3 en que la idea es mantenerlo.<\/p>\n\n\n\n<p>&#8220;Creemos que tiene que haber una&nbsp;<strong>recomposici\u00f3n salarial paulatina y sostenida de los haberes docentes<\/strong>&nbsp;-continu\u00f3-. Por eso lo que queremos es premiar los m\u00e9ritos, la formaci\u00f3n, y hacer que el \u00edtem aula mantenga el criterio con el que fue creado, que es el de&nbsp;<strong>ser un reconocimiento al maestro que est\u00e1 frente al aula<\/strong>&#8220;.<\/p>\n\n\n\n<p>En cuanto a la&nbsp;<strong>Fiesta de la Vendimia<\/strong>, recalc\u00f3 que a pesar de la compleja situaci\u00f3n econ\u00f3mica &#8220;se va a hacer, como todos los a\u00f1os y con la misma calidad de siempre&#8221;, aunque&nbsp;<strong>evit\u00f3 dar los nombres de los artistas que actuar\u00e1n en el evento<\/strong>.<\/p>\n\n\n\n<p>FUENTE: Diariouno.com.ar<\/p>\n","protected":false},"excerpt":{"rendered":"<p>Tadeo Garc\u00eda Zalazar pasar\u00e1 a ser ministro de Educaci\u00f3n, Cultura e Infancias durante la gesti\u00f3n de Alfredo Cornejo, y adelant\u00f3 en el programa &#8220;S\u00e9ptimo D\u00eda&#8221; , cu\u00e1les ser\u00e1n sus obsesiones Tadeo Garc\u00eda Zalazar&nbsp;(UCR) dejar\u00e1 en breve la intendencia de Godoy Cruz para convertirse en uno de los&nbsp;&#8220;superministros&#8221;&nbsp;del gobierno de&nbsp;Alfredo Cornejo. Y este mi\u00e9rcoles particip\u00f3 del [&hellip;]<\/p>\n","protected":false},"author":2,"featured_media":3622,"comment_status":"open","ping_status":"open","sticky":true,"template":"","format":"standard","meta":[],"categories":[47],"tags":[],"_links":{"self":[{"href":"https:\/\/pasaenmendoza.com\/index.php?rest_route=\/wp\/v2\/posts\/3621"}],"collection":[{"href":"https:\/\/pasaenmendoza.com\/index.php?rest_route=\/wp\/v2\/posts"}],"about":[{"href":"https:\/\/pasaenmendoza.com\/index.php?rest_route=\/wp\/v2\/types\/post"}],"author":[{"embeddable":true,"href":"https:\/\/pasaenmendoza.com\/index.php?rest_route=\/wp\/v2\/users\/2"}],"replies":[{"embeddable":true,"href":"https:\/\/pasaenmendoza.com\/index.php?rest_route=%2Fwp%2Fv2%2Fcomments&post=3621"}],"version-history":[{"count":2,"href":"https:\/\/pasaenmendoza.com\/index.php?rest_route=\/wp\/v2\/posts\/3621\/revisions"}],"predecessor-version":[{"id":3624,"href":"https:\/\/pasaenmendoza.com\/index.php?rest_route=\/wp\/v2\/posts\/3621\/revisions\/3624"}],"wp:featuredmedia":[{"embeddable":true,"href":"https:\/\/pasaenmendoza.com\/index.php?rest_route=\/wp\/v2\/media\/3622"}],"wp:attachment":[{"href":"https:\/\/pasaenmendoza.com\/index.php?rest_route=%2Fwp%2Fv2%2Fmedia&parent=3621"}],"wp:term":[{"taxonomy":"category","embeddable":true,"href":"https:\/\/pasaenmendoza.com\/index.php?rest_route=%2Fwp%2Fv2%2Fcategories&post=3621"},{"taxonomy":"post_tag","embeddable":true,"href":"https:\/\/pasaenmendoza.com\/index.php?rest_route=%2Fwp%2Fv2%2Ftags&post=3621"}],"curies":[{"name":"wp","href":"https:\/\/api.w.org\/{rel}","templated":true}]}}