{"id":3625,"date":"2023-12-07T13:42:06","date_gmt":"2023-12-07T12:42:06","guid":{"rendered":"https:\/\/pasaenmendoza.com\/?p=3625"},"modified":"2023-12-07T13:42:07","modified_gmt":"2023-12-07T12:42:07","slug":"el-gobernador-suarez-autorizo-un-aumento-del-46-en-la-factura-del-agua","status":"publish","type":"post","link":"https:\/\/pasaenmendoza.com\/?p=3625","title":{"rendered":"El gobernador Suarez autoriz\u00f3 un aumento del 46% en la factura del agua\u00a0"},"content":{"rendered":"\n<p><strong>Rodolfo Suarez<\/strong>\u00a0firm\u00f3 un incremento del\u00a0<strong>46% en la factura del agua<\/strong>\u00a0para los mendocinos. El\u00a0<strong>decreto 2854\u00a0<\/strong>fue publicado este jueves en el Bolet\u00edn Oficial y marca la suba desde esta semana en las boletas de\u00a0<strong>Aysam<\/strong>. Adem\u00e1s impone tres subas m\u00e1s para el primer semestre de 2024 y un cargo especial que ya comenz\u00f3 a regir.<\/p>\n\n\n\n<p>En su pen\u00faltimo d\u00eda de gesti\u00f3n,<strong>\u00a0Suarez puso la firma junto con el ministro de Infraestructura, Mario Isgro,<\/strong>\u00a0para que se venga un aumento importante de los servicios h\u00eddricos y cloacales. Bas\u00e1ndose en la \u00faltima\u00a0<strong>audiencia p\u00fablica al respecto\u00a0<\/strong>(que fue realizada el 21 de noviembre) y tomando detalles operativos otorgados por el EPAS, se oficializaron subas que totalizan\u00a0<strong>m\u00e1s de un 165%.<\/strong><\/p>\n\n\n\n<p>Son<strong>&nbsp;33% de incremento que se aplicar\u00e1 el 1 de febrero<\/strong>&nbsp;y otro 33% a aplicarse el&nbsp;<strong>1 de abril de 2024.&nbsp;<\/strong>El mismo porcentaje se aplicar\u00e1 tambi\u00e9n el primer d\u00eda de&nbsp;<strong>junio<\/strong>. Sin embargo, a esos n\u00fameros debe incorporarse tambi\u00e9n un&nbsp;<strong>20% extra.&nbsp;<\/strong>Esto se cobrar\u00e1 como un cargo especial sobre la factura de cada uno de los servicios y estar\u00e1 destinado al fondo para la&nbsp;<strong>renovaci\u00f3n de redes distribuidoras y colectoras de los servicios de Agua Potable y Cloaca.<\/strong><\/p>\n\n\n\n<p>\u201c<strong>Que mientras no se modifique esa situaci\u00f3n<\/strong>\u00a0y no pueda realizarse una recomposici\u00f3n profunda que logre estabilizar la empresa a los fines de afrontar sus costos sin d\u00e9ficit operativo, el Poder Ejecutivo continuar\u00e1 generando instrumentos\u00a0<strong>id\u00f3neos para permitir que se siga prestando el servicio p\u00fablico<\/strong>\u00a0esencial y evitar que disminuya su calidad,<strong>\u00a0poniendo en riesgo la salud de la poblaci\u00f3n\u201d<\/strong>, expresa el decreto.<\/p>\n\n\n\n<h2 class=\"wp-block-heading\">Qu\u00e9 pas\u00f3 con los medidores de agua<\/h2>\n\n\n\n<p>Todos los aumentos se aplican\u00a0<strong>\u201csobre los valores vigentes a cada una de dichas fechas,<\/strong>\u00a0con lo cual ser\u00e1n\u00a0<strong>acumulativos\u00a0<\/strong>entre s\u00ed. Seg\u00fan expresaron desde el Ejecutivo, estas subas buscar\u00e1n que la firma pueda seguir realizando las tareas de mantenimiento frente a una<strong>\u00a0red que se desgasta y rompe casi constantemente.<\/strong><\/p>\n\n\n\n<p>Asimismo, el Gobierno se hab\u00eda propuesto la&nbsp;<strong>incorporaci\u00f3n de telemedidores&nbsp;<\/strong>de agua en miles de casas mendocinas a lo largo de 2023. Aquella intenci\u00f3n termin\u00f3 demor\u00e1ndose m\u00e1s de lo previsto, pero la compra de los instrumentos ya<strong>&nbsp;fue iniciada por la cartera que conduce Alejandro Gallego.<\/strong><\/p>\n\n\n\n<p>El propio funcionario precis\u00f3 que\u00a0<strong>la instalaci\u00f3n tendr\u00e1 un valor de 400 d\u00f3lares por artefacto<\/strong>\u00a0(su costo es de 75 d\u00f3lares, seg\u00fan los datos que public\u00f3 el propio Suarez meses atr\u00e1s). Aysam aclar\u00f3 que ninguna de estas compras correr\u00e1 por cuenta de los usuarios finales, sino que ser\u00e1n\u00a0<strong>imputadas al presupuesto 2024 del organismo.<\/strong><\/p>\n\n\n\n<p><strong>Fuente: www.diariouno.com.ar<\/strong><\/p>\n","protected":false},"excerpt":{"rendered":"<p>Rodolfo Suarez\u00a0firm\u00f3 un incremento del\u00a046% en la factura del agua\u00a0para los mendocinos. El\u00a0decreto 2854\u00a0fue publicado este jueves en el Bolet\u00edn Oficial y marca la suba desde esta semana en las boletas de\u00a0Aysam. Adem\u00e1s impone tres subas m\u00e1s para el primer semestre de 2024 y un cargo especial que ya comenz\u00f3 a regir. En su pen\u00faltimo [&hellip;]<\/p>\n","protected":false},"author":2,"featured_media":3626,"comment_status":"open","ping_status":"open","sticky":false,"template":"","format":"standard","meta":[],"categories":[79],"tags":[],"_links":{"self":[{"href":"https:\/\/pasaenmendoza.com\/index.php?rest_route=\/wp\/v2\/posts\/3625"}],"collection":[{"href":"https:\/\/pasaenmendoza.com\/index.php?rest_route=\/wp\/v2\/posts"}],"about":[{"href":"https:\/\/pasaenmendoza.com\/index.php?rest_route=\/wp\/v2\/types\/post"}],"author":[{"embeddable":true,"href":"https:\/\/pasaenmendoza.com\/index.php?rest_route=\/wp\/v2\/users\/2"}],"replies":[{"embeddable":true,"href":"https:\/\/pasaenmendoza.com\/index.php?rest_route=%2Fwp%2Fv2%2Fcomments&post=3625"}],"version-history":[{"count":1,"href":"https:\/\/pasaenmendoza.com\/index.php?rest_route=\/wp\/v2\/posts\/3625\/revisions"}],"predecessor-version":[{"id":3627,"href":"https:\/\/pasaenmendoza.com\/index.php?rest_route=\/wp\/v2\/posts\/3625\/revisions\/3627"}],"wp:featuredmedia":[{"embeddable":true,"href":"https:\/\/pasaenmendoza.com\/index.php?rest_route=\/wp\/v2\/media\/3626"}],"wp:attachment":[{"href":"https:\/\/pasaenmendoza.com\/index.php?rest_route=%2Fwp%2Fv2%2Fmedia&parent=3625"}],"wp:term":[{"taxonomy":"category","embeddable":true,"href":"https:\/\/pasaenmendoza.com\/index.php?rest_route=%2Fwp%2Fv2%2Fcategories&post=3625"},{"taxonomy":"post_tag","embeddable":true,"href":"https:\/\/pasaenmendoza.com\/index.php?rest_route=%2Fwp%2Fv2%2Ftags&post=3625"}],"curies":[{"name":"wp","href":"https:\/\/api.w.org\/{rel}","templated":true}]}}