{"id":3628,"date":"2023-12-07T14:04:00","date_gmt":"2023-12-07T13:04:00","guid":{"rendered":"https:\/\/pasaenmendoza.com\/?p=3628"},"modified":"2023-12-07T14:10:56","modified_gmt":"2023-12-07T13:10:56","slug":"asi-atendera-el-comercio-el-feriado-del-8-de-diciembre","status":"publish","type":"post","link":"https:\/\/pasaenmendoza.com\/?p=3628","title":{"rendered":"As\u00ed atender\u00e1 el comercio el feriado del 8 de diciembre"},"content":{"rendered":"\n<p>El 8 de diciembre es feriado ya que se celebra el<strong>&nbsp;D\u00eda del Virgen<\/strong>, tambi\u00e9n conocido como el&nbsp;D\u00eda de la Inmaculada Concepci\u00f3n, y el comercio en&nbsp;<strong>Ciudad<\/strong>&nbsp;se enfrenta a un nuevo dilema: \u00bfcierran las puertas o aprovechan el aluvi\u00f3n tur\u00edstico?<\/p>\n\n\n\n<p>Es importante destacar que los propietarios tienen libertad de acci\u00f3n los d\u00edas feriados ya que pueden decidir atender al p\u00fablico con normalidad siempre y cuando se respeten los convenios salariales con sus&nbsp;empleados. En algunas oportunidades los empleadores abren sus negocios con el m\u00ednimo personal indispensable y, en otros casos, lo hacen con sus propias familias.<\/p>\n\n\n\n<p>Es por eso que desde la<strong>\u00a0C\u00e1mara Empresaria de Comercio, Industria, Turismo y Servicios de la Ciudad de Mendoza<\/strong>\u00a0(<strong>CECITyS<\/strong>) informaron que realizaron encuestas en el sector y la mayor\u00eda decidi\u00f3 abrir sus puertas en el horario matutino. De esta manera, se respetar\u00e1 el feriado religioso a partir del medio d\u00eda.<\/p>\n\n\n\n<p>De igual manera, Adri\u00e1n Al\u00edn, presidente del CECITyS, confirm\u00f3 que quienes deseen abrir sus negocios en horario normal, tienen libertad de hacerlo.<\/p>\n\n\n\n<p><strong>Fuente: www.diariomendoza.com.ar<\/strong><\/p>\n","protected":false},"excerpt":{"rendered":"<p>El 8 de diciembre es feriado ya que se celebra el&nbsp;D\u00eda del Virgen, tambi\u00e9n conocido como el&nbsp;D\u00eda de la Inmaculada Concepci\u00f3n, y el comercio en&nbsp;Ciudad&nbsp;se enfrenta a un nuevo dilema: \u00bfcierran las puertas o aprovechan el aluvi\u00f3n tur\u00edstico? Es importante destacar que los propietarios tienen libertad de acci\u00f3n los d\u00edas feriados ya que pueden decidir [&hellip;]<\/p>\n","protected":false},"author":2,"featured_media":3630,"comment_status":"open","ping_status":"open","sticky":false,"template":"","format":"standard","meta":[],"categories":[50],"tags":[],"_links":{"self":[{"href":"https:\/\/pasaenmendoza.com\/index.php?rest_route=\/wp\/v2\/posts\/3628"}],"collection":[{"href":"https:\/\/pasaenmendoza.com\/index.php?rest_route=\/wp\/v2\/posts"}],"about":[{"href":"https:\/\/pasaenmendoza.com\/index.php?rest_route=\/wp\/v2\/types\/post"}],"author":[{"embeddable":true,"href":"https:\/\/pasaenmendoza.com\/index.php?rest_route=\/wp\/v2\/users\/2"}],"replies":[{"embeddable":true,"href":"https:\/\/pasaenmendoza.com\/index.php?rest_route=%2Fwp%2Fv2%2Fcomments&post=3628"}],"version-history":[{"count":2,"href":"https:\/\/pasaenmendoza.com\/index.php?rest_route=\/wp\/v2\/posts\/3628\/revisions"}],"predecessor-version":[{"id":3632,"href":"https:\/\/pasaenmendoza.com\/index.php?rest_route=\/wp\/v2\/posts\/3628\/revisions\/3632"}],"wp:featuredmedia":[{"embeddable":true,"href":"https:\/\/pasaenmendoza.com\/index.php?rest_route=\/wp\/v2\/media\/3630"}],"wp:attachment":[{"href":"https:\/\/pasaenmendoza.com\/index.php?rest_route=%2Fwp%2Fv2%2Fmedia&parent=3628"}],"wp:term":[{"taxonomy":"category","embeddable":true,"href":"https:\/\/pasaenmendoza.com\/index.php?rest_route=%2Fwp%2Fv2%2Fcategories&post=3628"},{"taxonomy":"post_tag","embeddable":true,"href":"https:\/\/pasaenmendoza.com\/index.php?rest_route=%2Fwp%2Fv2%2Ftags&post=3628"}],"curies":[{"name":"wp","href":"https:\/\/api.w.org\/{rel}","templated":true}]}}