{"id":3631,"date":"2023-12-07T14:07:25","date_gmt":"2023-12-07T13:07:25","guid":{"rendered":"https:\/\/pasaenmendoza.com\/?p=3631"},"modified":"2023-12-07T14:07:27","modified_gmt":"2023-12-07T13:07:27","slug":"el-tiempo-en-mendoza-jueves-caluroso-e-inestable-hacia-la-noche","status":"publish","type":"post","link":"https:\/\/pasaenmendoza.com\/?p=3631","title":{"rendered":"El tiempo en Mendoza: jueves caluroso e inestable hacia la noche"},"content":{"rendered":"\n<p>Este&nbsp;<strong>jueves<\/strong>&nbsp;se presenta en el Gran Mendoza \u201ccaluroso con nubosidad variable e inestable hacia la noche\u201d, con temperaturas que oscilar\u00e1n entre los&nbsp;<mark>18 y los 33 grados.<\/mark><\/p>\n\n\n\n<p>En tanto, este\u00a0<strong>viernes<\/strong>\u00a0feriado, en conmemoraci\u00f3n por el D\u00eda de la Inmaculada Concepci\u00f3n de Mar\u00eda, llega con\u00a0<mark>doble alerta por tormentas y vientos.<\/mark>\u00a0<mark>La m\u00ednima ser\u00e1 de 17 grados y la m\u00e1xima de 34.<\/mark><\/p>\n\n\n\n<p>De acuerdo con lo anunciado por el\u00a0<strong>Servicio Meteorol\u00f3gico Nacional (SMN)<\/strong>\u00a0el viento afectar\u00e1 a los departamentos de Las Heras, La Paz, Lavalle San Mart\u00edn y Santa Rosa. En tanto, las tormentas con ocasional ca\u00edda de granizo se registrar\u00e1 en el sur provincial.<\/p>\n\n\n\n<p>Para el\u00a0<strong>s\u00e1bado<\/strong>\u00a0se prev\u00e9 cielo caluroso con nubosidad variable, vientos, vientos leves del este. Inestable hacia la noche.\u00a0<mark>La m\u00ednima ser\u00e1 de 17 grados y la m\u00e1xima de 32.<\/mark><\/p>\n\n\n\n<p><strong>La situaci\u00f3n en alta monta\u00f1a<\/strong><\/p>\n\n\n\n<p>El&nbsp;<strong>Sistema Integrado Cristo Redentor&nbsp;<\/strong>se encuentra&nbsp;<mark>habilitado<\/mark>&nbsp;para todo tipo de veh\u00edculos, durante las 24 horas.<\/p>\n\n\n\n<p>El\u00a0<strong>paso Pehuenche<\/strong>,\u00a0<mark>cerrado<\/mark>\u00a0por tiempo indeterminado.<\/p>\n\n\n\n<p><strong>Fuente: www.elsol.com.ar<\/strong><\/p>\n","protected":false},"excerpt":{"rendered":"<p>Este&nbsp;jueves&nbsp;se presenta en el Gran Mendoza \u201ccaluroso con nubosidad variable e inestable hacia la noche\u201d, con temperaturas que oscilar\u00e1n entre los&nbsp;18 y los 33 grados. En tanto, este\u00a0viernes\u00a0feriado, en conmemoraci\u00f3n por el D\u00eda de la Inmaculada Concepci\u00f3n de Mar\u00eda, llega con\u00a0doble alerta por tormentas y vientos.\u00a0La m\u00ednima ser\u00e1 de 17 grados y la m\u00e1xima de [&hellip;]<\/p>\n","protected":false},"author":2,"featured_media":3633,"comment_status":"open","ping_status":"open","sticky":false,"template":"","format":"standard","meta":[],"categories":[52],"tags":[],"_links":{"self":[{"href":"https:\/\/pasaenmendoza.com\/index.php?rest_route=\/wp\/v2\/posts\/3631"}],"collection":[{"href":"https:\/\/pasaenmendoza.com\/index.php?rest_route=\/wp\/v2\/posts"}],"about":[{"href":"https:\/\/pasaenmendoza.com\/index.php?rest_route=\/wp\/v2\/types\/post"}],"author":[{"embeddable":true,"href":"https:\/\/pasaenmendoza.com\/index.php?rest_route=\/wp\/v2\/users\/2"}],"replies":[{"embeddable":true,"href":"https:\/\/pasaenmendoza.com\/index.php?rest_route=%2Fwp%2Fv2%2Fcomments&post=3631"}],"version-history":[{"count":1,"href":"https:\/\/pasaenmendoza.com\/index.php?rest_route=\/wp\/v2\/posts\/3631\/revisions"}],"predecessor-version":[{"id":3634,"href":"https:\/\/pasaenmendoza.com\/index.php?rest_route=\/wp\/v2\/posts\/3631\/revisions\/3634"}],"wp:featuredmedia":[{"embeddable":true,"href":"https:\/\/pasaenmendoza.com\/index.php?rest_route=\/wp\/v2\/media\/3633"}],"wp:attachment":[{"href":"https:\/\/pasaenmendoza.com\/index.php?rest_route=%2Fwp%2Fv2%2Fmedia&parent=3631"}],"wp:term":[{"taxonomy":"category","embeddable":true,"href":"https:\/\/pasaenmendoza.com\/index.php?rest_route=%2Fwp%2Fv2%2Fcategories&post=3631"},{"taxonomy":"post_tag","embeddable":true,"href":"https:\/\/pasaenmendoza.com\/index.php?rest_route=%2Fwp%2Fv2%2Ftags&post=3631"}],"curies":[{"name":"wp","href":"https:\/\/api.w.org\/{rel}","templated":true}]}}