{"id":3635,"date":"2023-12-07T14:16:00","date_gmt":"2023-12-07T13:16:00","guid":{"rendered":"https:\/\/pasaenmendoza.com\/?p=3635"},"modified":"2023-12-07T14:17:56","modified_gmt":"2023-12-07T13:17:56","slug":"los-materiales-de-construccion-subieron-22-en-mendoza-en-noviembre","status":"publish","type":"post","link":"https:\/\/pasaenmendoza.com\/?p=3635","title":{"rendered":"Los materiales de construcci\u00f3n subieron 22% en Mendoza en noviembre"},"content":{"rendered":"\n<p>Esta nueva medici\u00f3n realizada por la Red Edificar, la c\u00e1mara empresaria que agrupa a 10 de las empresas l\u00edderes en provisi\u00f3n de&nbsp;<strong>materiales de construcci\u00f3n<\/strong>&nbsp;en la provincia, fue de 22,39 % en noviembre, lo que equivale a una importante diferencia con el IRE de octubre. Este hab\u00eda sido de&nbsp;10,5%.<\/p>\n\n\n\n<p>Aun as\u00ed, no es el mes del a\u00f1o en el que m\u00e1s subi\u00f3. Tambi\u00e9n en agosto, mes electoral en el que se hab\u00eda impuesto Javier Milei en las primarias, se hab\u00eda producido un fuerte aumento: por aquel entonces fue de 28,61%.<\/p>\n\n\n\n<p>El acumulado de 2023 -que no incluye diciembre- revela una suba pro encima de la inflaci\u00f3n. La ante\u00faltima medici\u00f3n del a\u00f1o, que toma como base cero a diciembre, presenta 215,15 % de aumento en los 11 meses del a\u00f1o.<\/p>\n\n\n\n<p>Desde la Red Edificar se\u00f1alaron que el aumento se explica en parte por las expectativas ante la asunci\u00f3n de Milei como presidente de la Naci\u00f3n y sus declaraciones en torno a la industria de la construcci\u00f3n.<\/p>\n\n\n\n<p>El presidente electo ha dicho que paralizar\u00e1 la obra p\u00fablica, alegando que &#8220;no hay plata&#8221;. Esta parte de su plataforma de Gobierno le ha suscitado cuestionamientos de funcionarios ejecutivos de distintos sectores,&nbsp;incluyendo Mendoza.<\/p>\n\n\n\n<p>C\u00f3mo se mide el IRE<\/p>\n\n\n\n<p>El \u00edndice Edificar es el resultado de la medici\u00f3n de casi 100 productos representativos de los rubros que comercializan o fabrican las diez empresas de la Red Edificar. Se emite mensualmente para llevar una estad\u00edstica del sector de nuestra provincia.<\/p>\n\n\n\n<p>Para esta muestra se toma como base inicial los precios de diciembre 2022 \u00faltimo sin IVA de las empresas que componen la Red. Los productos son una selecci\u00f3n representativa de los \u00edtems: hierro, hormig\u00f3n elaborado, \u00e1ridos, madera, ladrillos cer\u00e1micos, pisos y revestimientos, loza sanitaria, grifer\u00eda de ba\u00f1os y cocina, materiales el\u00e9ctricos, mobiliario de cocinas, vidrio, aberturas de aluminio, pintura de obra e instalaciones sanitarias, agua y gas.<\/p>\n\n\n\n<p>Sobre Red Edificar<\/p>\n\n\n\n<p>La Red Edificar est\u00e1 conformada por: Hipercer\u00e1mico, Mendoglass, F\u00e1brica de Pinturas Tekno, Giuffr\u00e9 Maderas, Reno Amoblamientos, Hierros Salda\u00f1a, Gencoelec Materiales El\u00e9ctricos, Industrias Chirino, Hormiserv y Macromat.<\/p>\n\n\n\n<p>En la actualidad, por los 24 puntos de venta de las 10 empresas, concurren aproximadamente 60.000 personas por mes. Los medios nacionales especializados reconocen a Red Edificar como el primer proyecto asociativo de la construcci\u00f3n de nuestro pa\u00eds.<\/p>\n\n\n\n<p><strong>Fuente: www.mendozapost.com<\/strong><\/p>\n","protected":false},"excerpt":{"rendered":"<p>Esta nueva medici\u00f3n realizada por la Red Edificar, la c\u00e1mara empresaria que agrupa a 10 de las empresas l\u00edderes en provisi\u00f3n de&nbsp;materiales de construcci\u00f3n&nbsp;en la provincia, fue de 22,39 % en noviembre, lo que equivale a una importante diferencia con el IRE de octubre. Este hab\u00eda sido de&nbsp;10,5%. Aun as\u00ed, no es el mes del [&hellip;]<\/p>\n","protected":false},"author":2,"featured_media":3643,"comment_status":"open","ping_status":"open","sticky":false,"template":"","format":"standard","meta":[],"categories":[75],"tags":[],"_links":{"self":[{"href":"https:\/\/pasaenmendoza.com\/index.php?rest_route=\/wp\/v2\/posts\/3635"}],"collection":[{"href":"https:\/\/pasaenmendoza.com\/index.php?rest_route=\/wp\/v2\/posts"}],"about":[{"href":"https:\/\/pasaenmendoza.com\/index.php?rest_route=\/wp\/v2\/types\/post"}],"author":[{"embeddable":true,"href":"https:\/\/pasaenmendoza.com\/index.php?rest_route=\/wp\/v2\/users\/2"}],"replies":[{"embeddable":true,"href":"https:\/\/pasaenmendoza.com\/index.php?rest_route=%2Fwp%2Fv2%2Fcomments&post=3635"}],"version-history":[{"count":2,"href":"https:\/\/pasaenmendoza.com\/index.php?rest_route=\/wp\/v2\/posts\/3635\/revisions"}],"predecessor-version":[{"id":3645,"href":"https:\/\/pasaenmendoza.com\/index.php?rest_route=\/wp\/v2\/posts\/3635\/revisions\/3645"}],"wp:featuredmedia":[{"embeddable":true,"href":"https:\/\/pasaenmendoza.com\/index.php?rest_route=\/wp\/v2\/media\/3643"}],"wp:attachment":[{"href":"https:\/\/pasaenmendoza.com\/index.php?rest_route=%2Fwp%2Fv2%2Fmedia&parent=3635"}],"wp:term":[{"taxonomy":"category","embeddable":true,"href":"https:\/\/pasaenmendoza.com\/index.php?rest_route=%2Fwp%2Fv2%2Fcategories&post=3635"},{"taxonomy":"post_tag","embeddable":true,"href":"https:\/\/pasaenmendoza.com\/index.php?rest_route=%2Fwp%2Fv2%2Ftags&post=3635"}],"curies":[{"name":"wp","href":"https:\/\/api.w.org\/{rel}","templated":true}]}}