{"id":3636,"date":"2023-12-07T14:13:58","date_gmt":"2023-12-07T13:13:58","guid":{"rendered":"https:\/\/pasaenmendoza.com\/?p=3636"},"modified":"2023-12-07T14:13:59","modified_gmt":"2023-12-07T13:13:59","slug":"un-poste-de-luz-se-cayo-encima-de-dos-ninos-y-uno-quedo-grave","status":"publish","type":"post","link":"https:\/\/pasaenmendoza.com\/?p=3636","title":{"rendered":"Un poste de luz se cay\u00f3 encima de dos ni\u00f1os y uno qued\u00f3 grave"},"content":{"rendered":"\n<p>Un poste de luz se cay\u00f3 encima de dos ni\u00f1os este martes en&nbsp;<strong>Las Heras<\/strong>. Ambos peque\u00f1os, de&nbsp;<strong>2 y 8 a\u00f1os<\/strong>, fueron trasladados por familiares al<strong>&nbsp;Hospital Carrillo<\/strong>.<mark>&nbsp;El m\u00e1s chico fue derivado al&nbsp;<strong>Hospital<\/strong>&nbsp;<strong>Notti<\/strong>&nbsp;debido a la gravedad de sus heridas.&nbsp;<\/mark><\/p>\n\n\n\n<p>Testigos del hecho contaron que el accidente ocurri\u00f3 \u00e9ste miercoles a las 20.40, en la manzana B del\u00a0<strong>barrio Tamarindo<\/strong>.\u00a0<\/p>\n\n\n\n<p><mark>Lo menores se encontraban en la vereda cuando la columna los aplast\u00f3<\/mark>, detallaron fuentes policiales. El mayor present\u00f3 una\u00a0<strong>fractura en su mano derecha\u00a0<\/strong>y el m\u00e1s peque\u00f1o una<strong>\u00a0hemorragia interna<\/strong>, por lo que su estado, la ma\u00f1ana de este mi\u00e9rcoles, era cr\u00edtico.\u00a0<\/p>\n\n\n\n<p><strong>Fuente: www.elsol.com.ar<\/strong><\/p>\n","protected":false},"excerpt":{"rendered":"<p>Un poste de luz se cay\u00f3 encima de dos ni\u00f1os este martes en&nbsp;Las Heras. Ambos peque\u00f1os, de&nbsp;2 y 8 a\u00f1os, fueron trasladados por familiares al&nbsp;Hospital Carrillo.&nbsp;El m\u00e1s chico fue derivado al&nbsp;Hospital&nbsp;Notti&nbsp;debido a la gravedad de sus heridas.&nbsp; Testigos del hecho contaron que el accidente ocurri\u00f3 \u00e9ste miercoles a las 20.40, en la manzana B del\u00a0barrio [&hellip;]<\/p>\n","protected":false},"author":2,"featured_media":3637,"comment_status":"open","ping_status":"open","sticky":false,"template":"","format":"standard","meta":[],"categories":[48],"tags":[],"_links":{"self":[{"href":"https:\/\/pasaenmendoza.com\/index.php?rest_route=\/wp\/v2\/posts\/3636"}],"collection":[{"href":"https:\/\/pasaenmendoza.com\/index.php?rest_route=\/wp\/v2\/posts"}],"about":[{"href":"https:\/\/pasaenmendoza.com\/index.php?rest_route=\/wp\/v2\/types\/post"}],"author":[{"embeddable":true,"href":"https:\/\/pasaenmendoza.com\/index.php?rest_route=\/wp\/v2\/users\/2"}],"replies":[{"embeddable":true,"href":"https:\/\/pasaenmendoza.com\/index.php?rest_route=%2Fwp%2Fv2%2Fcomments&post=3636"}],"version-history":[{"count":1,"href":"https:\/\/pasaenmendoza.com\/index.php?rest_route=\/wp\/v2\/posts\/3636\/revisions"}],"predecessor-version":[{"id":3638,"href":"https:\/\/pasaenmendoza.com\/index.php?rest_route=\/wp\/v2\/posts\/3636\/revisions\/3638"}],"wp:featuredmedia":[{"embeddable":true,"href":"https:\/\/pasaenmendoza.com\/index.php?rest_route=\/wp\/v2\/media\/3637"}],"wp:attachment":[{"href":"https:\/\/pasaenmendoza.com\/index.php?rest_route=%2Fwp%2Fv2%2Fmedia&parent=3636"}],"wp:term":[{"taxonomy":"category","embeddable":true,"href":"https:\/\/pasaenmendoza.com\/index.php?rest_route=%2Fwp%2Fv2%2Fcategories&post=3636"},{"taxonomy":"post_tag","embeddable":true,"href":"https:\/\/pasaenmendoza.com\/index.php?rest_route=%2Fwp%2Fv2%2Ftags&post=3636"}],"curies":[{"name":"wp","href":"https:\/\/api.w.org\/{rel}","templated":true}]}}