{"id":3649,"date":"2023-12-07T14:27:44","date_gmt":"2023-12-07T13:27:44","guid":{"rendered":"https:\/\/pasaenmendoza.com\/?p=3649"},"modified":"2023-12-07T14:27:45","modified_gmt":"2023-12-07T13:27:45","slug":"por-que-se-arma-el-arbol-de-navidad-el-8-de-diciembre","status":"publish","type":"post","link":"https:\/\/pasaenmendoza.com\/?p=3649","title":{"rendered":"Por qu\u00e9 se arma el \u00e1rbol de Navidad el 8 de diciembre"},"content":{"rendered":"\n<p><br>Millones de personas en todo el mundo arman el arbolito de Navidad como primer paso de los preparativos para la Noche Buena. La fecha no es cualquira, ya que tiene un significado y una tradici\u00f3n detr\u00e1s.<\/p>\n\n\n\n<p>Cu\u00e1ndo hay que armar el arbolito de Navidad<\/p>\n\n\n\n<p>La tradici\u00f3n reza que todos los&nbsp;<strong>8 de diciembre<\/strong>&nbsp;se deber armar el \u00e1rbol, el pesebre y decorar todo con lo que uno desee. Muchos tambi\u00e9n adornan sus casas. Este a\u00f1o, cae viernes y como siempre coincide con el feriado por el D\u00eda de la Inmaculada Concepci\u00f3n de la Sant\u00edsima Virgen Mar\u00eda&nbsp;<strong>.<\/strong><\/p>\n\n\n\n<p>El<strong>\u00a07 de enero<\/strong>, tras la celebraci\u00f3n de los<strong>\u00a0Reyes Magos<\/strong>, es el d\u00eda en el que se desarma.<\/p>\n\n\n\n<p>Por qu\u00e9 arma el arbolito de Navidad el 8 de diciembre<\/p>\n\n\n\n<p><strong>No hay una \u00fanica versi\u00f3n\u00a0<\/strong>sobre por qu\u00e9 se acostumbra a armar el \u00e1rbol de Navidad el 8 de diciembre y\u00a0<strong>var\u00eda seg\u00fan cada cultura.\u00a0<\/strong>Tomando otra explicaci\u00f3n posible, fueron los celtas quienes ten\u00edan por costumbre adornar un roble por la llegada del solsticio de invierno ya que, de esta manera, se aseguraban el regreso del sol.<\/p>\n\n\n\n<p>Por otro lado, se dice que en este d\u00eda&nbsp;<strong>los n\u00f3rdicos sol\u00edan adorar con un \u00e1rbol el nacimiento de Frey, dios del sol y la fertilidad<\/strong>. Y seg\u00fan el relato que trascendi\u00f3, en&nbsp;<strong>Argentina<\/strong>&nbsp;la costumbre de armar el arbolito comenz\u00f3 en 1807, cuando un irland\u00e9s traslad\u00f3 este h\u00e1bito al pa\u00eds decorando un pino en una plaza p\u00fablica.<\/p>\n\n\n\n<p>En la actualidad, el mismo se decora con una gran diversidad de objetos y elementos, siendo los m\u00e1s tradicionales las bolas, las guirnaldas, los lazos y las luces. Adem\u00e1s, se coloca una estrella en la punta, recordando a\u00a0<strong>la estrella de Bel\u00e9n,\u00a0<\/strong>que representa la fe que debe guiar la vida del cristiano. Si bien est\u00e1 muy popularizado el uso de \u00e1rboles artificiales, de pl\u00e1stico y otros materiales sint\u00e9ticos; algunas culturas utilizan pinos verdaderos ya que tienen la posibilidad de adquirirlos.<\/p>\n\n\n\n<p>Cuando se desarma el arbolito de Navidad<\/p>\n\n\n\n<p><strong>El arbolito de Navidad se arma cada 8 de diciembre y la fecha correcta para desarmarlo es exactamente un mes despu\u00e9s, es decir, el 7 de enero.<\/strong>&nbsp;No obstante, ha habido hist\u00f3ricamente discusiones en torno a esta fecha.<\/p>\n\n\n\n<p>Es que muchas personas toman como referencia el d\u00eda 6 de enero, cuando en Argentina se celebran los\u00a0<strong>Reyes Magos<\/strong>. La gran mayor\u00eda de las personas deciden que en esta fecha deben removerse todos los objetos vinculados al 25 de diciembre, e incluso muchos pasan varios d\u00edas o semanas hasta que lo retiran.<\/p>\n\n\n\n<p><strong>Fuente: www.mendozapost.com<\/strong><\/p>\n","protected":false},"excerpt":{"rendered":"<p>Millones de personas en todo el mundo arman el arbolito de Navidad como primer paso de los preparativos para la Noche Buena. La fecha no es cualquira, ya que tiene un significado y una tradici\u00f3n detr\u00e1s. Cu\u00e1ndo hay que armar el arbolito de Navidad La tradici\u00f3n reza que todos los&nbsp;8 de diciembre&nbsp;se deber armar el [&hellip;]<\/p>\n","protected":false},"author":2,"featured_media":3650,"comment_status":"open","ping_status":"open","sticky":false,"template":"","format":"standard","meta":[],"categories":[50],"tags":[],"_links":{"self":[{"href":"https:\/\/pasaenmendoza.com\/index.php?rest_route=\/wp\/v2\/posts\/3649"}],"collection":[{"href":"https:\/\/pasaenmendoza.com\/index.php?rest_route=\/wp\/v2\/posts"}],"about":[{"href":"https:\/\/pasaenmendoza.com\/index.php?rest_route=\/wp\/v2\/types\/post"}],"author":[{"embeddable":true,"href":"https:\/\/pasaenmendoza.com\/index.php?rest_route=\/wp\/v2\/users\/2"}],"replies":[{"embeddable":true,"href":"https:\/\/pasaenmendoza.com\/index.php?rest_route=%2Fwp%2Fv2%2Fcomments&post=3649"}],"version-history":[{"count":1,"href":"https:\/\/pasaenmendoza.com\/index.php?rest_route=\/wp\/v2\/posts\/3649\/revisions"}],"predecessor-version":[{"id":3651,"href":"https:\/\/pasaenmendoza.com\/index.php?rest_route=\/wp\/v2\/posts\/3649\/revisions\/3651"}],"wp:featuredmedia":[{"embeddable":true,"href":"https:\/\/pasaenmendoza.com\/index.php?rest_route=\/wp\/v2\/media\/3650"}],"wp:attachment":[{"href":"https:\/\/pasaenmendoza.com\/index.php?rest_route=%2Fwp%2Fv2%2Fmedia&parent=3649"}],"wp:term":[{"taxonomy":"category","embeddable":true,"href":"https:\/\/pasaenmendoza.com\/index.php?rest_route=%2Fwp%2Fv2%2Fcategories&post=3649"},{"taxonomy":"post_tag","embeddable":true,"href":"https:\/\/pasaenmendoza.com\/index.php?rest_route=%2Fwp%2Fv2%2Ftags&post=3649"}],"curies":[{"name":"wp","href":"https:\/\/api.w.org\/{rel}","templated":true}]}}