{"id":3656,"date":"2023-12-11T12:53:30","date_gmt":"2023-12-11T11:53:30","guid":{"rendered":"https:\/\/pasaenmendoza.com\/?p=3656"},"modified":"2023-12-11T12:53:31","modified_gmt":"2023-12-11T11:53:31","slug":"pronostico-lunes-con-mas-calor-tormentas-y-zonda-en-un-departamento","status":"publish","type":"post","link":"https:\/\/pasaenmendoza.com\/?p=3656","title":{"rendered":"Pron\u00f3stico: lunes con m\u00e1s calor, tormentas y Zonda en un departamento"},"content":{"rendered":"\n<p>Los mendocinos empezar\u00e1n una semana que se avecina calurosa y h\u00fameda, seg\u00fan indica el\u00a0<strong>pron\u00f3stico<\/strong>\u00a0del\u00a0<strong>tiempo<\/strong>\u00a0de la\u00a0Direcci\u00f3n de Contingencias Clim\u00e1ticas. Este lunes, la\u00a0<strong>temperatura<\/strong>\u00a0en Mendoza aumentar\u00e1 y podr\u00edan producirse chaparrones hacia la noche.<\/p>\n\n\n\n<p>La jornada estar\u00e1 calurosa y algo nublada con tormentas aisladas al final del d\u00eda y vientos moderados del noreste. Adem\u00e1s, se espera\u00a0viento Zonda\u00a0en el sector cordillerano de\u00a0Malarg\u00fce. La\u00a0<strong>temperatura<\/strong>\u00a0m\u00ednima ser\u00eda de 17 grados, y la m\u00e1xima, de 37.<\/p>\n\n\n\n<p>Para el\u00a0Servicio Meteorol\u00f3gico Nacional (SMN), la m\u00ednima para el primer d\u00eda de la semana ser\u00eda de 18 grados, y la m\u00e1xima, de 35.<\/p>\n\n\n\n<p><strong>Pron\u00f3stico extendido para Mendoza<\/strong><\/p>\n\n\n\n<p>Este martes 12 de diciembre se espera un d\u00eda con nubosidad variable, descenso de la\u00a0<strong>temperatura<\/strong>\u00a0y vientos moderados del sudeste. El\u00a0<strong>tiempo<\/strong>\u00a0estar\u00e1 inestable, con una m\u00ednima esperada de 20 grados y una m\u00e1xima de 33.<\/p>\n\n\n\n<p>El mi\u00e9rcoles 13 de diciembre, se espera una jornada con nubosidad variable, ascenso de la\u00a0<strong>temperatura<\/strong>, y vientos moderados del sudeste. La m\u00ednima ser\u00eda de 20 grados, y la m\u00e1xima, de 35.<\/p>\n\n\n\n<p><strong>Fuente: www.mendozapost.com<\/strong><\/p>\n","protected":false},"excerpt":{"rendered":"<p>Los mendocinos empezar\u00e1n una semana que se avecina calurosa y h\u00fameda, seg\u00fan indica el\u00a0pron\u00f3stico\u00a0del\u00a0tiempo\u00a0de la\u00a0Direcci\u00f3n de Contingencias Clim\u00e1ticas. Este lunes, la\u00a0temperatura\u00a0en Mendoza aumentar\u00e1 y podr\u00edan producirse chaparrones hacia la noche. La jornada estar\u00e1 calurosa y algo nublada con tormentas aisladas al final del d\u00eda y vientos moderados del noreste. Adem\u00e1s, se espera\u00a0viento Zonda\u00a0en el sector [&hellip;]<\/p>\n","protected":false},"author":2,"featured_media":3657,"comment_status":"open","ping_status":"open","sticky":false,"template":"","format":"standard","meta":[],"categories":[52],"tags":[],"_links":{"self":[{"href":"https:\/\/pasaenmendoza.com\/index.php?rest_route=\/wp\/v2\/posts\/3656"}],"collection":[{"href":"https:\/\/pasaenmendoza.com\/index.php?rest_route=\/wp\/v2\/posts"}],"about":[{"href":"https:\/\/pasaenmendoza.com\/index.php?rest_route=\/wp\/v2\/types\/post"}],"author":[{"embeddable":true,"href":"https:\/\/pasaenmendoza.com\/index.php?rest_route=\/wp\/v2\/users\/2"}],"replies":[{"embeddable":true,"href":"https:\/\/pasaenmendoza.com\/index.php?rest_route=%2Fwp%2Fv2%2Fcomments&post=3656"}],"version-history":[{"count":1,"href":"https:\/\/pasaenmendoza.com\/index.php?rest_route=\/wp\/v2\/posts\/3656\/revisions"}],"predecessor-version":[{"id":3658,"href":"https:\/\/pasaenmendoza.com\/index.php?rest_route=\/wp\/v2\/posts\/3656\/revisions\/3658"}],"wp:featuredmedia":[{"embeddable":true,"href":"https:\/\/pasaenmendoza.com\/index.php?rest_route=\/wp\/v2\/media\/3657"}],"wp:attachment":[{"href":"https:\/\/pasaenmendoza.com\/index.php?rest_route=%2Fwp%2Fv2%2Fmedia&parent=3656"}],"wp:term":[{"taxonomy":"category","embeddable":true,"href":"https:\/\/pasaenmendoza.com\/index.php?rest_route=%2Fwp%2Fv2%2Fcategories&post=3656"},{"taxonomy":"post_tag","embeddable":true,"href":"https:\/\/pasaenmendoza.com\/index.php?rest_route=%2Fwp%2Fv2%2Ftags&post=3656"}],"curies":[{"name":"wp","href":"https:\/\/api.w.org\/{rel}","templated":true}]}}