{"id":3659,"date":"2023-12-11T13:08:33","date_gmt":"2023-12-11T12:08:33","guid":{"rendered":"https:\/\/pasaenmendoza.com\/?p=3659"},"modified":"2023-12-11T13:08:34","modified_gmt":"2023-12-11T12:08:34","slug":"el-hermano-de-la-chica-asesinada-en-lujan-se-apago-la-estrella-mas-brillante","status":"publish","type":"post","link":"https:\/\/pasaenmendoza.com\/?p=3659","title":{"rendered":"El hermano de la chica asesinada en Luj\u00e1n: &#8220;Se apag\u00f3 la estrella m\u00e1s brillante&#8221;"},"content":{"rendered":"\n<p>El h<strong>ermano de la joven de 24 a\u00f1os asesinada el viernes \u00a0<\/strong>\u00faltimo por su\u00a0<strong>novio<\/strong>\u00a0en\u00a0<strong>Luj\u00e1n de Cuyo<\/strong>,\u00a0<strong>despidi\u00f3<\/strong>\u00a0mediante las redes sociales a su\u00a0<strong>hermana<\/strong>, donde describi\u00f3 que su fallecimiento<strong>\u00a0&#8220;apag\u00f3 la estrella m\u00e1s brillante del mundo&#8221;\u00a0<\/strong>y le dese\u00f3 que descanse &#8220;en paz&#8221;.<\/p>\n\n\n\n<p>&#8220;Hoy se apag\u00f3 la estrella m\u00e1s brillante del mundo. Espero y deseo que donde est\u00e9s, sea con esa sonrisa que te caracterizaba. Te quiero mucho con todo mi coraz\u00f3n y mi ser. Descans\u00e1 en paz hermana querida. Te quiero siempre&#8221;, public\u00f3 en la red social Facebook\u00a0<strong>Nehu\u00e9n Ledesma<\/strong>,\u00a0<strong>hermano de Malen Ledesma (24)<\/strong>, la joven asesinada que apareci\u00f3 apu\u00f1alada sobre el kil\u00f3metro 35 de la ruta provincial 82.<\/p>\n\n\n\n<p>En el mensaje publicado por&nbsp;<strong>Nehu\u00e9n<\/strong>, pidi\u00f3 a sus familiares y amigos que &#8220;recuerden a&nbsp;<strong>Malen<\/strong>&nbsp;como realmente era&#8221;, a la vez que exigi\u00f3 justicia por el femicidio.<\/p>\n\n\n\n<p>Por su parte, la\u00a0<strong>Facultad de Filosof\u00eda y Letras de la Universidad Nacional de Cuyo<\/strong>, donde la v\u00edctima estudiaba la licenciatura en ingl\u00e9s,\u00a0<strong>decret\u00f3 duelo<\/strong>\u00a0en la instituci\u00f3n por cuatro d\u00edas, a la vez que repudi\u00f3 en un comunicado el crimen de la joven y se solidariz\u00f3 con sus allegados.<\/p>\n\n\n\n<p>&#8220;La Facultad de Filosof\u00eda y Letras repudia en\u00e9rgicamente el femicidio de Mal\u00e9n Ledesma, estudiante de la Licenciatura en Ingl\u00e9s, ocurrido en el d\u00eda de ayer. Acompa\u00f1a a su familia en este momento de tanto dolor. Asimismo, decreta duelo con bandera a media asta desde el viernes 8 hasta el lunes 11 de diciembre, sin cese de actividades el d\u00eda lunes&#8221;, expresaron desde el establecimiento universitario.<\/p>\n\n\n\n<p>El crimen de Ledesma ocurri\u00f3 el viernes a la noche, cerca de las 20.30, en el kil\u00f3metro 35 de la ruta provincial 82. En principio, el personal policial que acudi\u00f3 a la zona crey\u00f3 que se trataba de un accidente vial en el lugar, pero luego constataron la presencia de una mujer fallecida por una herida de arma blanca sobre el asfalto.<\/p>\n\n\n\n<p>Mediante datos aportados por testigos, los investigadores dieron con el\u00a0<strong>principal sospechoso, Iv\u00e1n Gabriel Ju\u00e1rez (24)<\/strong>\u00a0quien se movilizaba en una camioneta Toyota Hilux blanca, por lo que desplegaron un operativo en la zona con el objetivo de dar con el fugitivo.<\/p>\n\n\n\n<p>En esas circunstancias, alertaron sobre la presencia de un veh\u00edculo con las caracter\u00edsticas descriptas y comenz\u00f3 una persecuci\u00f3n ante la negativa del conductor de detener la marcha.<\/p>\n\n\n\n<p>Luego de un breve seguimiento, la Polic\u00eda logr\u00f3 detener a la camioneta y aprehender al conductor como sospechoso del femicidio, identificado como Iv\u00e1n Gabriel Ju\u00e1rez (24), quien era pareja de Ledesma.<\/p>\n\n\n\n<p><strong>Fuente: www.mendozapost.com<\/strong><\/p>\n","protected":false},"excerpt":{"rendered":"<p>El hermano de la joven de 24 a\u00f1os asesinada el viernes \u00a0\u00faltimo por su\u00a0novio\u00a0en\u00a0Luj\u00e1n de Cuyo,\u00a0despidi\u00f3\u00a0mediante las redes sociales a su\u00a0hermana, donde describi\u00f3 que su fallecimiento\u00a0&#8220;apag\u00f3 la estrella m\u00e1s brillante del mundo&#8221;\u00a0y le dese\u00f3 que descanse &#8220;en paz&#8221;. &#8220;Hoy se apag\u00f3 la estrella m\u00e1s brillante del mundo. Espero y deseo que donde est\u00e9s, sea con [&hellip;]<\/p>\n","protected":false},"author":2,"featured_media":3660,"comment_status":"open","ping_status":"open","sticky":false,"template":"","format":"standard","meta":[],"categories":[48],"tags":[],"_links":{"self":[{"href":"https:\/\/pasaenmendoza.com\/index.php?rest_route=\/wp\/v2\/posts\/3659"}],"collection":[{"href":"https:\/\/pasaenmendoza.com\/index.php?rest_route=\/wp\/v2\/posts"}],"about":[{"href":"https:\/\/pasaenmendoza.com\/index.php?rest_route=\/wp\/v2\/types\/post"}],"author":[{"embeddable":true,"href":"https:\/\/pasaenmendoza.com\/index.php?rest_route=\/wp\/v2\/users\/2"}],"replies":[{"embeddable":true,"href":"https:\/\/pasaenmendoza.com\/index.php?rest_route=%2Fwp%2Fv2%2Fcomments&post=3659"}],"version-history":[{"count":1,"href":"https:\/\/pasaenmendoza.com\/index.php?rest_route=\/wp\/v2\/posts\/3659\/revisions"}],"predecessor-version":[{"id":3661,"href":"https:\/\/pasaenmendoza.com\/index.php?rest_route=\/wp\/v2\/posts\/3659\/revisions\/3661"}],"wp:featuredmedia":[{"embeddable":true,"href":"https:\/\/pasaenmendoza.com\/index.php?rest_route=\/wp\/v2\/media\/3660"}],"wp:attachment":[{"href":"https:\/\/pasaenmendoza.com\/index.php?rest_route=%2Fwp%2Fv2%2Fmedia&parent=3659"}],"wp:term":[{"taxonomy":"category","embeddable":true,"href":"https:\/\/pasaenmendoza.com\/index.php?rest_route=%2Fwp%2Fv2%2Fcategories&post=3659"},{"taxonomy":"post_tag","embeddable":true,"href":"https:\/\/pasaenmendoza.com\/index.php?rest_route=%2Fwp%2Fv2%2Ftags&post=3659"}],"curies":[{"name":"wp","href":"https:\/\/api.w.org\/{rel}","templated":true}]}}