{"id":3667,"date":"2023-12-11T13:24:11","date_gmt":"2023-12-11T12:24:11","guid":{"rendered":"https:\/\/pasaenmendoza.com\/?p=3667"},"modified":"2023-12-11T13:24:12","modified_gmt":"2023-12-11T12:24:12","slug":"que-es-la-estanflacion-que-anticipo-milei-en-su-primer-discurso-como-presidente-de-argentina","status":"publish","type":"post","link":"https:\/\/pasaenmendoza.com\/?p=3667","title":{"rendered":"Qu\u00e9 es la \u201cestanflaci\u00f3n\u201d que anticip\u00f3 Milei en su primer discurso como presidente de Argentina"},"content":{"rendered":"\n<p><strong>Tras asumir la presidencia de Argentina, Javier Milei -el primer economista que lidera el pa\u00eds- dio un discurso desde las escalinatas del Congreso en el que hizo un duro diagn\u00f3stico de la econom\u00eda local y advirti\u00f3 que realizar\u00e1 un dr\u00e1stico recorte del gasto p\u00fablico que generar\u00e1 \u201cestanflaci\u00f3n\u201d.<\/strong><\/p>\n\n\n\n<p>\u201cNo hay alternativa al ajuste y no hay alternativa al shock. Naturalmente, eso impactar\u00e1 de modo negativo sobre el nivel de actividad, el empleo, los salarios reales, la cantidad de pobres e indigentes\u201d, se\u00f1al\u00f3 durante su primer mensaje como jefe de Estado.<\/p>\n\n\n\n<p>\u201c<strong>Habr\u00e1 estanflaci\u00f3n<\/strong>, es cierto, pero no es algo muy distinto a lo que ha pasado en los \u00faltimos 12 a\u00f1os\u201d, afirm\u00f3.<\/p>\n\n\n\n<p>\u00bfQu\u00e9 es la estanflaci\u00f3n y por qu\u00e9 Argentina la viene padeciendo hace tanto, seg\u00fan Milei?<\/p>\n\n\n\n<p>Se trata de una palabra que combina&nbsp;<strong>inflaci\u00f3n alta con estancamiento<\/strong>&nbsp;<strong>econ\u00f3mico<\/strong>. Y suele provocar creciente desempleo.<\/p>\n\n\n\n<p>El t\u00e9rmino es una traducci\u00f3n del concepto ingl\u00e9s &#8220;stagflation&#8221;, que fue acu\u00f1ado en la d\u00e9cada de 1960 cuando el fen\u00f3meno impact\u00f3 a la econom\u00eda brit\u00e1nica.<\/p>\n\n\n\n<p>Es considerado por los especialistas como&nbsp;<strong>un desaf\u00edo dif\u00edcil de resolver<\/strong>&nbsp;dado que se encarece el costo de la vida y al mismo tiempo no hay crecimiento, por lo que sus efectos son devastadores.<\/p>\n\n\n\n<p>Por otra parte, las pol\u00edticas para salir del estancamiento suelen agudizar la inflaci\u00f3n.<\/p>\n\n\n\n<p>Es lo que advirti\u00f3 Milei, quien se\u00f1al\u00f3 ante sus militantes en la Plaza de Mayo que \u201c<strong>a corto plazo la situaci\u00f3n empeorar\u00e1<\/strong>\u201d.<\/p>\n\n\n\n<p>Sin embargo, el flamante mandatario asegur\u00f3 que su f\u00f3rmula para resolver el problema -un profundo ajuste- ser\u00e1 \u201c<strong>el \u00faltimo mal trago para comenzar la reconstrucci\u00f3n de Argentina<\/strong>\u201d.<\/p>\n\n\n\n<p>\u201cLuego veremos los frutos de nuestro esfuerzo, habiendo creado las bases de un crecimiento s\u00f3lido y sostenible en el tiempo\u201d, afirm\u00f3.<\/p>\n\n\n\n<p>El nuevo presidente tambi\u00e9n resalt\u00f3 que en realidad el pa\u00eds viene padeciendo una estanflaci\u00f3n desde 2011, ya que desde entonces el Producto Interno Bruto (PIB) per c\u00e1pita \u201cha ca\u00eddo 15% en un contexto donde acumulamos 5.000% de inflaci\u00f3n\u201d.<\/p>\n\n\n\n<p>\u201cPor lo tanto,\u00a0<strong>hace m\u00e1s de una d\u00e9cada que vivimos en estanflaci\u00f3n<\/strong>\u201d, explic\u00f3.<\/p>\n\n\n\n<h2 class=\"wp-block-heading\">\u201cUn ajuste ordenado\u201d<\/h2>\n\n\n\n<p>Durante su discurso, Milei enumer\u00f3 las dificultades econ\u00f3micas que recibe del gobierno saliente, encabezado por Alberto Fern\u00e1ndez y Cristina Fern\u00e1ndez de Kirchner, y que -a su entender- representan la peor herencia de la historia argentina.<\/p>\n\n\n\n<p>El mayor escollo, dijo, es el&nbsp;<strong>d\u00e9ficit fiscal y externo<\/strong>&nbsp;que equivalen a&nbsp;<strong>17 puntos de PIB<\/strong>.<\/p>\n\n\n\n<p>\u201cPor lo tanto, no existe soluci\u00f3n viable en la que se evite atacar al d\u00e9ficit fiscal\u201d, aclar\u00f3, antes de explicar que su plan es&nbsp;<strong>recortar 5 puntos del gasto p\u00fablico<\/strong>&nbsp;y frenar la emisi\u00f3n de dinero, \u201cla \u00fanica causa de la inflaci\u00f3n emp\u00edricamente cierta y v\u00e1lida en t\u00e9rminos te\u00f3ricos\u201d.<\/p>\n\n\n\n<p>Milei prometi\u00f3 que ser\u00e1 \u201c<strong>un ajuste ordenado<\/strong>&nbsp;y que caiga con toda su fuerza&nbsp;<strong>sobre el Estado y no sobre el sector privado<\/strong>\u201d.<\/p>\n\n\n\n<p>\u201cSabemos que ser\u00e1 duro\u201d, agreg\u00f3, citando una frase del expresidente Julio Argentino Roca.<\/p>\n\n\n\n<p>\u201cNada grande, nada estable y duradero se conquista en el mundo cuando se trata de la libertad de los hombres y del agradecimiento de los pueblos si no es a costa de\u00a0<strong>supremos esfuerzos y dolorosos sacrificios<\/strong>\u201d.<\/p>\n\n\n\n<h2 class=\"wp-block-heading\">Desempleo<\/h2>\n\n\n\n<p>Los cr\u00edticos de Milei advierten que sus pol\u00edticas afectar\u00e1n uno de los pocos \u00edndices \u201cpositivos\u201d que tiene Argentina: la&nbsp;<strong>tasa de desocupaci\u00f3n<\/strong>, que, seg\u00fan los datos m\u00e1s recientes (del segundo trimestre de 2023), es del&nbsp;<strong>6,2%<\/strong>, uno de los registros&nbsp;<strong>m\u00e1s bajos de su historia<\/strong>.<\/p>\n\n\n\n<p>Muchos temen que la estanflaci\u00f3n pronosticada por Milei aumente dr\u00e1sticamente esos niveles.<\/p>\n\n\n\n<p>A\u00fan est\u00e1 fresco el recuerdo de lo que fue la peor crisis de la historia Argentina, hace dos d\u00e9cadas, cuando el desempleo lleg\u00f3 a su registr\u00f3 m\u00e1ximo, del&nbsp;24,1%.<\/p>\n\n\n\n<p>Sin embargo, los partidarios del nuevo gobierno resaltan que la actual tasa de empleo esconde otra realidad: aunque hay empleo, los salarios son tan bajos que\u00a0<strong>un tercio de los trabajadores hoy son pobres<\/strong>, destacan, algo que nunca antes hab\u00eda ocurrido en este pa\u00eds.<\/p>\n\n\n\n<p><strong>Fuente: www.mdzol.com<\/strong><\/p>\n","protected":false},"excerpt":{"rendered":"<p>Tras asumir la presidencia de Argentina, Javier Milei -el primer economista que lidera el pa\u00eds- dio un discurso desde las escalinatas del Congreso en el que hizo un duro diagn\u00f3stico de la econom\u00eda local y advirti\u00f3 que realizar\u00e1 un dr\u00e1stico recorte del gasto p\u00fablico que generar\u00e1 \u201cestanflaci\u00f3n\u201d. \u201cNo hay alternativa al ajuste y no hay [&hellip;]<\/p>\n","protected":false},"author":2,"featured_media":3668,"comment_status":"open","ping_status":"open","sticky":false,"template":"","format":"standard","meta":[],"categories":[75],"tags":[],"_links":{"self":[{"href":"https:\/\/pasaenmendoza.com\/index.php?rest_route=\/wp\/v2\/posts\/3667"}],"collection":[{"href":"https:\/\/pasaenmendoza.com\/index.php?rest_route=\/wp\/v2\/posts"}],"about":[{"href":"https:\/\/pasaenmendoza.com\/index.php?rest_route=\/wp\/v2\/types\/post"}],"author":[{"embeddable":true,"href":"https:\/\/pasaenmendoza.com\/index.php?rest_route=\/wp\/v2\/users\/2"}],"replies":[{"embeddable":true,"href":"https:\/\/pasaenmendoza.com\/index.php?rest_route=%2Fwp%2Fv2%2Fcomments&post=3667"}],"version-history":[{"count":1,"href":"https:\/\/pasaenmendoza.com\/index.php?rest_route=\/wp\/v2\/posts\/3667\/revisions"}],"predecessor-version":[{"id":3669,"href":"https:\/\/pasaenmendoza.com\/index.php?rest_route=\/wp\/v2\/posts\/3667\/revisions\/3669"}],"wp:featuredmedia":[{"embeddable":true,"href":"https:\/\/pasaenmendoza.com\/index.php?rest_route=\/wp\/v2\/media\/3668"}],"wp:attachment":[{"href":"https:\/\/pasaenmendoza.com\/index.php?rest_route=%2Fwp%2Fv2%2Fmedia&parent=3667"}],"wp:term":[{"taxonomy":"category","embeddable":true,"href":"https:\/\/pasaenmendoza.com\/index.php?rest_route=%2Fwp%2Fv2%2Fcategories&post=3667"},{"taxonomy":"post_tag","embeddable":true,"href":"https:\/\/pasaenmendoza.com\/index.php?rest_route=%2Fwp%2Fv2%2Ftags&post=3667"}],"curies":[{"name":"wp","href":"https:\/\/api.w.org\/{rel}","templated":true}]}}