{"id":3675,"date":"2023-12-11T14:08:42","date_gmt":"2023-12-11T13:08:42","guid":{"rendered":"https:\/\/pasaenmendoza.com\/?p=3675"},"modified":"2023-12-11T14:08:43","modified_gmt":"2023-12-11T13:08:43","slug":"en-su-primer-dia-de-gestion-cornejo-busca-cubrir-los-cargos-vacantes-y-reestructurar-el-presupuesto","status":"publish","type":"post","link":"https:\/\/pasaenmendoza.com\/?p=3675","title":{"rendered":"En su primer d\u00eda de gesti\u00f3n, Cornejo busca cubrir los cargos vacantes y reestructurar el Presupuesto"},"content":{"rendered":"\n<p>El gobernador Alfredo Cornejo a\u00fan tiene muchos casilleros vac\u00edos para cubrir. Por ahora le dio continuidad a casi todas las segundas l\u00edneas de Suarez.<\/p>\n\n\n\n<p><strong>Alfredo Cornejo\u00a0<\/strong>tendr\u00e1 un primer d\u00eda de gobierno movido. Asumi\u00f3 el s\u00e1bado, viaj\u00f3 a Buenos Aires para la asunci\u00f3n de Javier Milei. Hoy &#8220;arranca&#8221; su nueva gesti\u00f3n formalmente y tiene como prioridad terminar de armar el equipo.\u00a0<\/p>\n\n\n\n<p>Entre hoy y el mi\u00e9rcoles los siete\u00a0ministros y dos responsables de entes deben armar el esquema de gesti\u00f3n. El propio\u00a0<strong>Alfredo<\/strong>\u00a0<strong>Cornejo<\/strong>\u00a0es quien pasa el tamiz y le da la \u00faltima aprobaci\u00f3n. Como se achic\u00f3 la cantidad de ministerios, hay m\u00e1s segundas l\u00edneas para cubrir y nuevas funciones.\u00a0<\/p>\n\n\n\n<p>A diferencia de lo que ocurri\u00f3 en 2015,\u00a0<strong>Cornejo<\/strong>\u00a0no generar\u00e1 un shock en el cambio de funcionarios. Y, de hecho, no le aceptaron la renuncia a nadie, salvo a los ministros. Entre los cargos clave que deber\u00edan mencionar en las pr\u00f3ximas horas est\u00e1n el Jefe de Polic\u00eda, pues la cuesti\u00f3n operativa sigue bajo el mando de Marcelo Calipo, al igual que el resto de los cargos funcionales de Seguridad.\u00a0<\/p>\n\n\n\n<p>El Ministerio de Educaci\u00f3n, Cultura, Infancias y DGE debe cubrir cuatro subsecretar\u00edas: Cultura; la Subsecretar\u00eda de Infancia, Ni\u00f1ez y Adolescencia; la Subsecretar\u00eda de Infraestructura Escolar y la Subsecretar\u00eda de Educaci\u00f3n. El otro mega ministerio que espera definiciones es el de Gobierno, Obras y Desarrollo Territorial. La \u00fanica confirmada es Marit\u00e9 Badu\u00ed en infraestructura. Pero hay otras 5 subsecretar\u00edas a cubrir:\u00a0\u00a0Modernizaci\u00f3n, Trabajo, Legal y T\u00e9cnica, Transporte y Relaciones Institucionales. Natalio Mema, el ministros, adem\u00e1s debe nombrar a los responsables del IPV, Vialidad Provincial y Aysam.<\/p>\n\n\n\n<p>Rodolfo Montero tiene, ministro de Salud, tiene a su principal colaboradora:\u00a0Carina Copparoni\u00a0 ser\u00e1 la subsecretaria de Salud de la provincia. Pero a\u00fan debe nombrar a otras segundas l\u00edneas. En el Ministerio de Energ\u00eda y Ambiente, a cargo de Jimena Latorre, hay muchos casilleros vac\u00edos y aun m\u00e1s postulantes.\u00a0Las \u00e1reas de petr\u00f3leo, miner\u00eda, la desmembrada Secretar\u00eda de Ambiente, a\u00fan no tienen responsable en el nuevo gobierno. En el caso de Ambiente, por ejemplo, s\u00ed le aceptaron la renuncia a Humberto Mingorance, pero no a algunos de los funcionarios clave.<\/p>\n\n\n\n<p>Renuncias y continuidades<\/p>\n\n\n\n<p>Los primeros decretos que firm\u00f3&nbsp;<strong>Cornejo<\/strong>&nbsp;son los que oficializan las designaciones de sus ministros. Desde el Decreto&nbsp;3062, al 3069,&nbsp;<strong>Cornejo<\/strong>&nbsp;nombra a los 7 ministros y, como plus, tambi\u00e9n designa en comisi\u00f3n al titular de la DGE, Tadeo Garc\u00eda Zalazar, hasta que el Senado apruebe su pliego.&nbsp;<\/p>\n\n\n\n<p>La otra clave de los primeros d\u00edas de&nbsp;<strong>Cornejo<\/strong>&nbsp;es la reestructuraci\u00f3n del Presupuesto. Es que la pauta de gastos ya aprobada para el 2024 est\u00e1 organizada con el esquema de ministerios anterior, es decir la organizaci\u00f3n que ten\u00eda Rodolfo Suarez. Y, adem\u00e1s, contaba con los recursos que no llegar\u00e1n por los cambios en Ganancias. En ese esquema trabajar\u00e1 todo el gabinete.&nbsp;<\/p>\n\n\n\n<p>En la DGE hicieron oficial el calendario escolar, pero esta semana adem\u00e1s podr\u00edan anunciar el plan de obras para el verano, uno de los primeros pasos de la nueva gesti\u00f3n educativa.\u00a0<\/p>\n\n\n\n<p>FUENTE: Mdzonline.<\/p>\n","protected":false},"excerpt":{"rendered":"<p>El gobernador Alfredo Cornejo a\u00fan tiene muchos casilleros vac\u00edos para cubrir. Por ahora le dio continuidad a casi todas las segundas l\u00edneas de Suarez. Alfredo Cornejo\u00a0tendr\u00e1 un primer d\u00eda de gobierno movido. Asumi\u00f3 el s\u00e1bado, viaj\u00f3 a Buenos Aires para la asunci\u00f3n de Javier Milei. Hoy &#8220;arranca&#8221; su nueva gesti\u00f3n formalmente y tiene como prioridad [&hellip;]<\/p>\n","protected":false},"author":2,"featured_media":3676,"comment_status":"open","ping_status":"open","sticky":true,"template":"","format":"standard","meta":[],"categories":[47],"tags":[],"_links":{"self":[{"href":"https:\/\/pasaenmendoza.com\/index.php?rest_route=\/wp\/v2\/posts\/3675"}],"collection":[{"href":"https:\/\/pasaenmendoza.com\/index.php?rest_route=\/wp\/v2\/posts"}],"about":[{"href":"https:\/\/pasaenmendoza.com\/index.php?rest_route=\/wp\/v2\/types\/post"}],"author":[{"embeddable":true,"href":"https:\/\/pasaenmendoza.com\/index.php?rest_route=\/wp\/v2\/users\/2"}],"replies":[{"embeddable":true,"href":"https:\/\/pasaenmendoza.com\/index.php?rest_route=%2Fwp%2Fv2%2Fcomments&post=3675"}],"version-history":[{"count":1,"href":"https:\/\/pasaenmendoza.com\/index.php?rest_route=\/wp\/v2\/posts\/3675\/revisions"}],"predecessor-version":[{"id":3677,"href":"https:\/\/pasaenmendoza.com\/index.php?rest_route=\/wp\/v2\/posts\/3675\/revisions\/3677"}],"wp:featuredmedia":[{"embeddable":true,"href":"https:\/\/pasaenmendoza.com\/index.php?rest_route=\/wp\/v2\/media\/3676"}],"wp:attachment":[{"href":"https:\/\/pasaenmendoza.com\/index.php?rest_route=%2Fwp%2Fv2%2Fmedia&parent=3675"}],"wp:term":[{"taxonomy":"category","embeddable":true,"href":"https:\/\/pasaenmendoza.com\/index.php?rest_route=%2Fwp%2Fv2%2Fcategories&post=3675"},{"taxonomy":"post_tag","embeddable":true,"href":"https:\/\/pasaenmendoza.com\/index.php?rest_route=%2Fwp%2Fv2%2Ftags&post=3675"}],"curies":[{"name":"wp","href":"https:\/\/api.w.org\/{rel}","templated":true}]}}