{"id":3680,"date":"2023-12-11T14:27:43","date_gmt":"2023-12-11T13:27:43","guid":{"rendered":"https:\/\/pasaenmendoza.com\/?p=3680"},"modified":"2023-12-11T14:27:44","modified_gmt":"2023-12-11T13:27:44","slug":"nuevo-escandalo-en-las-heras-por-sospechas-de-firmas-falsificadas-y-nepotismo","status":"publish","type":"post","link":"https:\/\/pasaenmendoza.com\/?p=3680","title":{"rendered":"Nuevo esc\u00e1ndalo en Las Heras por sospechas de firmas falsificadas y nepotismo"},"content":{"rendered":"\n<p>Un decreto autorizaba el pase a planta de familiares de cuatro concejales. Pero la medida fue desconocida por el intendente Daniel Orozco, quien rubric\u00f3 otra norma dando marcha atr\u00e1s. Uno de los ediles reconoci\u00f3 el error.<\/p>\n\n\n\n<p>Dos decretos consecutivos,&nbsp;<strong>dos firmas del intendente Daniel Orozco -una de ellas presuntamente falsificada-<\/strong>&nbsp;y 72 empleados que hab\u00edan sido trasladados en \u201c<em>comisi\u00f3n extraordinaria<\/em>\u201d para trabajar en el Concejo Deliberante de&nbsp;<strong>Las Heras<\/strong>, pero que inmediatamente perdieron ese beneficio.<\/p>\n\n\n\n<p>Esos ingredientes, m\u00e1s una pizca importante de nepotismo -algunos de los involucrados son familiares de actuales ediles-, configuran el nuevo esc\u00e1ndalo pol\u00edtico que sacude a Las Heras en la previa de la jura del intendente electo,\u00a0<strong>Francisco Lo Presti<\/strong>\u00a0(Cambia Mendoza), que se llevar\u00e1 a cabo este lunes con la presencia confirmada del gobernador\u00a0<strong>Alfredo Cornejo<\/strong>.<\/p>\n\n\n\n<p>Desde el entorno de Orozco aseguran que el jefe comunal que se retira de la gesti\u00f3n rodeado de pol\u00e9micas y denuncias judiciales (est\u00e1 imputado en la causa de la \u201ccooperativa fantasma\u201d) est\u00e1 \u201c<em>destruido<\/em>\u201d por lo que considera fue una \u201c<em>traici\u00f3n<\/em>\u201d de cuatro concejales\u00a0<strong>La Uni\u00f3n Mendocina<\/strong>\u00a0(LaUM), a quienes acusa de impulsar el decreto 3081, que determin\u00f3 el pase transitorio de agentes estatales al Concejo Deliberante.<\/p>\n\n\n\n<p><em>\u201cEs nepotismo\u201d<\/em>, sostuvieron, advirtiendo que varios de los empleados trasladados son familiares de los ediles\u00a0<mark>Viviana Riquelme, Priscila Maturano (cercana a la secretaria de Gobierno Janina Ort\u00edz), Miguel Ju\u00e1rez (presidente del Concejo tras la renuncia de Mart\u00edn Bustos) y Alberto Guajardo<\/mark>.<\/p>\n\n\n\n<p>De acuerdo con la versi\u00f3n de sus allegados, el excandidato a vicegobernador de LaUM nunca rubric\u00f3 ese decreto fechado el pasado jueves 7 de diciembre. En tal sentido, sostuvieron que se trata de una firma digital que fue incorporada en el documento de manera ilegal, sin autorizaci\u00f3n del jefe comunal. Por tal motivo,&nbsp;<strong>analizan presentar una denuncia judicial.<\/strong><\/p>\n\n\n\n<p><em>\u201cLo considera una traici\u00f3n por parte de los suyos, est\u00e1 destruido. \u00c9l no firm\u00f3 el primer decreto, pusieron su firma digital, y no se puede desconocer. Apenas se enter\u00f3, sali\u00f3 el otro decreto, derogando el anterior\u201d<\/em>, explicaron desde su entorno.<\/p>\n\n\n\n<p>El art\u00edculo 1 del decreto 3081 se\u00f1ala: \u201cA<em>f\u00e9ctese a los agentes que se detallan en los anexos 1 y 2 para cumplir funciones en el Honorable Consejo Deliberante bajo la modalidad de Comisi\u00f3n Extraordinaria desde el 11\/12\/2023 hasta el 11\/12\/2024<\/em>\u201c. Es decir, a partir de este lunes. Adem\u00e1s, establec\u00eda una jornada de trabajo semanal de 30 horas.<\/p>\n\n\n\n<p>En este anexo se detallaba a las 72 personas incluidas en este traslado, entre las cuales habr\u00eda familiares directos y pol\u00edticos de\u00a0<mark>Riquelme, Maturano, Ju\u00e1rez y Guajardo, todos pertenecientes a LaUM<\/mark>, indicaron fuentes del orozquismo.<\/p>\n\n\n\n<p>Las mismas voces destacaron que, apenas tom\u00f3 conocimiento del traslado, Orozco emiti\u00f3 otro decreto que dej\u00f3 sin efecto el anterior, argumentando que\u00a0<em>\u201cla fecha en la que estos agentes comienzan a prestar servicios \u2026concuerda con el comienzo del mandato de las nuevas autoridades elegidas democr\u00e1ticamente\u201d.<\/em><\/p>\n\n\n\n<p>La nueva norma legal, tambi\u00e9n rubricada el 7 de diciembre (pero en este caso de pu\u00f1o y letra, evitando la firma digital), agreg\u00f3 que<em>\u00a0\u201ca fines de facilitar y mejorar la gesti\u00f3n municipal, es que dicha decisi\u00f3n debe ser tomada por las autoridades electas\u201d.<\/em><\/p>\n\n\n\n<h2 class=\"wp-block-heading\" id=\"h-uno-de-los-ediles-reconocio-el-error\">Uno de los ediles reconoci\u00f3 el error<\/h2>\n\n\n\n<p>Uno de los concejales involucrados,&nbsp;<strong>Alberto Guajardo<\/strong>, expres\u00f3 que el decreto 3081 -dejado sin efecto por Orozco- era una ratificaci\u00f3n de pases a planta realizados con anterioridad y que es algo que ocurre con habitualidad.<\/p>\n\n\n\n<p>De todos modos, Guajardo admiti\u00f3 que fue un error hacerlo antes que llegara el nuevo gobierno.<\/p>\n\n\n\n<p><em>\u201cNo se est\u00e1 pasando a planta permanente a nadie, es gente que ya est\u00e1 trabajando en el municipio desde hace mucho. Es s\u00f3lo una ratificaci\u00f3n que se hace de forma habitual\u201d<\/em>, se defendi\u00f3 el edil.&nbsp;<em>\u201cPero admito que fue un error que haya salido antes que asuma el nuevo intendente, ya que \u00e9l es el que debe definir porque la gente lo eligi\u00f3. Incluso, le suger\u00ed al intendente que derogara la norma<\/em>\u201c, reconoci\u00f3.<\/p>\n\n\n\n<h2 class=\"wp-block-heading\">Otras pol\u00e9micas<\/h2>\n\n\n\n<p>Esta no es la primera ocaci\u00f3n en los \u00faltimos d\u00edas en las que el Concejo Deliberante de Las Heras se ve envuelto en una pol\u00e9mica, ya que a principios de noviembre, en plena discusi\u00f3n del presupuesto comunal, se conoci\u00f3 que exist\u00eda una partida millonaria para la construcci\u00f3n de un nuevo edificio para el \u00f3rgano, como la adquisici\u00f3n de veh\u00edculos para cada uno de los ediles.<\/p>\n\n\n\n<p>La partida presupuestaria total que se hab\u00eda pensado para el el 2024 era de 2.800 millones de pesos. De los cuales, 1.950 millones ser\u00e1 solamente para la construcci\u00f3n edilicia del Concejo Deliberante. Entre los otros fondos proyectados figuran 30 millones para medios de transportes y 20 millones de pesos para la compra de muebles.<\/p>\n\n\n\n<p>En aquel entonces, desde Cambia Mendoza hab\u00edan apuntado a Ju\u00e1rez y Riquelme como los impulsores de esta medida.<\/p>\n\n\n\n<p>FUENTE: elsol.com.ar<\/p>\n","protected":false},"excerpt":{"rendered":"<p>Un decreto autorizaba el pase a planta de familiares de cuatro concejales. Pero la medida fue desconocida por el intendente Daniel Orozco, quien rubric\u00f3 otra norma dando marcha atr\u00e1s. Uno de los ediles reconoci\u00f3 el error. Dos decretos consecutivos,&nbsp;dos firmas del intendente Daniel Orozco -una de ellas presuntamente falsificada-&nbsp;y 72 empleados que hab\u00edan sido trasladados [&hellip;]<\/p>\n","protected":false},"author":2,"featured_media":3681,"comment_status":"open","ping_status":"open","sticky":true,"template":"","format":"standard","meta":[],"categories":[47],"tags":[],"_links":{"self":[{"href":"https:\/\/pasaenmendoza.com\/index.php?rest_route=\/wp\/v2\/posts\/3680"}],"collection":[{"href":"https:\/\/pasaenmendoza.com\/index.php?rest_route=\/wp\/v2\/posts"}],"about":[{"href":"https:\/\/pasaenmendoza.com\/index.php?rest_route=\/wp\/v2\/types\/post"}],"author":[{"embeddable":true,"href":"https:\/\/pasaenmendoza.com\/index.php?rest_route=\/wp\/v2\/users\/2"}],"replies":[{"embeddable":true,"href":"https:\/\/pasaenmendoza.com\/index.php?rest_route=%2Fwp%2Fv2%2Fcomments&post=3680"}],"version-history":[{"count":1,"href":"https:\/\/pasaenmendoza.com\/index.php?rest_route=\/wp\/v2\/posts\/3680\/revisions"}],"predecessor-version":[{"id":3682,"href":"https:\/\/pasaenmendoza.com\/index.php?rest_route=\/wp\/v2\/posts\/3680\/revisions\/3682"}],"wp:featuredmedia":[{"embeddable":true,"href":"https:\/\/pasaenmendoza.com\/index.php?rest_route=\/wp\/v2\/media\/3681"}],"wp:attachment":[{"href":"https:\/\/pasaenmendoza.com\/index.php?rest_route=%2Fwp%2Fv2%2Fmedia&parent=3680"}],"wp:term":[{"taxonomy":"category","embeddable":true,"href":"https:\/\/pasaenmendoza.com\/index.php?rest_route=%2Fwp%2Fv2%2Fcategories&post=3680"},{"taxonomy":"post_tag","embeddable":true,"href":"https:\/\/pasaenmendoza.com\/index.php?rest_route=%2Fwp%2Fv2%2Ftags&post=3680"}],"curies":[{"name":"wp","href":"https:\/\/api.w.org\/{rel}","templated":true}]}}