{"id":3683,"date":"2023-12-11T14:32:11","date_gmt":"2023-12-11T13:32:11","guid":{"rendered":"https:\/\/pasaenmendoza.com\/?p=3683"},"modified":"2023-12-11T14:32:12","modified_gmt":"2023-12-11T13:32:12","slug":"hebe-casado-los-funcionarios-tienen-que-recorrer-la-provincia","status":"publish","type":"post","link":"https:\/\/pasaenmendoza.com\/?p=3683","title":{"rendered":"Hebe Casado: &#8220;Los funcionarios tienen que recorrer la provincia&#8221;"},"content":{"rendered":"\n<p>La flamante vicegobernadora\u00a0Hebe Casado\u00a0convers\u00f3 en el programa &#8220;Ten\u00e9s que saberlo&#8221; que se emite de 7 a 10 por Radio Jornada FM 91.9 que conduce Gabriel Conte junto a Laura Prudencio.<\/p>\n\n\n\n<p>All\u00ed destac\u00f3 que los funcionarios del Gobierno provincial tienen que recorrer la provincia: &#8220;Todo no pasa solamente en la cuadra que rodea la Casa de Gobierno o en los departamentos del Gran Mendoza donde es f\u00e1cil. Los funcionarios tienen que bajar a cada uno de los departamentos y durante todo el a\u00f1o&#8221;. Y agreg\u00f3 que su funci\u00f3n va a ser &#8220;machacarles la cabeza para que vayan, controle y vean\u00a0ya que las dependencias de la provincia por ah\u00ed no funcionan igual en el Norte que en el Sur&#8221;.<\/p>\n\n\n\n<p>Casado defendi\u00f3 la gesti\u00f3n del gobernador\u00a0Alfredo Cornejo\u00a0al indicar que &#8220;trabaja 24 horas todos los d\u00edas a la semana y sus funcionarios tambi\u00e9n lo hacen as\u00ed y yo soy igual. As\u00ed que creo que va a ser una gesti\u00f3n donde se va a ver el trabajo del gobernador y de los funcionarios&#8221;.<\/p>\n\n\n\n<p>En cuanto a su funci\u00f3n en la C\u00e1mara de Senadores, manifest\u00f3 que\u00a0 va a tratar de lograr consensos para no tener que estar utilizando de forma permanente el voto de desempate, tarea que tendr\u00e1 que aplicar ella en el caso de ser necesario.<\/p>\n\n\n\n<p>&#8220;Voy a permanecer parte de la semana en el Sur provincial en las diferentes dependencias que tiene la provincia. Creo que esa va a ser la impronta fundamental&#8221;, agreg\u00f3.\u00a0<\/p>\n\n\n\n<p>FUENTE: Mendozapost.<\/p>\n","protected":false},"excerpt":{"rendered":"<p>La flamante vicegobernadora\u00a0Hebe Casado\u00a0convers\u00f3 en el programa &#8220;Ten\u00e9s que saberlo&#8221; que se emite de 7 a 10 por Radio Jornada FM 91.9 que conduce Gabriel Conte junto a Laura Prudencio. All\u00ed destac\u00f3 que los funcionarios del Gobierno provincial tienen que recorrer la provincia: &#8220;Todo no pasa solamente en la cuadra que rodea la Casa de [&hellip;]<\/p>\n","protected":false},"author":2,"featured_media":3684,"comment_status":"open","ping_status":"open","sticky":true,"template":"","format":"standard","meta":[],"categories":[47],"tags":[],"_links":{"self":[{"href":"https:\/\/pasaenmendoza.com\/index.php?rest_route=\/wp\/v2\/posts\/3683"}],"collection":[{"href":"https:\/\/pasaenmendoza.com\/index.php?rest_route=\/wp\/v2\/posts"}],"about":[{"href":"https:\/\/pasaenmendoza.com\/index.php?rest_route=\/wp\/v2\/types\/post"}],"author":[{"embeddable":true,"href":"https:\/\/pasaenmendoza.com\/index.php?rest_route=\/wp\/v2\/users\/2"}],"replies":[{"embeddable":true,"href":"https:\/\/pasaenmendoza.com\/index.php?rest_route=%2Fwp%2Fv2%2Fcomments&post=3683"}],"version-history":[{"count":1,"href":"https:\/\/pasaenmendoza.com\/index.php?rest_route=\/wp\/v2\/posts\/3683\/revisions"}],"predecessor-version":[{"id":3685,"href":"https:\/\/pasaenmendoza.com\/index.php?rest_route=\/wp\/v2\/posts\/3683\/revisions\/3685"}],"wp:featuredmedia":[{"embeddable":true,"href":"https:\/\/pasaenmendoza.com\/index.php?rest_route=\/wp\/v2\/media\/3684"}],"wp:attachment":[{"href":"https:\/\/pasaenmendoza.com\/index.php?rest_route=%2Fwp%2Fv2%2Fmedia&parent=3683"}],"wp:term":[{"taxonomy":"category","embeddable":true,"href":"https:\/\/pasaenmendoza.com\/index.php?rest_route=%2Fwp%2Fv2%2Fcategories&post=3683"},{"taxonomy":"post_tag","embeddable":true,"href":"https:\/\/pasaenmendoza.com\/index.php?rest_route=%2Fwp%2Fv2%2Ftags&post=3683"}],"curies":[{"name":"wp","href":"https:\/\/api.w.org\/{rel}","templated":true}]}}