{"id":3686,"date":"2023-12-11T14:46:42","date_gmt":"2023-12-11T13:46:42","guid":{"rendered":"https:\/\/pasaenmendoza.com\/?p=3686"},"modified":"2023-12-11T14:46:42","modified_gmt":"2023-12-11T13:46:42","slug":"cornejo-advirtio-que-se-viene-un-panorama-dificil-podemos-tener-inflacion-super-alta-en-meses","status":"publish","type":"post","link":"https:\/\/pasaenmendoza.com\/?p=3686","title":{"rendered":"Cornejo advirti\u00f3 que se viene un panorama dif\u00edcil: &#8220;Podemos tener inflaci\u00f3n s\u00faper alta en meses&#8221;"},"content":{"rendered":"\n<p>Aclar\u00f3 que coincide con el diagn\u00f3stico econ\u00f3mico de Milei y afirm\u00f3 que la crisis puede repercutir en sectores como la salud p\u00fablica. Anunci\u00f3 que le pedir\u00e1n al Presidente cambios en la coparticipaci\u00f3n<\/p>\n\n\n\n<p><strong>Alfredo Cornejo<\/strong>\u00a0sali\u00f3 a decir este lunes que se viene un panorama dif\u00edcil para los mendocinos.\u00a0A dos d\u00edas de haber asumido, advirti\u00f3 que Argentina va camino a una\u00a0<strong>inflaci\u00f3n\u00a0<\/strong>mucho m\u00e1s\u00a0<strong>alta\u00a0<\/strong>en pocos meses, pero que existe el mandato social de frenarla r\u00e1pido. Anunci\u00f3 que comparte el diagn\u00f3stico de Javier Milei y cont\u00f3 que ya tiene un plan de obras para los fondos que estaban destinados a Portezuelo.<\/p>\n\n\n\n<p><strong>&#8220;Yo les recomendar\u00eda a todos en la provincia que sean moderados en su planificaci\u00f3n de gastos<\/strong>, porque la incertidumbre es grande. Hay precios reprimidos que seguramente se van a disparar. Sin embargo, tenemos todav\u00eda un margen fino por el cual<strong>\u00a0seguir recortando en Mendoza&#8221;<\/strong>, dijo el mandatario este lunes en<strong>\u00a0&#8220;Primeras Voces&#8221;, por Radio Nihuil.<\/strong><\/p>\n\n\n\n<p>Esas palabras engloban toda su mirada para los pr\u00f3ximos a\u00f1os: el mandatario prev\u00e9&nbsp;<strong>austeridad, porque el panorama es excesivamente oscuro&nbsp;<\/strong>y, como se sabe, no es claro cu\u00e1ntos recursos puedan llegar desde la Naci\u00f3n.<\/p>\n\n\n\n<p>Entre otros aspectos, Cornejo asegur\u00f3 que&nbsp;<strong>la salud p\u00fablica es uno de los rubros que m\u00e1s pueden complicarse, y puso ejemplos&nbsp;<\/strong>de c\u00f3mo podr\u00edan impactar a los mendocinos esas \u00e9pocas de vacas flacas que ya llegaron.<\/p>\n\n\n\n<p><strong>&#8220;Las obras sociales provinciales lo van a sufrir.<\/strong>\u00a0Los hospitales tambi\u00e9n se van a ver complicados. Esto ser\u00e1 por muchos motivos, entre los que est\u00e1 el incremento de todos los insumos necesarios para brindar servicios. Todo tendr\u00e1 aumentos, por eso digo que\u00a0<strong>habr\u00e1 que mirar el n\u00famero fino todo el tiempo.\u00a0<\/strong>Como en las familias, asumimos el desaf\u00edo de mirar esos n\u00fameros, pero con la\u00a0<strong>esperanza de estar mejor\u00a0<\/strong>en alg\u00fan futuro&#8221;, matiz\u00f3.<\/p>\n\n\n\n<p>Respecto al&nbsp;<strong>presidente Javier Milei, quien tom\u00f3 control de la administraci\u00f3n Argentina horas atr\u00e1s<\/strong>, afirm\u00f3 que coincide en su&nbsp;<strong>diagn\u00f3stico&nbsp;<\/strong>y que la econom\u00eda nacional es desastrosa.<\/p>\n\n\n\n<p><strong>&#8220;Es bueno que haya dicho la verdad.<\/strong>\u00a0Los datos que dio, en general, son verificables. La inflaci\u00f3n es una proyecci\u00f3n, s\u00ed, pero no me extra\u00f1ar\u00eda que en cuatro meses tengamos\u00a0<strong>un proceso inflacionario s\u00faper alto<\/strong>, como marcaba antes y como \u00e9l mismo ha dicho. A menos que tomemos medidas.\u00a0<strong>S\u00f3lo as\u00ed lo podemos frenar<\/strong>&#8220;, advirti\u00f3 en su primer d\u00eda h\u00e1bil de gesti\u00f3n.<\/p>\n\n\n\n<h2 class=\"wp-block-heading\">El primer pedido a Milei ser\u00e1 coparticipar el Impuesto al Cheque<\/h2>\n\n\n\n<p><strong>Cornejo afirm\u00f3 que el primer pedido a Javier Milei ser\u00e1 coparticipar el Impuesto al Cheque.&nbsp;<\/strong>Que se cobre de la misma manera y que no se agregue ning\u00fan tributo nuevo, pero que el resultado de esa recaudaci\u00f3n sea enviado a las provincias como resarcimiento o como&nbsp;<strong>&#8220;cobertor&#8221; por los otros recursos que ya dejaron de recibir por parte de la Naci\u00f3n.<\/strong><\/p>\n\n\n\n<p><strong>&#8220;La peor de las demagogias la cometi\u00f3 el \u00faltimo gobierno<\/strong>. Fue haber eliminado\u00a0<strong>Ganancias\u00a0<\/strong>y el IVA. Eso puso a zozobrar a todas las provincias; incluidas las que est\u00e1n bien administradas. Por eso los gobernadores firmar\u00e1n una nota para que el impuesto al cheque sea coparticipable. Con eso\u00a0<strong>podr\u00edan compensar la quita&#8221;<\/strong>, cont\u00f3 el radical<\/p>\n\n\n\n<h2 class=\"wp-block-heading\"><strong>En busca de di\u00e1logo<\/strong><\/h2>\n\n\n\n<p><strong>El dato ven\u00eda rondando en los \u00faltimos d\u00edas.<\/strong>&nbsp;Hubo conversaciones entre los mandatarios y ya hay decisi\u00f3n de elegir &#8220;voceros&#8221; para&nbsp;<strong>dialogar directamente con Javier Milei<\/strong>&nbsp;o los representantes del Ejecutivo. La Liga de Gobernadores de JxC no estar\u00eda sola, sino que&nbsp;<strong>se sumar\u00edan l\u00edderes&nbsp;<\/strong>provinciales de otros signos pol\u00edticos.<\/p>\n\n\n\n<p>&#8220;Estamos hablando<strong>&nbsp;y est\u00e1n de acuerdo incluso los que apoyaron la salvajada de eliminar Ganancias.<\/strong>&nbsp;Esto, insisto, no es crear un nuevo impuesto, sino distribuir la coparticipaci\u00f3n primaria del que ya existe.&nbsp;<strong>Se le va a llevar una nota al presidente Milei<\/strong>. No s\u00f3lo compensar\u00e1 lo que perdimos por aquellos impuestos, sino por la&nbsp;<strong>disparada de precios que va a haber&#8221;,<\/strong>&nbsp;ratific\u00f3.<\/p>\n\n\n\n<p>Aunque\u00a0<strong>no hay definiciones respecto a cu\u00e1nto dinero\u00a0<\/strong>puede entrar en las arcas provinciales por esto, es claro que, ante la p\u00e9rdida de casi\u00a0<strong>82 mil millones\u00a0<\/strong>de pesos -eso es lo que tiene medido Hacienda que dejar\u00e1 de recibirse-, cualquier aporte que venga desde la recaudaci\u00f3n nacional puede ser clave. Todo se enmarca en el contexto de recortes a nivel estatal sobre el que el propio\u00a0<strong>Milei viene advirtiendo\u00a0<\/strong>hace a\u00f1os.<\/p>\n\n\n\n<p>FUENTE: Diariouno.com.ar<\/p>\n","protected":false},"excerpt":{"rendered":"<p>Aclar\u00f3 que coincide con el diagn\u00f3stico econ\u00f3mico de Milei y afirm\u00f3 que la crisis puede repercutir en sectores como la salud p\u00fablica. Anunci\u00f3 que le pedir\u00e1n al Presidente cambios en la coparticipaci\u00f3n Alfredo Cornejo\u00a0sali\u00f3 a decir este lunes que se viene un panorama dif\u00edcil para los mendocinos.\u00a0A dos d\u00edas de haber asumido, advirti\u00f3 que Argentina [&hellip;]<\/p>\n","protected":false},"author":2,"featured_media":3687,"comment_status":"open","ping_status":"open","sticky":true,"template":"","format":"standard","meta":[],"categories":[47],"tags":[],"_links":{"self":[{"href":"https:\/\/pasaenmendoza.com\/index.php?rest_route=\/wp\/v2\/posts\/3686"}],"collection":[{"href":"https:\/\/pasaenmendoza.com\/index.php?rest_route=\/wp\/v2\/posts"}],"about":[{"href":"https:\/\/pasaenmendoza.com\/index.php?rest_route=\/wp\/v2\/types\/post"}],"author":[{"embeddable":true,"href":"https:\/\/pasaenmendoza.com\/index.php?rest_route=\/wp\/v2\/users\/2"}],"replies":[{"embeddable":true,"href":"https:\/\/pasaenmendoza.com\/index.php?rest_route=%2Fwp%2Fv2%2Fcomments&post=3686"}],"version-history":[{"count":1,"href":"https:\/\/pasaenmendoza.com\/index.php?rest_route=\/wp\/v2\/posts\/3686\/revisions"}],"predecessor-version":[{"id":3688,"href":"https:\/\/pasaenmendoza.com\/index.php?rest_route=\/wp\/v2\/posts\/3686\/revisions\/3688"}],"wp:featuredmedia":[{"embeddable":true,"href":"https:\/\/pasaenmendoza.com\/index.php?rest_route=\/wp\/v2\/media\/3687"}],"wp:attachment":[{"href":"https:\/\/pasaenmendoza.com\/index.php?rest_route=%2Fwp%2Fv2%2Fmedia&parent=3686"}],"wp:term":[{"taxonomy":"category","embeddable":true,"href":"https:\/\/pasaenmendoza.com\/index.php?rest_route=%2Fwp%2Fv2%2Fcategories&post=3686"},{"taxonomy":"post_tag","embeddable":true,"href":"https:\/\/pasaenmendoza.com\/index.php?rest_route=%2Fwp%2Fv2%2Ftags&post=3686"}],"curies":[{"name":"wp","href":"https:\/\/api.w.org\/{rel}","templated":true}]}}