{"id":3693,"date":"2023-12-11T15:57:01","date_gmt":"2023-12-11T14:57:01","guid":{"rendered":"https:\/\/pasaenmendoza.com\/?p=3693"},"modified":"2023-12-11T15:57:01","modified_gmt":"2023-12-11T14:57:01","slug":"el-banco-central-limita-al-minimo-las-operaciones-con-dolar-mayorista-durante-este-lunes","status":"publish","type":"post","link":"https:\/\/pasaenmendoza.com\/?p=3693","title":{"rendered":"El Banco Central limita al m\u00ednimo las operaciones con d\u00f3lar mayorista durante este lunes"},"content":{"rendered":"\n<p><strong>El Banco Central (BCRA)<\/strong>&nbsp;decidi\u00f3 este lunes aplicar &#8220;la&nbsp;<strong>regla de conformidad previa a todas las operaciones de demanda<\/strong>&nbsp;que se cursan a trav\u00e9s del mercado de cambio&#8221;.<\/p>\n\n\n\n<p>&#8220;La medida fue dispuesta en funci\u00f3n de dar tiempo a la gesti\u00f3n del Poder Ejecutivo de cumplir con los tr\u00e1mites administrativos para la conformaci\u00f3n de las nuevas autoridades y anunciar e implementar las pol\u00edticas que llevar\u00e1n adelante&#8221;, indic\u00f3 la autoridad monetaria en un comunicado.<\/p>\n\n\n\n<p>As\u00ed subray\u00f3 que &#8220;durante la transici\u00f3n,\u00a0<strong>las operaciones de cambio ser\u00e1n analizadas y cursadas en funci\u00f3n de las prioridades<\/strong>&#8220;.<\/p>\n\n\n\n<p>La medida implica que los exportadores pueden liquidar operaciones pero la compra de divisas para cancelar importaciones se necesitar\u00e1 la aprobaci\u00f3n del directorio del BCRA.<\/p>\n\n\n\n<p>Seg\u00fan anticip\u00f3 esta ma\u00f1ana el Gobierno, reci\u00e9n este martes el ministro de Econom\u00eda, Luis Caputo, dar\u00e1 a conocer las primeras medidas econ\u00f3micas de la administraci\u00f3n de Javier Milei.<\/p>\n\n\n\n<p>El tipo de cambio oficial mayorista cerr\u00f3 el jueves \u00faltimo a $364,41 y se estima que ese precio podr\u00eda mantenerse por este lunes.<\/p>\n\n\n\n<p>El mercado descuenta que el d\u00f3lar oficial sufrir\u00e1 una brusca suba, en l\u00ednea con la pol\u00edtica de &#8220;shock&#8221; que quiere aplicar el Poder Ejecutivo.<\/p>\n\n\n\n<p>Durante la semana pasada, el ministro del Interior, Guillermo Francos, estim\u00f3 que la cotizaci\u00f3n oficial se ubicar\u00eda en torno a los $650.<\/p>\n\n\n\n<p><strong>Fuente: www.diariouno.com.ar<\/strong><\/p>\n","protected":false},"excerpt":{"rendered":"<p>El Banco Central (BCRA)&nbsp;decidi\u00f3 este lunes aplicar &#8220;la&nbsp;regla de conformidad previa a todas las operaciones de demanda&nbsp;que se cursan a trav\u00e9s del mercado de cambio&#8221;. &#8220;La medida fue dispuesta en funci\u00f3n de dar tiempo a la gesti\u00f3n del Poder Ejecutivo de cumplir con los tr\u00e1mites administrativos para la conformaci\u00f3n de las nuevas autoridades y anunciar [&hellip;]<\/p>\n","protected":false},"author":2,"featured_media":3695,"comment_status":"open","ping_status":"open","sticky":false,"template":"","format":"standard","meta":[],"categories":[75],"tags":[],"_links":{"self":[{"href":"https:\/\/pasaenmendoza.com\/index.php?rest_route=\/wp\/v2\/posts\/3693"}],"collection":[{"href":"https:\/\/pasaenmendoza.com\/index.php?rest_route=\/wp\/v2\/posts"}],"about":[{"href":"https:\/\/pasaenmendoza.com\/index.php?rest_route=\/wp\/v2\/types\/post"}],"author":[{"embeddable":true,"href":"https:\/\/pasaenmendoza.com\/index.php?rest_route=\/wp\/v2\/users\/2"}],"replies":[{"embeddable":true,"href":"https:\/\/pasaenmendoza.com\/index.php?rest_route=%2Fwp%2Fv2%2Fcomments&post=3693"}],"version-history":[{"count":1,"href":"https:\/\/pasaenmendoza.com\/index.php?rest_route=\/wp\/v2\/posts\/3693\/revisions"}],"predecessor-version":[{"id":3696,"href":"https:\/\/pasaenmendoza.com\/index.php?rest_route=\/wp\/v2\/posts\/3693\/revisions\/3696"}],"wp:featuredmedia":[{"embeddable":true,"href":"https:\/\/pasaenmendoza.com\/index.php?rest_route=\/wp\/v2\/media\/3695"}],"wp:attachment":[{"href":"https:\/\/pasaenmendoza.com\/index.php?rest_route=%2Fwp%2Fv2%2Fmedia&parent=3693"}],"wp:term":[{"taxonomy":"category","embeddable":true,"href":"https:\/\/pasaenmendoza.com\/index.php?rest_route=%2Fwp%2Fv2%2Fcategories&post=3693"},{"taxonomy":"post_tag","embeddable":true,"href":"https:\/\/pasaenmendoza.com\/index.php?rest_route=%2Fwp%2Fv2%2Ftags&post=3693"}],"curies":[{"name":"wp","href":"https:\/\/api.w.org\/{rel}","templated":true}]}}