{"id":3701,"date":"2023-12-12T13:12:36","date_gmt":"2023-12-12T12:12:36","guid":{"rendered":"https:\/\/pasaenmendoza.com\/?p=3701"},"modified":"2023-12-12T13:12:37","modified_gmt":"2023-12-12T12:12:37","slug":"manuel-adorni-vocero-de-javier-milei-anticipo-que-el-pais-se-encamina-hacia-una-hiperinflacion","status":"publish","type":"post","link":"https:\/\/pasaenmendoza.com\/?p=3701","title":{"rendered":"Manuel Adorni, vocero de Javier Milei, anticip\u00f3 que el pa\u00eds &#8220;se encamina hacia una hiperinflaci\u00f3n&#8221;"},"content":{"rendered":"\n<p>&#8220;Nos encaminamos hacia una hiperinflaci\u00f3n; esperamos poder evitarla&#8221;. As\u00ed arranc\u00f3 el segundo d\u00eda h\u00e1bil de la gesti\u00f3n<strong>\u00a0Javier Milei<\/strong>\u00a0en Casa Rosada con esta aseveraci\u00f3n del vocero presidencial,\u00a0<strong>Manuel Adorni<\/strong>.<\/p>\n\n\n\n<p>Fue durante una\u00a0<strong>breve conferencia<\/strong>, en la previa de los esperados anuncios econ\u00f3micos a cargo de\u00a0<strong>Luis Caputo<\/strong>\u00a0y de la segunda reuni\u00f3n de gabinete encabezada por el primer mandatario nacional.<\/p>\n\n\n\n<p><strong>&#8220;La situaci\u00f3n es cr\u00edtica&#8221;<\/strong>, dijo el portavoz, y subray\u00f3 que el Gobierno recibe &#8220;una Argentina con 45% de pobreza y 200% de inflaci\u00f3n anualizada&#8221;.<\/p>\n\n\n\n<p>Agreg\u00f3 problemas de empleo, de salario y en el comercio exterior, lo que complejiza a\u00fan m\u00e1s el panorama y los posibles caminos.<\/p>\n\n\n\n<p><strong>Las contrataciones que el Estado nacional firm\u00f3 durante el \u00faltimo a\u00f1o &#8220;est\u00e1n en revisi\u00f3n desde este lunes&#8221;<\/strong>, explic\u00f3 el portavoz mientras diversas figuras del \u00e1rea econ\u00f3mica llegaban a Casa Rosada.<\/p>\n\n\n\n<p>Adorni dio detalles sobre los primeros entes del Estado Nacional eliminados en las primeras horas de la nueva gesti\u00f3n presidencial.<\/p>\n\n\n\n<p><strong>&#8220;Se pas\u00f3 de 18 a nueve ministerios (es decir que se practic\u00f3 el 50% de reducci\u00f3n), de 106 a 54 secretar\u00edas (con el 49% de reducci\u00f3n) y de 182 a 140 subsecretar\u00edas (23% de reducci\u00f3n)&#8221;, recalc\u00f3.<\/strong><\/p>\n\n\n\n<p>El portavoz confirm\u00f3 que durante la tarde de este martes,<strong>\u00a0Luis Caputo<\/strong>, ministro de Econom\u00eda, dar\u00e1 a conocer una bater\u00eda de medidas econ\u00f3micas.<\/p>\n\n\n\n<p><strong>Fuente: www.diariouno.com.ar<\/strong><\/p>\n","protected":false},"excerpt":{"rendered":"<p>&#8220;Nos encaminamos hacia una hiperinflaci\u00f3n; esperamos poder evitarla&#8221;. As\u00ed arranc\u00f3 el segundo d\u00eda h\u00e1bil de la gesti\u00f3n\u00a0Javier Milei\u00a0en Casa Rosada con esta aseveraci\u00f3n del vocero presidencial,\u00a0Manuel Adorni. Fue durante una\u00a0breve conferencia, en la previa de los esperados anuncios econ\u00f3micos a cargo de\u00a0Luis Caputo\u00a0y de la segunda reuni\u00f3n de gabinete encabezada por el primer mandatario nacional. [&hellip;]<\/p>\n","protected":false},"author":2,"featured_media":3702,"comment_status":"open","ping_status":"open","sticky":false,"template":"","format":"standard","meta":[],"categories":[75],"tags":[],"_links":{"self":[{"href":"https:\/\/pasaenmendoza.com\/index.php?rest_route=\/wp\/v2\/posts\/3701"}],"collection":[{"href":"https:\/\/pasaenmendoza.com\/index.php?rest_route=\/wp\/v2\/posts"}],"about":[{"href":"https:\/\/pasaenmendoza.com\/index.php?rest_route=\/wp\/v2\/types\/post"}],"author":[{"embeddable":true,"href":"https:\/\/pasaenmendoza.com\/index.php?rest_route=\/wp\/v2\/users\/2"}],"replies":[{"embeddable":true,"href":"https:\/\/pasaenmendoza.com\/index.php?rest_route=%2Fwp%2Fv2%2Fcomments&post=3701"}],"version-history":[{"count":1,"href":"https:\/\/pasaenmendoza.com\/index.php?rest_route=\/wp\/v2\/posts\/3701\/revisions"}],"predecessor-version":[{"id":3703,"href":"https:\/\/pasaenmendoza.com\/index.php?rest_route=\/wp\/v2\/posts\/3701\/revisions\/3703"}],"wp:featuredmedia":[{"embeddable":true,"href":"https:\/\/pasaenmendoza.com\/index.php?rest_route=\/wp\/v2\/media\/3702"}],"wp:attachment":[{"href":"https:\/\/pasaenmendoza.com\/index.php?rest_route=%2Fwp%2Fv2%2Fmedia&parent=3701"}],"wp:term":[{"taxonomy":"category","embeddable":true,"href":"https:\/\/pasaenmendoza.com\/index.php?rest_route=%2Fwp%2Fv2%2Fcategories&post=3701"},{"taxonomy":"post_tag","embeddable":true,"href":"https:\/\/pasaenmendoza.com\/index.php?rest_route=%2Fwp%2Fv2%2Ftags&post=3701"}],"curies":[{"name":"wp","href":"https:\/\/api.w.org\/{rel}","templated":true}]}}